{"id":25827,"date":"2022-04-30T11:54:14","date_gmt":"2022-04-30T14:54:14","guid":{"rendered":"https:\/\/justicapotiguar.com.br\/?p=25827"},"modified":"2022-04-30T11:54:14","modified_gmt":"2022-04-30T14:54:14","slug":"juiza-arquiva-processo-contra-padre-robson-de-oliveira-e-manda-apagar-materiais-apreendidos-na-investigacao","status":"publish","type":"post","link":"https:\/\/justicapotiguar.com.br\/index.php\/2022\/04\/30\/juiza-arquiva-processo-contra-padre-robson-de-oliveira-e-manda-apagar-materiais-apreendidos-na-investigacao\/","title":{"rendered":"Ju\u00edza arquiva processo contra padre Robson de Oliveira e manda apagar materiais apreendidos na investiga\u00e7\u00e3o"},"content":{"rendered":"\n<p>A ju\u00edza Placidina Pires, do Tribunal de Justi\u00e7a de Goi\u00e1s (RJ-GO), mandou arquivar nesta quinta-feira (28) a a\u00e7\u00e3o penal que tramitava na corte contra o padre\u00a0<a href=\"https:\/\/g1.globo.com\/tudo-sobre\/robson-de-oliveira\/\">Robson de Oliveira<\/a>. Com o arquivamento, a magistrada tamb\u00e9m mandou apagar os materiais apreendidos durante a investiga\u00e7\u00e3o que eram usados como provas.<\/p>\n\n\n\n<p>A magistrada levou em considera\u00e7\u00e3o o tr\u00e2nsito em julgado da decis\u00e3o da Primeira C\u00e2mara Criminal, que deu a&nbsp;<a href=\"https:\/\/g1.globo.com\/go\/goias\/noticia\/2020\/10\/06\/justica-tranca-acao-que-apura-padre-robson-por-suspeita-de-desvios-na-afipe.ghtml\">primeira ordem de trancamento da investiga\u00e7\u00e3o<\/a>, em 2020, e o&nbsp;<a href=\"https:\/\/g1.globo.com\/go\/goias\/noticia\/2022\/04\/18\/stj-arquiva-definitivamente-processo-contra-padre-robson-por-supostos-desvios-de-dinheiro-da-afipe.ghtml\">arquivamento do processo no Superior Tribunal de Justi\u00e7a<\/a>&nbsp;(STJ), em 18 de abril deste ano.<\/p>\n\n\n\n<figure class=\"wp-block-image size-large\"><img loading=\"lazy\" width=\"655\" height=\"379\" src=\"https:\/\/justicapotiguar.com.br\/wp-content\/uploads\/2021\/05\/padre-robson.png\" alt=\"\" class=\"wp-image-18988\" srcset=\"https:\/\/justicapotiguar.com.br\/wp-content\/uploads\/2021\/05\/padre-robson.png 655w, https:\/\/justicapotiguar.com.br\/wp-content\/uploads\/2021\/05\/padre-robson-300x174.png 300w\" sizes=\"(max-width: 655px) 100vw, 655px\" \/><figcaption>Reprodu\u00e7\u00e3o<\/figcaption><\/figure>\n\n\n\n<p>O padre&nbsp;<a href=\"https:\/\/g1.globo.com\/tudo-sobre\/robson-de-oliveira\/\">Robson de Oliveira<\/a>&nbsp;era suspeito de&nbsp;<a href=\"https:\/\/g1.globo.com\/go\/goias\/noticia\/2020\/12\/10\/padre-robson-e-outros-17-se-tornam-reus-por-suspeita-de-desvio-de-dinheiro-doado-por-fieis-a-afipe.ghtml\">comandar desvios milion\u00e1rios de dinheiro doado por fi\u00e9is \u00e0 Associa\u00e7\u00e3o Filhos do Pai Eterno<\/a>&nbsp;(Afipe). Ele foi denunciado pelo Minist\u00e9rio P\u00fablico de Goi\u00e1s (MP-GO) por organiza\u00e7\u00e3o criminosa, apropria\u00e7\u00e3o ind\u00e9bita, falsidade ideol\u00f3gica e lavagem do dinheiro. O padre sempre negou as acusa\u00e7\u00f5es.<\/p>\n\n\n\n<p>A magistrada tamb\u00e9m mandou a \u00e1rea de inform\u00e1tica do tribunal formatar todas as m\u00eddias (HD\u00b4s e pen drive\u00b4s) que cont\u00eam informa\u00e7\u00f5es da investiga\u00e7\u00e3o feita pelo MP contra o padre e depois devolver os equipamentos aos donos.<\/p><div class=\"knqcn69f26587df376\" ><!--<a href=\"https:\/\/bit.ly\/3QdrqTZ\" target=\"_blank\">\n<img src=\"https:\/\/justicapotiguar.com.br\/wp-content\/uploads\/2023\/09\/mobile-geral.gif\"\/><a\/>--><\/div><style type=\"text\/css\">\r\n.knqcn69f26587df376 {\r\ntext-align: center;\r\n}\r\n@media screen and (min-width: 1201px) {\r\n.knqcn69f26587df376 {\r\ndisplay: none;\r\n}\r\n}\r\n@media screen and (min-width: 993px) and (max-width: 1200px) {\r\n.knqcn69f26587df376 {\r\ndisplay: none;\r\n}\r\n}\r\n@media screen and (min-width: 769px) and (max-width: 992px) {\r\n.knqcn69f26587df376 {\r\ndisplay: none;\r\n}\r\n}\r\n@media screen and (min-width: 768px) and (max-width: 768px) {\r\n.knqcn69f26587df376 {\r\ndisplay: block;\r\n}\r\n}\r\n@media screen and (max-width: 767px) {\r\n.knqcn69f26587df376 {\r\ndisplay: block;\r\n}\r\n}\r\n<\/style>\r\n<div class=\"bbycg69f26587df356\" ><!--<a href=\"https:\/\/bit.ly\/3QdrqTZ\" target=\"_blank\">\n<img src=\"https:\/\/justicapotiguar.com.br\/wp-content\/uploads\/2023\/09\/desktop-geral.gif\"\/><a\/>--><\/div><style type=\"text\/css\">\r\n.bbycg69f26587df356 {\r\ntext-align: center;\nmargin-bottom: 1em;\r\n}\r\n@media screen and (min-width: 1201px) {\r\n.bbycg69f26587df356 {\r\ndisplay: block;\r\n}\r\n}\r\n@media screen and (min-width: 993px) and (max-width: 1200px) {\r\n.bbycg69f26587df356 {\r\ndisplay: block;\r\n}\r\n}\r\n@media screen and (min-width: 769px) and (max-width: 992px) {\r\n.bbycg69f26587df356 {\r\ndisplay: block;\r\n}\r\n}\r\n@media screen and (min-width: 768px) and (max-width: 768px) {\r\n.bbycg69f26587df356 {\r\ndisplay: none;\r\n}\r\n}\r\n@media screen and (max-width: 767px) {\r\n.bbycg69f26587df356 {\r\ndisplay: none;\r\n}\r\n}\r\n<\/style>\r\n\n\n\n\n<p>Em rela\u00e7\u00e3o aos CD\u00b4s e DVD\u00b4s com arquivos sigilosos do processo, a ju\u00edza autorizou a destrui\u00e7\u00e3o por n\u00e3o ter valor econ\u00f4mico.<\/p>\n\n\n\n<p>&#8220;Quanto ao material probat\u00f3rio, autorizo a entrega dos dispositivos eletr\u00f4nicos apreendidos com os investigados durante o cumprimento das buscas e apreens\u00f5es que se encontram guardados na escrivania (UPJ) e no Dep\u00f3sito P\u00fablico aos seus leg\u00edtimos propriet\u00e1rios&#8221;, determinou a magistrada.<\/p>\n\n\n\n<p>G1<\/p>\n","protected":false},"excerpt":{"rendered":"<p>A ju\u00edza Placidina Pires, do Tribunal de Justi\u00e7a de Goi\u00e1s (RJ-GO), mandou arquivar nesta quinta-feira (28) a a\u00e7\u00e3o penal que tramitava na corte contra o padre\u00a0Robson de Oliveira. Com o arquivamento, a magistrada tamb\u00e9m mandou apagar os materiais apreendidos durante a investiga\u00e7\u00e3o que eram usados como provas. A magistrada levou em considera\u00e7\u00e3o o tr\u00e2nsito em<br \/><a class=\"more-link\" href=\"https:\/\/justicapotiguar.com.br\/index.php\/2022\/04\/30\/juiza-arquiva-processo-contra-padre-robson-de-oliveira-e-manda-apagar-materiais-apreendidos-na-investigacao\/\">Mais&#8230;<\/a><\/p>\n","protected":false},"author":5,"featured_media":0,"comment_status":"open","ping_status":"open","sticky":false,"template":"","format":"standard","meta":[],"categories":[1],"tags":[],"_links":{"self":[{"href":"https:\/\/justicapotiguar.com.br\/index.php\/wp-json\/wp\/v2\/posts\/25827"}],"collection":[{"href":"https:\/\/justicapotiguar.com.br\/index.php\/wp-json\/wp\/v2\/posts"}],"about":[{"href":"https:\/\/justicapotiguar.com.br\/index.php\/wp-json\/wp\/v2\/types\/post"}],"author":[{"embeddable":true,"href":"https:\/\/justicapotiguar.com.br\/index.php\/wp-json\/wp\/v2\/users\/5"}],"replies":[{"embeddable":true,"href":"https:\/\/justicapotiguar.com.br\/index.php\/wp-json\/wp\/v2\/comments?post=25827"}],"version-history":[{"count":1,"href":"https:\/\/justicapotiguar.com.br\/index.php\/wp-json\/wp\/v2\/posts\/25827\/revisions"}],"predecessor-version":[{"id":25828,"href":"https:\/\/justicapotiguar.com.br\/index.php\/wp-json\/wp\/v2\/posts\/25827\/revisions\/25828"}],"wp:attachment":[{"href":"https:\/\/justicapotiguar.com.br\/index.php\/wp-json\/wp\/v2\/media?parent=25827"}],"wp:term":[{"taxonomy":"category","embeddable":true,"href":"https:\/\/justicapotiguar.com.br\/index.php\/wp-json\/wp\/v2\/categories?post=25827"},{"taxonomy":"post_tag","embeddable":true,"href":"https:\/\/justicapotiguar.com.br\/index.php\/wp-json\/wp\/v2\/tags?post=25827"}],"curies":[{"name":"wp","href":"https:\/\/api.w.org\/{rel}","templated":true}]}}