{"id":2580,"date":"2019-09-25T20:16:38","date_gmt":"2019-09-25T23:16:38","guid":{"rendered":"https:\/\/justicapotiguar.com.br\/?p=2580"},"modified":"2019-09-25T18:52:18","modified_gmt":"2019-09-25T21:52:18","slug":"servidor-do-stj-que-xingou-mulheres-com-perfil-no-tinder-e-condenado-por-dano-coletivo","status":"publish","type":"post","link":"https:\/\/justicapotiguar.com.br\/index.php\/2019\/09\/25\/servidor-do-stj-que-xingou-mulheres-com-perfil-no-tinder-e-condenado-por-dano-coletivo\/","title":{"rendered":"Servidor do STJ que xingou mulheres com perfil no Tinder \u00e9 condenado por dano coletivo"},"content":{"rendered":"\n<p>Um servidor do STJ foi condenado na Justi\u00e7a por danos morais coletivos por viola\u00e7\u00e3o de privacidade, da honra e da intimidade de mulheres com perfil no Tinder, um aplicativo de relacionamento. Decis\u00e3o \u00e9 do juiz de Direito substituto Jo\u00e3o Gabriel Ribeiro Pereira Silva, da 13\u00aa vara C\u00edvel de Bras\u00edlia\/DF.<\/p>\n\n\n\n<p>O homem mantinha blog an\u00f4nimo, denominado Hipocrisia Feminina, pelo qual difundia ofensas e humilha\u00e7\u00f5es contra usu\u00e1rias do aplicativo. Entre as ofensas estavam \u201cbiscates interesseiras\u201d, &#8220;gorda, estrienta, pelancuda&#8221;, \u201cburras\u201d, \u201cmachistas enrustidas\u201d, \u201cf\u00fateis\u201d e \u201calienadas que vivem de apar\u00eancia\u201d.<\/p>\n\n\n\n<p>Pela decis\u00e3o, ele ter\u00e1 de pagar indeniza\u00e7\u00e3o de R$ 30 mil, que ser\u00e1 destinada ao Fundo de Defesa de Direitos Difusos, e deve retirar o conte\u00fado do ar.<\/p>\n\n\n\n<figure class=\"wp-block-image\"><img src=\"https:\/\/www.globalframe.com.br\/gf_base\/empresas\/MIGA\/imagens\/9B8F2F6AE7049B004D7D445FC11F3E27F69B_tinder.png\" alt=\"t\"\/><figcaption>Foto: Reprodu\u00e7\u00e3o<\/figcaption><\/figure>\n\n\n\n<p><strong>Expectativas<\/strong><\/p>\n\n\n\n<p>A ACP foi impetrada pelo MP\/DF ap\u00f3s a pol\u00edcia apontar o r\u00e9u como respons\u00e1vel pela p\u00e1gina e pelas contas de e-mails vinculadas ao blog. Tamb\u00e9m constatou-se que os IPs utilizados para gerenciamento do blog e emails eram origin\u00e1rios do Poder P\u00fablico, do Serpro e do STJ, \u00f3rg\u00e3o do qual o autor das postagens \u00e9 servidor.<\/p>\n\n\n\n<p>De acordo com a apura\u00e7\u00e3o da Unidade Especial de Prote\u00e7\u00e3o de Dados e Intelig\u00eancia Artificial e do N\u00facleo de G\u00eanero do MP, o homem acessava os perfis das v\u00edtimas para copiar fotos, perfis e redes sociais, al\u00e9m de nome, idade e profiss\u00e3o.&nbsp;Em depoimento na Delegacia Especial de Atendimento \u00e0 Mulher, ele teria assumido a autoria da p\u00e1gina, mas destacou que se tratava de &#8220;<em>exerc\u00edcio da liberdade de imprensa e de opini\u00e3o<\/em>&#8221; ao realizar investiga\u00e7\u00e3o de perfis que apresentavam informa\u00e7\u00f5es falsas.<\/p>\n\n\n\n<p>Em sua defesa, o r\u00e9u tamb\u00e9m afirmou que, &#8220;<em>ao contr\u00e1rio do que alega o \u00f3rg\u00e3o acusador, em momento algum agiu com misoginia<\/em>&#8220;, e que &#8220;<em>a cria\u00e7\u00e3o do blog e suas publica\u00e7\u00f5es s\u00e3o fruto de uma enorme decep\u00e7\u00e3o pessoal e de v\u00e1rias pessoas em rela\u00e7\u00e3o \u00e0s expectativas que s\u00e3o criadas ao se iniciar um relacionamento em ambiente virtual<\/em>\u201d.<\/p><div class=\"ghqeb69f43e5e1c2c5\" ><!--<a href=\"https:\/\/bit.ly\/3QdrqTZ\" target=\"_blank\">\n<img src=\"https:\/\/justicapotiguar.com.br\/wp-content\/uploads\/2023\/09\/mobile-geral.gif\"\/><a\/>--><\/div><style type=\"text\/css\">\r\n.ghqeb69f43e5e1c2c5 {\r\ntext-align: center;\r\n}\r\n@media screen and (min-width: 1201px) {\r\n.ghqeb69f43e5e1c2c5 {\r\ndisplay: none;\r\n}\r\n}\r\n@media screen and (min-width: 993px) and (max-width: 1200px) {\r\n.ghqeb69f43e5e1c2c5 {\r\ndisplay: none;\r\n}\r\n}\r\n@media screen and (min-width: 769px) and (max-width: 992px) {\r\n.ghqeb69f43e5e1c2c5 {\r\ndisplay: none;\r\n}\r\n}\r\n@media screen and (min-width: 768px) and (max-width: 768px) {\r\n.ghqeb69f43e5e1c2c5 {\r\ndisplay: block;\r\n}\r\n}\r\n@media screen and (max-width: 767px) {\r\n.ghqeb69f43e5e1c2c5 {\r\ndisplay: block;\r\n}\r\n}\r\n<\/style>\r\n<div class=\"tdpay69f43e5e1c2a7\" ><!--<a href=\"https:\/\/bit.ly\/3QdrqTZ\" target=\"_blank\">\n<img src=\"https:\/\/justicapotiguar.com.br\/wp-content\/uploads\/2023\/09\/desktop-geral.gif\"\/><a\/>--><\/div><style type=\"text\/css\">\r\n.tdpay69f43e5e1c2a7 {\r\ntext-align: center;\nmargin-bottom: 1em;\r\n}\r\n@media screen and (min-width: 1201px) {\r\n.tdpay69f43e5e1c2a7 {\r\ndisplay: block;\r\n}\r\n}\r\n@media screen and (min-width: 993px) and (max-width: 1200px) {\r\n.tdpay69f43e5e1c2a7 {\r\ndisplay: block;\r\n}\r\n}\r\n@media screen and (min-width: 769px) and (max-width: 992px) {\r\n.tdpay69f43e5e1c2a7 {\r\ndisplay: block;\r\n}\r\n}\r\n@media screen and (min-width: 768px) and (max-width: 768px) {\r\n.tdpay69f43e5e1c2a7 {\r\ndisplay: none;\r\n}\r\n}\r\n@media screen and (max-width: 767px) {\r\n.tdpay69f43e5e1c2a7 {\r\ndisplay: none;\r\n}\r\n}\r\n<\/style>\r\n\n\n\n\n<p>Por fim, relatou que&nbsp;nunca utilizou informa\u00e7\u00f5es privadas em suas publica\u00e7\u00f5es, mas apenas informa\u00e7\u00f5es p\u00fablicas encontradas em redes sociais.<\/p>\n\n\n\n<p><strong>Decis\u00e3o<\/strong><\/p>\n\n\n\n<p>Na an\u00e1lise do magistrado, diferentemente do que alega o r\u00e9u, o homem se valeu de tais materiais para rotular as mulheres conforme padr\u00f5es de beleza, exerc\u00edcio de sua vida privada e relacionamentos, bem como em rela\u00e7\u00e3o \u00e0 pr\u00e1tica religiosa e comportamento social apresentado, &#8220;<em>sendo a hip\u00f3tese not\u00f3ria de &#8216;discurso de \u00f3dio&#8217;, o qual j\u00e1 foi considerado pelo STF totalmente incompat\u00edvel com o conte\u00fado do preceito constitucional relativo \u00e0 liberdade de express\u00e3o&#8221;<\/em>.<\/p>\n\n\n\n<p>O magistrado destacou ser \u00f3bvio que qualquer cidad\u00e3o, ao publicar imagens pessoais em redes sociais, &#8220;<em>n\u00e3o o faz conferindo consentimento imediato para que a mesma seja utilizada de forma humilhante<\/em>&#8220;, e&nbsp;que n\u00e3o se descarta a possibilidade de que o requerido tinha em mente o mero interesse de se divertir, ou entendia estar abrigado pela concord\u00e2ncia de uma parcela do p\u00fablico feminino. &#8220;<em>Tais aspectos, entretanto, apenas evidenciam o grau de arraigamento da cultura patriarcal atualmente existente na sociedade brasileira<\/em>.&#8221;<\/p>\n\n\n\n<p>O julgador citou documentos internacionais que destacam a import\u00e2ncia de se combater casos como esse, como a Carta de Princ\u00edpios de Yogyakarta, e a Confer\u00eancia Mundial dos Direitos Humanos, que reconhece que &#8220;<em>a viol\u00eancia de g\u00eanero e todas as formas de ass\u00e9dio e explora\u00e7\u00e3o sexual s\u00e3o incompat\u00edveis com a dignidade e o valor da pessoa humana e devem ser eliminadas<\/em>&#8220;.<\/p>\n\n\n\n<p>Ainda na senten\u00e7a, destaca que a conduta do r\u00e9u feriu diretamente o direito constitucional da privacidade e da dignidade da pessoa humana.<\/p>\n\n\n\n<p><em>&#8220;O grau de reprovabilidade da conduta tamb\u00e9m \u00e9 alto, haja vista ter sido perpetrada atrav\u00e9s de dom\u00ednio aberto na rede mundial de computadores, o qual, inclusive, teve milhares de acessos, contribuindo para disseminar o discurso de \u00f3dio do autor no meio de parcela relevante da sociedade.&#8221;<\/em><\/p>\n","protected":false},"excerpt":{"rendered":"<p>Denominado hipocrisia feminina, blog tinha xingamentos como &#8220;biscates interesseiras&#8221; e &#8220;alienadas que vivem de apar\u00eancia&#8221;.<\/p>\n<p><a class=\"more-link\" href=\"https:\/\/justicapotiguar.com.br\/index.php\/2019\/09\/25\/servidor-do-stj-que-xingou-mulheres-com-perfil-no-tinder-e-condenado-por-dano-coletivo\/\">Mais&#8230;<\/a><\/p>\n","protected":false},"author":5,"featured_media":2581,"comment_status":"open","ping_status":"open","sticky":false,"template":"","format":"standard","meta":[],"categories":[3],"tags":[],"_links":{"self":[{"href":"https:\/\/justicapotiguar.com.br\/index.php\/wp-json\/wp\/v2\/posts\/2580"}],"collection":[{"href":"https:\/\/justicapotiguar.com.br\/index.php\/wp-json\/wp\/v2\/posts"}],"about":[{"href":"https:\/\/justicapotiguar.com.br\/index.php\/wp-json\/wp\/v2\/types\/post"}],"author":[{"embeddable":true,"href":"https:\/\/justicapotiguar.com.br\/index.php\/wp-json\/wp\/v2\/users\/5"}],"replies":[{"embeddable":true,"href":"https:\/\/justicapotiguar.com.br\/index.php\/wp-json\/wp\/v2\/comments?post=2580"}],"version-history":[{"count":1,"href":"https:\/\/justicapotiguar.com.br\/index.php\/wp-json\/wp\/v2\/posts\/2580\/revisions"}],"predecessor-version":[{"id":2582,"href":"https:\/\/justicapotiguar.com.br\/index.php\/wp-json\/wp\/v2\/posts\/2580\/revisions\/2582"}],"wp:featuredmedia":[{"embeddable":true,"href":"https:\/\/justicapotiguar.com.br\/index.php\/wp-json\/wp\/v2\/media\/2581"}],"wp:attachment":[{"href":"https:\/\/justicapotiguar.com.br\/index.php\/wp-json\/wp\/v2\/media?parent=2580"}],"wp:term":[{"taxonomy":"category","embeddable":true,"href":"https:\/\/justicapotiguar.com.br\/index.php\/wp-json\/wp\/v2\/categories?post=2580"},{"taxonomy":"post_tag","embeddable":true,"href":"https:\/\/justicapotiguar.com.br\/index.php\/wp-json\/wp\/v2\/tags?post=2580"}],"curies":[{"name":"wp","href":"https:\/\/api.w.org\/{rel}","templated":true}]}}