{"id":2576,"date":"2019-09-25T15:25:42","date_gmt":"2019-09-25T18:25:42","guid":{"rendered":"https:\/\/justicapotiguar.com.br\/?p=2576"},"modified":"2019-09-25T11:57:03","modified_gmt":"2019-09-25T14:57:03","slug":"presos-do-rn-receberao-assistencia-juridica-por-meio-de-universitarios","status":"publish","type":"post","link":"https:\/\/justicapotiguar.com.br\/index.php\/2019\/09\/25\/presos-do-rn-receberao-assistencia-juridica-por-meio-de-universitarios\/","title":{"rendered":"Presos do RN receber\u00e3o assist\u00eancia jur\u00eddica por meio de universit\u00e1rios"},"content":{"rendered":"\n<figure class=\"wp-block-image\"><img loading=\"lazy\" width=\"1024\" height=\"768\" src=\"https:\/\/justicapotiguar.com.br\/wp-content\/uploads\/2019\/09\/unnamed-3-1024x768.jpg\" alt=\"\" class=\"wp-image-2578\" srcset=\"https:\/\/justicapotiguar.com.br\/wp-content\/uploads\/2019\/09\/unnamed-3-1024x768.jpg 1024w, https:\/\/justicapotiguar.com.br\/wp-content\/uploads\/2019\/09\/unnamed-3-300x225.jpg 300w, https:\/\/justicapotiguar.com.br\/wp-content\/uploads\/2019\/09\/unnamed-3-768x576.jpg 768w, https:\/\/justicapotiguar.com.br\/wp-content\/uploads\/2019\/09\/unnamed-3.jpg 1032w\" sizes=\"(max-width: 1024px) 100vw, 1024px\" \/><figcaption>Foto: Divulga\u00e7\u00e3o<\/figcaption><\/figure>\n\n\n\n<p>\n\nPresos do Rio Grande do Norte receber\u00e3o assist\u00eancia jur\u00eddica gratuita em uma a\u00e7\u00e3o que poder\u00e1 auxiliar muitos daqueles que permanecem nessa condi\u00e7\u00e3o por falta de acompanhamento jur\u00eddico. A iniciativa pioneira ser\u00e1 iniciada no segundo semestre de 2019, atrav\u00e9s de uma parceria entre o Governo do Estado e a Universidade Potiguar, integrante da rede Laureate.<\/p>\n\n\n\n<p>\u201cO projeto ser\u00e1 realizado pelos alunos e professores da disciplina Est\u00e1gio de Pr\u00e1tica Supervisionada \u2013 Penal. Nossa interven\u00e7\u00e3o ter\u00e1 um grande impacto social, garantindo o direito daqueles que est\u00e3o presos indevidamente, bem como auxiliando na redu\u00e7\u00e3o da superlota\u00e7\u00e3o carcer\u00e1ria\u201d, afirma o Coordenador do Curso de Direito, prof. Fillipe Azevedo.<\/p>\n\n\n\n<p>Ele acrescenta que a a\u00e7\u00e3o tamb\u00e9m repercute em um maior aprendizado dos nossos alunos, vivenciando casos pr\u00e1ticos ao conhecerem processos judiciais reais. Atualmente, no RN, h\u00e1 cerca de 10 mil apenados e presos processuais.<\/p>\n\n\n\n<p>No dia 3 de setembro, o Prof. Fillipe se reuniu com o Secret\u00e1rio de Estado da Administra\u00e7\u00e3o Penitenci\u00e1ria, Pedro Flor\u00eancio, para tra\u00e7ar estrat\u00e9gias para atua\u00e7\u00e3o dos alunos ligados ao N\u00facleo de Pr\u00e1tica Jur\u00eddica (NPJ) em apoio \u00e0 Defensoria P\u00fablica do Estado.<\/p><div class=\"ovstx69f48c9b4cf2f\" ><!--<a href=\"https:\/\/bit.ly\/3QdrqTZ\" target=\"_blank\">\n<img src=\"https:\/\/justicapotiguar.com.br\/wp-content\/uploads\/2023\/09\/mobile-geral.gif\"\/><a\/>--><\/div><style type=\"text\/css\">\r\n.ovstx69f48c9b4cf2f {\r\ntext-align: center;\r\n}\r\n@media screen and (min-width: 1201px) {\r\n.ovstx69f48c9b4cf2f {\r\ndisplay: none;\r\n}\r\n}\r\n@media screen and (min-width: 993px) and (max-width: 1200px) {\r\n.ovstx69f48c9b4cf2f {\r\ndisplay: none;\r\n}\r\n}\r\n@media screen and (min-width: 769px) and (max-width: 992px) {\r\n.ovstx69f48c9b4cf2f {\r\ndisplay: none;\r\n}\r\n}\r\n@media screen and (min-width: 768px) and (max-width: 768px) {\r\n.ovstx69f48c9b4cf2f {\r\ndisplay: block;\r\n}\r\n}\r\n@media screen and (max-width: 767px) {\r\n.ovstx69f48c9b4cf2f {\r\ndisplay: block;\r\n}\r\n}\r\n<\/style>\r\n<div class=\"clnxf69f48c9b4cf1a\" ><!--<a href=\"https:\/\/bit.ly\/3QdrqTZ\" target=\"_blank\">\n<img src=\"https:\/\/justicapotiguar.com.br\/wp-content\/uploads\/2023\/09\/desktop-geral.gif\"\/><a\/>--><\/div><style type=\"text\/css\">\r\n.clnxf69f48c9b4cf1a {\r\ntext-align: center;\nmargin-bottom: 1em;\r\n}\r\n@media screen and (min-width: 1201px) {\r\n.clnxf69f48c9b4cf1a {\r\ndisplay: block;\r\n}\r\n}\r\n@media screen and (min-width: 993px) and (max-width: 1200px) {\r\n.clnxf69f48c9b4cf1a {\r\ndisplay: block;\r\n}\r\n}\r\n@media screen and (min-width: 769px) and (max-width: 992px) {\r\n.clnxf69f48c9b4cf1a {\r\ndisplay: block;\r\n}\r\n}\r\n@media screen and (min-width: 768px) and (max-width: 768px) {\r\n.clnxf69f48c9b4cf1a {\r\ndisplay: none;\r\n}\r\n}\r\n@media screen and (max-width: 767px) {\r\n.clnxf69f48c9b4cf1a {\r\ndisplay: none;\r\n}\r\n}\r\n<\/style>\r\n\n\n\n\n<p><strong>Atua\u00e7\u00e3o<\/strong><br>Em reuni\u00e3o com o Defensor Geral do Estado, Marcus Alves, a Coordena\u00e7\u00e3o do NPJ definiu como atua\u00e7\u00e3o um trabalho com os apenados em unidades prisionais, permitindo maior impacto social e de aprendizado dos alunos, sendo mais complexo do que a atividade nos Centros Deten\u00e7\u00e3o Provis\u00f3rios.<\/p>\n\n\n\n<p>Os alunos ser\u00e3o capacitados e acompanhados pessoalmente pelo defensor Serjano Torquato, que cuida das execu\u00e7\u00f5es penais. Na oportunidade, os estudantes poder\u00e3o acessar e visualizar os processos pela internet integralmente.<\/p>\n\n\n\n<p>\u201cO projeto est\u00e1 em fase de finaliza\u00e7\u00e3o de edital para publica\u00e7\u00e3o e sele\u00e7\u00e3o dos alunos que, ap\u00f3s capacitados, ir\u00e3o produzir as pe\u00e7as jur\u00eddicas com aux\u00edlio de nossos professores, sendo encaminhadas \u00e0 defensoria para ajuizamento e controle processual\u201d, explica a Coordenadora do NPJ, Profa. Mar\u00edlia Almeida.<br><\/p>\n","protected":false},"excerpt":{"rendered":"<p>Parceria com o Governo do Estado garantir\u00e1 o direito daqueles que est\u00e3o nessa condi\u00e7\u00e3o indevidamente<br \/>\n<br \/><a class=\"more-link\" href=\"https:\/\/justicapotiguar.com.br\/index.php\/2019\/09\/25\/presos-do-rn-receberao-assistencia-juridica-por-meio-de-universitarios\/\">Mais&#8230;<\/a><\/p>\n","protected":false},"author":5,"featured_media":2578,"comment_status":"open","ping_status":"open","sticky":false,"template":"","format":"standard","meta":[],"categories":[3],"tags":[],"_links":{"self":[{"href":"https:\/\/justicapotiguar.com.br\/index.php\/wp-json\/wp\/v2\/posts\/2576"}],"collection":[{"href":"https:\/\/justicapotiguar.com.br\/index.php\/wp-json\/wp\/v2\/posts"}],"about":[{"href":"https:\/\/justicapotiguar.com.br\/index.php\/wp-json\/wp\/v2\/types\/post"}],"author":[{"embeddable":true,"href":"https:\/\/justicapotiguar.com.br\/index.php\/wp-json\/wp\/v2\/users\/5"}],"replies":[{"embeddable":true,"href":"https:\/\/justicapotiguar.com.br\/index.php\/wp-json\/wp\/v2\/comments?post=2576"}],"version-history":[{"count":1,"href":"https:\/\/justicapotiguar.com.br\/index.php\/wp-json\/wp\/v2\/posts\/2576\/revisions"}],"predecessor-version":[{"id":2579,"href":"https:\/\/justicapotiguar.com.br\/index.php\/wp-json\/wp\/v2\/posts\/2576\/revisions\/2579"}],"wp:featuredmedia":[{"embeddable":true,"href":"https:\/\/justicapotiguar.com.br\/index.php\/wp-json\/wp\/v2\/media\/2578"}],"wp:attachment":[{"href":"https:\/\/justicapotiguar.com.br\/index.php\/wp-json\/wp\/v2\/media?parent=2576"}],"wp:term":[{"taxonomy":"category","embeddable":true,"href":"https:\/\/justicapotiguar.com.br\/index.php\/wp-json\/wp\/v2\/categories?post=2576"},{"taxonomy":"post_tag","embeddable":true,"href":"https:\/\/justicapotiguar.com.br\/index.php\/wp-json\/wp\/v2\/tags?post=2576"}],"curies":[{"name":"wp","href":"https:\/\/api.w.org\/{rel}","templated":true}]}}