{"id":25649,"date":"2022-04-21T13:22:00","date_gmt":"2022-04-21T16:22:00","guid":{"rendered":"https:\/\/justicapotiguar.com.br\/?p=25649"},"modified":"2022-04-21T13:22:34","modified_gmt":"2022-04-21T16:22:34","slug":"mendonca-se-defende-apos-voto-contra-silveira-e-fala-como-cristao-em-separar-o-joio-do-trigo","status":"publish","type":"post","link":"https:\/\/justicapotiguar.com.br\/index.php\/2022\/04\/21\/mendonca-se-defende-apos-voto-contra-silveira-e-fala-como-cristao-em-separar-o-joio-do-trigo\/","title":{"rendered":"Mendon\u00e7a se defende ap\u00f3s voto contra  Silveira e fala como crist\u00e3o em &#8216;separar o joio do trigo&#8217;"},"content":{"rendered":"\n<figure class=\"wp-block-image size-large\"><img loading=\"lazy\" width=\"535\" height=\"294\" src=\"https:\/\/justicapotiguar.com.br\/wp-content\/uploads\/2022\/04\/https__img.migalhas.com_.br__SL__gf_base__SL__empresas__SL__MIGA__SL__imagens__SL__2022__SL__04__SL__21__SL__88cff958-8082-42cf-ab90-f65d937802a2.png._PROC_CP65.png\" alt=\"\" class=\"wp-image-25650\" srcset=\"https:\/\/justicapotiguar.com.br\/wp-content\/uploads\/2022\/04\/https__img.migalhas.com_.br__SL__gf_base__SL__empresas__SL__MIGA__SL__imagens__SL__2022__SL__04__SL__21__SL__88cff958-8082-42cf-ab90-f65d937802a2.png._PROC_CP65.png 535w, https:\/\/justicapotiguar.com.br\/wp-content\/uploads\/2022\/04\/https__img.migalhas.com_.br__SL__gf_base__SL__empresas__SL__MIGA__SL__imagens__SL__2022__SL__04__SL__21__SL__88cff958-8082-42cf-ab90-f65d937802a2.png._PROC_CP65-300x165.png 300w\" sizes=\"(max-width: 535px) 100vw, 535px\" \/><\/figure>\n\n\n\n<p>Ap\u00f3s receber diversas cr\u00edticas, o ministro do STF, Andr\u00e9 Mendon\u00e7a, usou sua conta no Twitter para explicar seu voto a favor da condena\u00e7\u00e3o do deputado bolsonarista Daniel Silveira. &#8220;Mesmo podendo n\u00e3o ser compreendido, tenho convic\u00e7\u00e3o de que fiz o correto&#8221;, escreveu em seu perfil.<\/p>\n\n\n\n<p>Andr\u00e9 Mendon\u00e7a pontuou que, como &#8220;crist\u00e3o, n\u00e3o creio [que] tenha sido chamado para endossar comportamentos que incitam atos de viol\u00eancia contra pessoas determinadas; e como jurista, a avalizar graves amea\u00e7as f\u00edsicas contra quem quer que seja&#8221;.<\/p><div class=\"srcag69f394b8734f6\" ><!--<a href=\"https:\/\/bit.ly\/3QdrqTZ\" target=\"_blank\">\n<img src=\"https:\/\/justicapotiguar.com.br\/wp-content\/uploads\/2023\/09\/mobile-geral.gif\"\/><a\/>--><\/div><style type=\"text\/css\">\r\n.srcag69f394b8734f6 {\r\ntext-align: center;\r\n}\r\n@media screen and (min-width: 1201px) {\r\n.srcag69f394b8734f6 {\r\ndisplay: none;\r\n}\r\n}\r\n@media screen and (min-width: 993px) and (max-width: 1200px) {\r\n.srcag69f394b8734f6 {\r\ndisplay: none;\r\n}\r\n}\r\n@media screen and (min-width: 769px) and (max-width: 992px) {\r\n.srcag69f394b8734f6 {\r\ndisplay: none;\r\n}\r\n}\r\n@media screen and (min-width: 768px) and (max-width: 768px) {\r\n.srcag69f394b8734f6 {\r\ndisplay: block;\r\n}\r\n}\r\n@media screen and (max-width: 767px) {\r\n.srcag69f394b8734f6 {\r\ndisplay: block;\r\n}\r\n}\r\n<\/style>\r\n<div class=\"bppuf69f394b8734da\" ><!--<a href=\"https:\/\/bit.ly\/3QdrqTZ\" target=\"_blank\">\n<img src=\"https:\/\/justicapotiguar.com.br\/wp-content\/uploads\/2023\/09\/desktop-geral.gif\"\/><a\/>--><\/div><style type=\"text\/css\">\r\n.bppuf69f394b8734da {\r\ntext-align: center;\nmargin-bottom: 1em;\r\n}\r\n@media screen and (min-width: 1201px) {\r\n.bppuf69f394b8734da {\r\ndisplay: block;\r\n}\r\n}\r\n@media screen and (min-width: 993px) and (max-width: 1200px) {\r\n.bppuf69f394b8734da {\r\ndisplay: block;\r\n}\r\n}\r\n@media screen and (min-width: 769px) and (max-width: 992px) {\r\n.bppuf69f394b8734da {\r\ndisplay: block;\r\n}\r\n}\r\n@media screen and (min-width: 768px) and (max-width: 768px) {\r\n.bppuf69f394b8734da {\r\ndisplay: none;\r\n}\r\n}\r\n@media screen and (max-width: 767px) {\r\n.bppuf69f394b8734da {\r\ndisplay: none;\r\n}\r\n}\r\n<\/style>\r\n\n\n\n\n<p>Migalhas<\/p>\n","protected":false},"excerpt":{"rendered":"<p>Ap\u00f3s receber diversas cr\u00edticas, o ministro do STF, Andr\u00e9 Mendon\u00e7a, usou sua conta no Twitter para explicar seu voto a favor da condena\u00e7\u00e3o do deputado bolsonarista Daniel Silveira. &#8220;Mesmo podendo n\u00e3o ser compreendido, tenho convic\u00e7\u00e3o de que fiz o correto&#8221;, escreveu em seu perfil. Andr\u00e9 Mendon\u00e7a pontuou que, como &#8220;crist\u00e3o, n\u00e3o creio [que] tenha sido<br \/><a class=\"more-link\" href=\"https:\/\/justicapotiguar.com.br\/index.php\/2022\/04\/21\/mendonca-se-defende-apos-voto-contra-silveira-e-fala-como-cristao-em-separar-o-joio-do-trigo\/\">Mais&#8230;<\/a><\/p>\n","protected":false},"author":5,"featured_media":0,"comment_status":"open","ping_status":"open","sticky":false,"template":"","format":"standard","meta":[],"categories":[1],"tags":[],"_links":{"self":[{"href":"https:\/\/justicapotiguar.com.br\/index.php\/wp-json\/wp\/v2\/posts\/25649"}],"collection":[{"href":"https:\/\/justicapotiguar.com.br\/index.php\/wp-json\/wp\/v2\/posts"}],"about":[{"href":"https:\/\/justicapotiguar.com.br\/index.php\/wp-json\/wp\/v2\/types\/post"}],"author":[{"embeddable":true,"href":"https:\/\/justicapotiguar.com.br\/index.php\/wp-json\/wp\/v2\/users\/5"}],"replies":[{"embeddable":true,"href":"https:\/\/justicapotiguar.com.br\/index.php\/wp-json\/wp\/v2\/comments?post=25649"}],"version-history":[{"count":1,"href":"https:\/\/justicapotiguar.com.br\/index.php\/wp-json\/wp\/v2\/posts\/25649\/revisions"}],"predecessor-version":[{"id":25651,"href":"https:\/\/justicapotiguar.com.br\/index.php\/wp-json\/wp\/v2\/posts\/25649\/revisions\/25651"}],"wp:attachment":[{"href":"https:\/\/justicapotiguar.com.br\/index.php\/wp-json\/wp\/v2\/media?parent=25649"}],"wp:term":[{"taxonomy":"category","embeddable":true,"href":"https:\/\/justicapotiguar.com.br\/index.php\/wp-json\/wp\/v2\/categories?post=25649"},{"taxonomy":"post_tag","embeddable":true,"href":"https:\/\/justicapotiguar.com.br\/index.php\/wp-json\/wp\/v2\/tags?post=25649"}],"curies":[{"name":"wp","href":"https:\/\/api.w.org\/{rel}","templated":true}]}}