{"id":25632,"date":"2022-04-20T10:44:00","date_gmt":"2022-04-20T13:44:00","guid":{"rendered":"https:\/\/justicapotiguar.com.br\/?p=25632"},"modified":"2022-04-20T10:43:17","modified_gmt":"2022-04-20T13:43:17","slug":"pgr-diz-ao-stf-que-e-contra-investigacao-de-bolsonaro-por-gabinete-paralelo-do-mec","status":"publish","type":"post","link":"https:\/\/justicapotiguar.com.br\/index.php\/2022\/04\/20\/pgr-diz-ao-stf-que-e-contra-investigacao-de-bolsonaro-por-gabinete-paralelo-do-mec\/","title":{"rendered":"PGR diz ao STF que \u00e9 contra investiga\u00e7\u00e3o de Bolsonaro por gabinete paralelo do MEC"},"content":{"rendered":"\n<p>A&nbsp;Procuradoria-Geral da Rep\u00fablica (PGR)&nbsp;informou ao Supremo Tribunal Federal (STF) nesta ter\u00e7a-feira, 19, que \u00e9 contra a inclus\u00e3o do presidente&nbsp;Jair Bolsonaro&nbsp;(PL) como investigado no inqu\u00e9rito sobre o&nbsp;<a href=\"http:\/\/www.terra.com.br\/noticias\/as-11-historias-que-custaram-o-cargo-do-ministro-da-educacao-milton-ribeiro,fad8362094e99aefc3f3ab6373705cbfnvt0y7so.html\">gabinete paralelo de pastores no Minist\u00e9rio da Educa\u00e7\u00e3o (MEC) revelado pelo&nbsp;Estad\u00e3o<\/a>.<\/p>\n\n\n\n<figure class=\"wp-block-image size-large\"><img loading=\"lazy\" width=\"1024\" height=\"512\" src=\"https:\/\/justicapotiguar.com.br\/wp-content\/uploads\/2019\/08\/bolsonaro-b5432043d4bc00085d6344d1d4f9f3cc-1200x600-1024x512.jpg\" alt=\"\" class=\"wp-image-1227\" srcset=\"https:\/\/justicapotiguar.com.br\/wp-content\/uploads\/2019\/08\/bolsonaro-b5432043d4bc00085d6344d1d4f9f3cc-1200x600-1024x512.jpg 1024w, https:\/\/justicapotiguar.com.br\/wp-content\/uploads\/2019\/08\/bolsonaro-b5432043d4bc00085d6344d1d4f9f3cc-1200x600-300x150.jpg 300w, https:\/\/justicapotiguar.com.br\/wp-content\/uploads\/2019\/08\/bolsonaro-b5432043d4bc00085d6344d1d4f9f3cc-1200x600-768x384.jpg 768w, https:\/\/justicapotiguar.com.br\/wp-content\/uploads\/2019\/08\/bolsonaro-b5432043d4bc00085d6344d1d4f9f3cc-1200x600.jpg 1200w\" sizes=\"(max-width: 1024px) 100vw, 1024px\" \/><figcaption>Reprodu\u00e7\u00e3o<\/figcaption><\/figure>\n\n\n\n<p>A\u00a0Procuradoria-Geral da Rep\u00fablica (PGR)\u00a0informou ao Supremo Tribunal Federal (STF) nesta ter\u00e7a-feira, 19, que \u00e9 contra a inclus\u00e3o do presidente\u00a0Jair Bolsonaro\u00a0(PL) como investigado no inqu\u00e9rito sobre o gabinete paralelo de pastores no Minist\u00e9rio da Educa\u00e7\u00e3o (MEC) revelado pelo\u00a0Estad\u00e3o.<\/p>\n\n\n\n<p>O parecer foi enviado&nbsp;<a href=\"https:\/\/www.terra.com.br\/noticias\/brasil\/politica\/stf-determina-abertura-de-inquerito-sobre-ministro-da-educacao,25178a876e9900ec9b437cd4d02c8146yrakskk6.html\">a pedido da ministra C\u00e1rmen L\u00facia<\/a>, relatora da investiga\u00e7\u00e3o, que&nbsp;cobrou um posicionamento sobre a situa\u00e7\u00e3o do presidente ap\u00f3s representa\u00e7\u00f5es da oposi\u00e7\u00e3o.<\/p>\n\n\n\n<p>Inicialmente,&nbsp;<a href=\"https:\/\/www.terra.com.br\/noticias\/brasil\/politica\/aras-pede-ao-stf-abertura-de-inquerito-sobre-atuacao-de-gabinete-paralelo-no-mec,cbc0e6c3cbecdff7cac5ccdc942f44f0lbpc1fmz.html\">o procurador-geral da Rep\u00fablica, Augusto Aras,&nbsp;pediu para investigar apenas o ex-ministro da Educa\u00e7\u00e3o, Milton Ribeiro, prefeitos e pastores envolvidos<\/a>&nbsp;no esquema de cobran\u00e7a de propina para libera\u00e7\u00e3o de verbas do MEC.<\/p><div class=\"vnzma69f2157815ebc\" ><!--<a href=\"https:\/\/bit.ly\/3QdrqTZ\" target=\"_blank\">\n<img src=\"https:\/\/justicapotiguar.com.br\/wp-content\/uploads\/2023\/09\/mobile-geral.gif\"\/><a\/>--><\/div><style type=\"text\/css\">\r\n.vnzma69f2157815ebc {\r\ntext-align: center;\r\n}\r\n@media screen and (min-width: 1201px) {\r\n.vnzma69f2157815ebc {\r\ndisplay: none;\r\n}\r\n}\r\n@media screen and (min-width: 993px) and (max-width: 1200px) {\r\n.vnzma69f2157815ebc {\r\ndisplay: none;\r\n}\r\n}\r\n@media screen and (min-width: 769px) and (max-width: 992px) {\r\n.vnzma69f2157815ebc {\r\ndisplay: none;\r\n}\r\n}\r\n@media screen and (min-width: 768px) and (max-width: 768px) {\r\n.vnzma69f2157815ebc {\r\ndisplay: block;\r\n}\r\n}\r\n@media screen and (max-width: 767px) {\r\n.vnzma69f2157815ebc {\r\ndisplay: block;\r\n}\r\n}\r\n<\/style>\r\n<div class=\"oezpd69f2157815e9f\" ><!--<a href=\"https:\/\/bit.ly\/3QdrqTZ\" target=\"_blank\">\n<img src=\"https:\/\/justicapotiguar.com.br\/wp-content\/uploads\/2023\/09\/desktop-geral.gif\"\/><a\/>--><\/div><style type=\"text\/css\">\r\n.oezpd69f2157815e9f {\r\ntext-align: center;\nmargin-bottom: 1em;\r\n}\r\n@media screen and (min-width: 1201px) {\r\n.oezpd69f2157815e9f {\r\ndisplay: block;\r\n}\r\n}\r\n@media screen and (min-width: 993px) and (max-width: 1200px) {\r\n.oezpd69f2157815e9f {\r\ndisplay: block;\r\n}\r\n}\r\n@media screen and (min-width: 769px) and (max-width: 992px) {\r\n.oezpd69f2157815e9f {\r\ndisplay: block;\r\n}\r\n}\r\n@media screen and (min-width: 768px) and (max-width: 768px) {\r\n.oezpd69f2157815e9f {\r\ndisplay: none;\r\n}\r\n}\r\n@media screen and (max-width: 767px) {\r\n.oezpd69f2157815e9f {\r\ndisplay: none;\r\n}\r\n}\r\n<\/style>\r\n\n\n\n\n<p>A nova manifesta\u00e7\u00e3o \u00e9 assinada pela vice-procuradora-geral da Rep\u00fablica Lind\u00f4ra Ara\u00fajo, bra\u00e7o-direito de Aras. Ela diz que n\u00e3o h\u00e1 elementos para colocar Bolsonaro no rol de investigados ou para a abertura de uma apura\u00e7\u00e3o paralela. Lind\u00f4ra argumenta que, caso surjam ind\u00edcios de envolvimento do presidente em eventuais irregularidades, ele poder\u00e1 ser inclu\u00eddo como alvo do inqu\u00e9rito.<\/p>\n\n\n\n<p>\u201cSemelhantes elementos n\u00e3o s\u00e3o suficientes para inclus\u00e3o do representado [Bolsonaro] como investigado pelos eventos em quest\u00e3o, eis que n\u00e3o apontam ind\u00edcios da sua participa\u00e7\u00e3o ativa e concreta em il\u00edcitos penais\u201d, diz um trecho do documento.<\/p>\n\n\n\n<p>Estad\u00e3o <\/p>\n","protected":false},"excerpt":{"rendered":"<p>A&nbsp;Procuradoria-Geral da Rep\u00fablica (PGR)&nbsp;informou ao Supremo Tribunal Federal (STF) nesta ter\u00e7a-feira, 19, que \u00e9 contra a inclus\u00e3o do presidente&nbsp;Jair Bolsonaro&nbsp;(PL) como investigado no inqu\u00e9rito sobre o&nbsp;gabinete paralelo de pastores no Minist\u00e9rio da Educa\u00e7\u00e3o (MEC) revelado pelo&nbsp;Estad\u00e3o. A\u00a0Procuradoria-Geral da Rep\u00fablica (PGR)\u00a0informou ao Supremo Tribunal Federal (STF) nesta ter\u00e7a-feira, 19, que \u00e9 contra a inclus\u00e3o do presidente\u00a0Jair<br \/><a class=\"more-link\" href=\"https:\/\/justicapotiguar.com.br\/index.php\/2022\/04\/20\/pgr-diz-ao-stf-que-e-contra-investigacao-de-bolsonaro-por-gabinete-paralelo-do-mec\/\">Mais&#8230;<\/a><\/p>\n","protected":false},"author":5,"featured_media":0,"comment_status":"open","ping_status":"open","sticky":false,"template":"","format":"standard","meta":[],"categories":[1],"tags":[],"_links":{"self":[{"href":"https:\/\/justicapotiguar.com.br\/index.php\/wp-json\/wp\/v2\/posts\/25632"}],"collection":[{"href":"https:\/\/justicapotiguar.com.br\/index.php\/wp-json\/wp\/v2\/posts"}],"about":[{"href":"https:\/\/justicapotiguar.com.br\/index.php\/wp-json\/wp\/v2\/types\/post"}],"author":[{"embeddable":true,"href":"https:\/\/justicapotiguar.com.br\/index.php\/wp-json\/wp\/v2\/users\/5"}],"replies":[{"embeddable":true,"href":"https:\/\/justicapotiguar.com.br\/index.php\/wp-json\/wp\/v2\/comments?post=25632"}],"version-history":[{"count":1,"href":"https:\/\/justicapotiguar.com.br\/index.php\/wp-json\/wp\/v2\/posts\/25632\/revisions"}],"predecessor-version":[{"id":25633,"href":"https:\/\/justicapotiguar.com.br\/index.php\/wp-json\/wp\/v2\/posts\/25632\/revisions\/25633"}],"wp:attachment":[{"href":"https:\/\/justicapotiguar.com.br\/index.php\/wp-json\/wp\/v2\/media?parent=25632"}],"wp:term":[{"taxonomy":"category","embeddable":true,"href":"https:\/\/justicapotiguar.com.br\/index.php\/wp-json\/wp\/v2\/categories?post=25632"},{"taxonomy":"post_tag","embeddable":true,"href":"https:\/\/justicapotiguar.com.br\/index.php\/wp-json\/wp\/v2\/tags?post=25632"}],"curies":[{"name":"wp","href":"https:\/\/api.w.org\/{rel}","templated":true}]}}