{"id":25620,"date":"2022-04-19T16:33:00","date_gmt":"2022-04-19T19:33:00","guid":{"rendered":"https:\/\/justicapotiguar.com.br\/?p=25620"},"modified":"2022-04-19T15:34:57","modified_gmt":"2022-04-19T18:34:57","slug":"trt-rn-torna-facultativo-uso-de-mascaras-de-protecao","status":"publish","type":"post","link":"https:\/\/justicapotiguar.com.br\/index.php\/2022\/04\/19\/trt-rn-torna-facultativo-uso-de-mascaras-de-protecao\/","title":{"rendered":"TRT-RN torna facultativo uso de m\u00e1scaras de prote\u00e7\u00e3o"},"content":{"rendered":"\n<figure class=\"wp-block-image size-large\"><img loading=\"lazy\" width=\"660\" height=\"372\" src=\"https:\/\/justicapotiguar.com.br\/wp-content\/uploads\/2020\/04\/mascaras-uso-quem-deve-usar-660x372-1.jpg\" alt=\"\" class=\"wp-image-8988\" srcset=\"https:\/\/justicapotiguar.com.br\/wp-content\/uploads\/2020\/04\/mascaras-uso-quem-deve-usar-660x372-1.jpg 660w, https:\/\/justicapotiguar.com.br\/wp-content\/uploads\/2020\/04\/mascaras-uso-quem-deve-usar-660x372-1-300x169.jpg 300w\" sizes=\"(max-width: 660px) 100vw, 660px\" \/><figcaption>Ilustrativa<\/figcaption><\/figure>\n\n\n\n<p>A partir desta quarta-feira (20), \u00e9 facultativo o uso de m\u00e1scaras de prote\u00e7\u00e3o no Tribunal Regional do Trabalho da 21\u00aa Regi\u00e3o e nas unidades judici\u00e1rias da capital e interior do Rio Grande do Norte. A decis\u00e3o \u00e9 do Comit\u00ea Permanente de Avalia\u00e7\u00e3o de Medidas Preventivas em rela\u00e7\u00e3o \u00e0 pandemia da Covid-19 durante reuni\u00e3o realizada na tarde desta ter\u00e7a (19).<\/p>\n\n\n\n<p>A recomenda\u00e7\u00e3o do setor m\u00e9dico do tribunal \u00e9 que as pessoas que fazem parte do grupo de risco sigam utilizando m\u00e1scaras do tipo N95 ou cir\u00fargicas de tripla camada.<\/p><div class=\"jkunx69f215b28cc4d\" ><!--<a href=\"https:\/\/bit.ly\/3QdrqTZ\" target=\"_blank\">\n<img src=\"https:\/\/justicapotiguar.com.br\/wp-content\/uploads\/2023\/09\/mobile-geral.gif\"\/><a\/>--><\/div><style type=\"text\/css\">\r\n.jkunx69f215b28cc4d {\r\ntext-align: center;\r\n}\r\n@media screen and (min-width: 1201px) {\r\n.jkunx69f215b28cc4d {\r\ndisplay: none;\r\n}\r\n}\r\n@media screen and (min-width: 993px) and (max-width: 1200px) {\r\n.jkunx69f215b28cc4d {\r\ndisplay: none;\r\n}\r\n}\r\n@media screen and (min-width: 769px) and (max-width: 992px) {\r\n.jkunx69f215b28cc4d {\r\ndisplay: none;\r\n}\r\n}\r\n@media screen and (min-width: 768px) and (max-width: 768px) {\r\n.jkunx69f215b28cc4d {\r\ndisplay: block;\r\n}\r\n}\r\n@media screen and (max-width: 767px) {\r\n.jkunx69f215b28cc4d {\r\ndisplay: block;\r\n}\r\n}\r\n<\/style>\r\n<div class=\"cyiwl69f215b28cc38\" ><!--<a href=\"https:\/\/bit.ly\/3QdrqTZ\" target=\"_blank\">\n<img src=\"https:\/\/justicapotiguar.com.br\/wp-content\/uploads\/2023\/09\/desktop-geral.gif\"\/><a\/>--><\/div><style type=\"text\/css\">\r\n.cyiwl69f215b28cc38 {\r\ntext-align: center;\nmargin-bottom: 1em;\r\n}\r\n@media screen and (min-width: 1201px) {\r\n.cyiwl69f215b28cc38 {\r\ndisplay: block;\r\n}\r\n}\r\n@media screen and (min-width: 993px) and (max-width: 1200px) {\r\n.cyiwl69f215b28cc38 {\r\ndisplay: block;\r\n}\r\n}\r\n@media screen and (min-width: 769px) and (max-width: 992px) {\r\n.cyiwl69f215b28cc38 {\r\ndisplay: block;\r\n}\r\n}\r\n@media screen and (min-width: 768px) and (max-width: 768px) {\r\n.cyiwl69f215b28cc38 {\r\ndisplay: none;\r\n}\r\n}\r\n@media screen and (max-width: 767px) {\r\n.cyiwl69f215b28cc38 {\r\ndisplay: none;\r\n}\r\n}\r\n<\/style>\r\n\n\n\n\n<p>O acesso ao TRT-RN seguir\u00e1 sendo realizado&nbsp;mediante comprova\u00e7\u00e3o de aplica\u00e7\u00e3o de pelo menos duas doses da vacina contra a Covid-19. O ingresso de n\u00e3o vacinados ser\u00e1&nbsp;permitido ap\u00f3s&nbsp;apresenta\u00e7\u00e3o de testes RT-PCR ou de ant\u00edgeno n\u00e3o reagentes para Covid-19&nbsp;que tenham sido&nbsp;realizados nas \u00faltimas 72 horas.<\/p>\n","protected":false},"excerpt":{"rendered":"<p>A partir desta quarta-feira (20), \u00e9 facultativo o uso de m\u00e1scaras de prote\u00e7\u00e3o no Tribunal Regional do Trabalho da 21\u00aa Regi\u00e3o e nas unidades judici\u00e1rias da capital e interior do Rio Grande do Norte. A decis\u00e3o \u00e9 do Comit\u00ea Permanente de Avalia\u00e7\u00e3o de Medidas Preventivas em rela\u00e7\u00e3o \u00e0 pandemia da Covid-19 durante reuni\u00e3o realizada na<br \/><a class=\"more-link\" href=\"https:\/\/justicapotiguar.com.br\/index.php\/2022\/04\/19\/trt-rn-torna-facultativo-uso-de-mascaras-de-protecao\/\">Mais&#8230;<\/a><\/p>\n","protected":false},"author":5,"featured_media":0,"comment_status":"open","ping_status":"open","sticky":false,"template":"","format":"standard","meta":[],"categories":[1],"tags":[],"_links":{"self":[{"href":"https:\/\/justicapotiguar.com.br\/index.php\/wp-json\/wp\/v2\/posts\/25620"}],"collection":[{"href":"https:\/\/justicapotiguar.com.br\/index.php\/wp-json\/wp\/v2\/posts"}],"about":[{"href":"https:\/\/justicapotiguar.com.br\/index.php\/wp-json\/wp\/v2\/types\/post"}],"author":[{"embeddable":true,"href":"https:\/\/justicapotiguar.com.br\/index.php\/wp-json\/wp\/v2\/users\/5"}],"replies":[{"embeddable":true,"href":"https:\/\/justicapotiguar.com.br\/index.php\/wp-json\/wp\/v2\/comments?post=25620"}],"version-history":[{"count":1,"href":"https:\/\/justicapotiguar.com.br\/index.php\/wp-json\/wp\/v2\/posts\/25620\/revisions"}],"predecessor-version":[{"id":25621,"href":"https:\/\/justicapotiguar.com.br\/index.php\/wp-json\/wp\/v2\/posts\/25620\/revisions\/25621"}],"wp:attachment":[{"href":"https:\/\/justicapotiguar.com.br\/index.php\/wp-json\/wp\/v2\/media?parent=25620"}],"wp:term":[{"taxonomy":"category","embeddable":true,"href":"https:\/\/justicapotiguar.com.br\/index.php\/wp-json\/wp\/v2\/categories?post=25620"},{"taxonomy":"post_tag","embeddable":true,"href":"https:\/\/justicapotiguar.com.br\/index.php\/wp-json\/wp\/v2\/tags?post=25620"}],"curies":[{"name":"wp","href":"https:\/\/api.w.org\/{rel}","templated":true}]}}