{"id":2562,"date":"2019-09-25T12:45:46","date_gmt":"2019-09-25T15:45:46","guid":{"rendered":"https:\/\/justicapotiguar.com.br\/?p=2562"},"modified":"2019-09-25T11:42:08","modified_gmt":"2019-09-25T14:42:08","slug":"estudante-sera-indenizado-pelo-estado-em-r-80-mil-apos-perder-a-visao-de-um-olho-em-quadra-de-esporte","status":"publish","type":"post","link":"https:\/\/justicapotiguar.com.br\/index.php\/2019\/09\/25\/estudante-sera-indenizado-pelo-estado-em-r-80-mil-apos-perder-a-visao-de-um-olho-em-quadra-de-esporte\/","title":{"rendered":"Estudante ser\u00e1 indenizado pelo Estado em R$ 80 mil, ap\u00f3s perder a vis\u00e3o de um olho em quadra de esporte"},"content":{"rendered":"\n<figure class=\"wp-block-image\"><img loading=\"lazy\" width=\"800\" height=\"530\" src=\"https:\/\/justicapotiguar.com.br\/wp-content\/uploads\/2019\/09\/CAIC-PARNAMIRIM.jpg\" alt=\"\" class=\"wp-image-2563\" srcset=\"https:\/\/justicapotiguar.com.br\/wp-content\/uploads\/2019\/09\/CAIC-PARNAMIRIM.jpg 800w, https:\/\/justicapotiguar.com.br\/wp-content\/uploads\/2019\/09\/CAIC-PARNAMIRIM-300x199.jpg 300w, https:\/\/justicapotiguar.com.br\/wp-content\/uploads\/2019\/09\/CAIC-PARNAMIRIM-768x509.jpg 768w\" sizes=\"(max-width: 800px) 100vw, 800px\" \/><figcaption>Foto: Reprodu\u00e7\u00e3o<\/figcaption><\/figure>\n\n\n\n<p>A 2\u00aa C\u00e2mara C\u00edvel do Tribunal de Justi\u00e7a, \u00e0 unanimidade, manteve a condena\u00e7\u00e3o do Estado do Rio Grande do Norte para pagar indeniza\u00e7\u00e3o por danos morais em favor de um estudante que perdeu a vis\u00e3o do olho direito depois de ser atingido por um peda\u00e7o de arame solto existente no port\u00e3o da quadra de esportes da Escola Estadual Professor Arnaldo Ars\u00eanio de Azevedo (CAIC), localizada em Parnamirim.<\/p>\n\n\n\n<p>O estudante afirmou que no dia 6 de setembro de 2011, teve o olho direito atingido por um arame solto e enferrujado, na quadra de esportes da escola, em virtude da falta de manuten\u00e7\u00e3o das instala\u00e7\u00f5es da unidade. Informou tamb\u00e9m que padeceu com cirurgia e com a consequente perda da vis\u00e3o, e, como era praticante de atividade esportiva, sofreu abalos emocional e psicol\u00f3gico, em decorr\u00eancia do evento traum\u00e1tico.<\/p>\n\n\n\n<p>Na primeira inst\u00e2ncia, a Justi\u00e7a condenou o Estado a pagar o valor de R$ 150 mil em favor do aluno, entendendo que ficou comprovado que, na \u00e9poca, o estudante estava cursando o 7\u00ba ano naquela escola estadual e, ao abrir o port\u00e3o da quadra da institui\u00e7\u00e3o para seguir para atividade esportiva durante o hor\u00e1rio letivo, teve seu olho direito perfurado por um arame solto, o que redundou na perda total da vis\u00e3o direita.<\/p>\n\n\n\n<p><strong>Poder P\u00fablico<\/strong><\/p>\n\n\n\n<p>O Estado do RN recorreu ao Tribunal de Justi\u00e7a, que manteve a condena\u00e7\u00e3o, mas reduziu o valor da indeniza\u00e7\u00e3o por danos morais para R$ 80 mil. No recurso, o TJ tamb\u00e9m entendeu que ficou caracterizada a responsabilidade civil do Estado, por omiss\u00e3o, decorrente da perda do olho direito pelo aluno, atingido por um peda\u00e7o de arame solto existente no port\u00e3o da quadra de esportes da Escola Estadual Professor Arnaldo Ars\u00eanio de Azevedo.<\/p>\n\n\n\n<p>A defesa do ente p\u00fablico sustentou no recurso a inexist\u00eancia de nexo de causalidade, sob o argumento de que n\u00e3o foi comprovado nos autos da a\u00e7\u00e3o que o fato ocorreu dentro das instala\u00e7\u00f5es da Escola Estadual Professor Arnaldo Ars\u00eanio de Azevedo, assim como n\u00e3o se comprovou se decorreu por meio de culpa exclusiva da v\u00edtima, concorrente ou exclusiva da r\u00e9.<\/p>\n\n\n\n<p>Alegou tamb\u00e9m n\u00e3o haver provas da perda total da vis\u00e3o do seu olho direito e questionou o valor arbitrado da indeniza\u00e7\u00e3o, por entender excessivo. Pediu a reforma da senten\u00e7a para que sejam julgados improcedentes os pleitos autorais ou, sucessivamente, reduzido o valor indenizat\u00f3rio.<\/p><div class=\"nwkgj69ec86152883d\" ><!--<a href=\"https:\/\/bit.ly\/3QdrqTZ\" target=\"_blank\">\n<img src=\"https:\/\/justicapotiguar.com.br\/wp-content\/uploads\/2023\/09\/mobile-geral.gif\"\/><a\/>--><\/div><style type=\"text\/css\">\r\n.nwkgj69ec86152883d {\r\ntext-align: center;\r\n}\r\n@media screen and (min-width: 1201px) {\r\n.nwkgj69ec86152883d {\r\ndisplay: none;\r\n}\r\n}\r\n@media screen and (min-width: 993px) and (max-width: 1200px) {\r\n.nwkgj69ec86152883d {\r\ndisplay: none;\r\n}\r\n}\r\n@media screen and (min-width: 769px) and (max-width: 992px) {\r\n.nwkgj69ec86152883d {\r\ndisplay: none;\r\n}\r\n}\r\n@media screen and (min-width: 768px) and (max-width: 768px) {\r\n.nwkgj69ec86152883d {\r\ndisplay: block;\r\n}\r\n}\r\n@media screen and (max-width: 767px) {\r\n.nwkgj69ec86152883d {\r\ndisplay: block;\r\n}\r\n}\r\n<\/style>\r\n<div class=\"dglnc69ec861528829\" ><!--<a href=\"https:\/\/bit.ly\/3QdrqTZ\" target=\"_blank\">\n<img src=\"https:\/\/justicapotiguar.com.br\/wp-content\/uploads\/2023\/09\/desktop-geral.gif\"\/><a\/>--><\/div><style type=\"text\/css\">\r\n.dglnc69ec861528829 {\r\ntext-align: center;\nmargin-bottom: 1em;\r\n}\r\n@media screen and (min-width: 1201px) {\r\n.dglnc69ec861528829 {\r\ndisplay: block;\r\n}\r\n}\r\n@media screen and (min-width: 993px) and (max-width: 1200px) {\r\n.dglnc69ec861528829 {\r\ndisplay: block;\r\n}\r\n}\r\n@media screen and (min-width: 769px) and (max-width: 992px) {\r\n.dglnc69ec861528829 {\r\ndisplay: block;\r\n}\r\n}\r\n@media screen and (min-width: 768px) and (max-width: 768px) {\r\n.dglnc69ec861528829 {\r\ndisplay: none;\r\n}\r\n}\r\n@media screen and (max-width: 767px) {\r\n.dglnc69ec861528829 {\r\ndisplay: none;\r\n}\r\n}\r\n<\/style>\r\n\n\n\n\n<p><strong>Decis\u00e3o judicial<\/strong><\/p>\n\n\n\n<p>O relator, desembargador Ibanez Monteiro, considerou que, ao contr\u00e1rio do que o Estado alegou, as provas juntadas aos autos n\u00e3o foram unilateralmente produzidas, mas, ao contr\u00e1rio, foram produzidas pelos diretores, coordenadores, presidente do Conselho e representante de pais, portanto, por agentes p\u00fablicos vinculados ao pr\u00f3prio Estado do RN, em que \u00e9 narrado o fato tal qual descrito na peti\u00e7\u00e3o inicial.<\/p>\n\n\n\n<p>Documento anexado ao processo atesta que na data do incidente j\u00e1 haviam sido remetidos v\u00e1rios relat\u00f3rios solicitando a reforma da estrutura, que ostentava ferrugem, paredes rachadas, janelas caindo e instala\u00e7\u00f5es el\u00e9tricas e hidr\u00e1ulicas a comprometer a seguran\u00e7a de todos os que frequentadores do local.<\/p>\n\n\n\n<p>O magistrado considerou ainda o fato de que uma equipe de engenheiros da Secretaria Estadual de Educa\u00e7\u00e3o chegou a visitar a escola para avaliar a situa\u00e7\u00e3o prec\u00e1ria, que jamais foi contemplada com reforma estrutural, desde sua inaugura\u00e7\u00e3o em 1996.<\/p>\n\n\n\n<p>\u201cResta evidenciada, assim, a omiss\u00e3o espec\u00edfica da administra\u00e7\u00e3o ao deixar de oferecer as condi\u00e7\u00f5es m\u00ednimas de seguran\u00e7a para funcionamento do equipamento p\u00fablico, n\u00e3o obstante conhecesse a situa\u00e7\u00e3o de precariedade, o que se agrava diante das diversas solicita\u00e7\u00f5es de reparo j\u00e1 realizadas pela Diretoria da institui\u00e7\u00e3o de ensino. Em raz\u00e3o disso fica afastado o argumento de culpa exclusiva da v\u00edtima ou culpa concorrente (CC, art. 945), invocado pelo apelante em seu favor\u201d, assinalou.<\/p>\n\n\n\n<p>Diante das circunst\u00e2ncias narradas no processo, Ibanez Monteiro considerou que o valor de R$ 150 mil arbitrado na senten\u00e7a se mostrou excessivo, devendo ser reduzido. \u201cAssim, com o objetivo de adequar o quantum indenizat\u00f3rio ao caso concreto, respeitando os princ\u00edpios da proporcionalidade e da razoabilidade, reduzo o valor para R$ 80 mil\u201d, concluiu.<\/p>\n","protected":false},"excerpt":{"rendered":"<p>O estudante afirmou que no dia 6 de setembro de 2011, teve o olho direito atingido por um arame solto e enferrujado<br \/><a class=\"more-link\" href=\"https:\/\/justicapotiguar.com.br\/index.php\/2019\/09\/25\/estudante-sera-indenizado-pelo-estado-em-r-80-mil-apos-perder-a-visao-de-um-olho-em-quadra-de-esporte\/\">Mais&#8230;<\/a><\/p>\n","protected":false},"author":5,"featured_media":2563,"comment_status":"open","ping_status":"open","sticky":false,"template":"","format":"standard","meta":[],"categories":[3],"tags":[],"_links":{"self":[{"href":"https:\/\/justicapotiguar.com.br\/index.php\/wp-json\/wp\/v2\/posts\/2562"}],"collection":[{"href":"https:\/\/justicapotiguar.com.br\/index.php\/wp-json\/wp\/v2\/posts"}],"about":[{"href":"https:\/\/justicapotiguar.com.br\/index.php\/wp-json\/wp\/v2\/types\/post"}],"author":[{"embeddable":true,"href":"https:\/\/justicapotiguar.com.br\/index.php\/wp-json\/wp\/v2\/users\/5"}],"replies":[{"embeddable":true,"href":"https:\/\/justicapotiguar.com.br\/index.php\/wp-json\/wp\/v2\/comments?post=2562"}],"version-history":[{"count":1,"href":"https:\/\/justicapotiguar.com.br\/index.php\/wp-json\/wp\/v2\/posts\/2562\/revisions"}],"predecessor-version":[{"id":2564,"href":"https:\/\/justicapotiguar.com.br\/index.php\/wp-json\/wp\/v2\/posts\/2562\/revisions\/2564"}],"wp:featuredmedia":[{"embeddable":true,"href":"https:\/\/justicapotiguar.com.br\/index.php\/wp-json\/wp\/v2\/media\/2563"}],"wp:attachment":[{"href":"https:\/\/justicapotiguar.com.br\/index.php\/wp-json\/wp\/v2\/media?parent=2562"}],"wp:term":[{"taxonomy":"category","embeddable":true,"href":"https:\/\/justicapotiguar.com.br\/index.php\/wp-json\/wp\/v2\/categories?post=2562"},{"taxonomy":"post_tag","embeddable":true,"href":"https:\/\/justicapotiguar.com.br\/index.php\/wp-json\/wp\/v2\/tags?post=2562"}],"curies":[{"name":"wp","href":"https:\/\/api.w.org\/{rel}","templated":true}]}}