{"id":25602,"date":"2022-04-18T19:15:16","date_gmt":"2022-04-18T22:15:16","guid":{"rendered":"https:\/\/justicapotiguar.com.br\/?p=25602"},"modified":"2022-04-18T19:15:16","modified_gmt":"2022-04-18T22:15:16","slug":"vereador-felipe-alves-se-diz-surpreso-e-indignado-sobre-acao-judicial-do-pdt-para-tomar-mandato","status":"publish","type":"post","link":"https:\/\/justicapotiguar.com.br\/index.php\/2022\/04\/18\/vereador-felipe-alves-se-diz-surpreso-e-indignado-sobre-acao-judicial-do-pdt-para-tomar-mandato\/","title":{"rendered":"Vereador Felipe Alves se diz &#8220;surpreso e indignado&#8221; sobre a\u00e7\u00e3o judicial do PDT para tomar mandato"},"content":{"rendered":"\n<p>O vereador de Natal, Felipe Alves, emitiu nota sobre a a\u00e7\u00e3o judicial impetrada pelo Diret\u00f3rio Nacional do PDT no Tribunal Regional Eleitoral (TRE-RN) para tomar o mandato  na C\u00e2mara Municipal por sa\u00edda vereador do partido alegada pelo PDT sem justa causa, apesar de decis\u00e3o liminar ter autorizado a sa\u00edda do parlamentar sem perda do mandato. Confira nota na \u00edntegra:<\/p>\n\n\n\n<figure class=\"wp-block-image size-large\"><img loading=\"lazy\" width=\"744\" height=\"487\" src=\"https:\/\/justicapotiguar.com.br\/wp-content\/uploads\/2022\/04\/Felipe-Alves-1.jpg\" alt=\"\" class=\"wp-image-25603\" srcset=\"https:\/\/justicapotiguar.com.br\/wp-content\/uploads\/2022\/04\/Felipe-Alves-1.jpg 744w, https:\/\/justicapotiguar.com.br\/wp-content\/uploads\/2022\/04\/Felipe-Alves-1-300x196.jpg 300w\" sizes=\"(max-width: 744px) 100vw, 744px\" \/><figcaption>Reprodu\u00e7\u00e3o<\/figcaption><\/figure>\n\n\n\n<p><strong>Confira nota na \u00edntegra<\/strong><\/p>\n\n\n\n<p>Recebi com surpresa e indigna\u00e7\u00e3o a informa\u00e7\u00e3o de que o Partido Democr\u00e1tico Trabalhista (PDT), por interm\u00e9dio do seu Diret\u00f3rio Nacional, ajuizou uma a\u00e7\u00e3o na Justi\u00e7a Eleitoral buscando a retirada do meu mandato de vereador de Natal, conquistado de forma leg\u00edtima no \u00faltimo pleito municipal de 2020.<\/p>\n\n\n\n<p>Apesar de quatro vereadores da capital terem pedido via justi\u00e7a eleitoral a desfilia\u00e7\u00e3o do PDT, utilizando para tanto dos mesmos argumentos e fundamenta\u00e7\u00f5es, o partido, de maneira estranha e inexplic\u00e1vel, voltou-se apenas contra mim, dando uma clara demonstra\u00e7\u00e3o de persegui\u00e7\u00e3o pessoal.<\/p>\n\n\n\n<p>A expressiva vit\u00f3ria conquistada nas urnas nas \u00faltimas elei\u00e7\u00f5es municipais (a minha terceira consecutiva, ali\u00e1s) quando a popula\u00e7\u00e3o de Natal me fez o s\u00e9timo vereador mais votado, foi fruto de um trabalho s\u00e9rio e comprometido que venho procurando desempenhar ao longo da minha atua\u00e7\u00e3o na C\u00e2mara Municipal.<\/p><div class=\"kbwbl69eea9387dbb2\" ><!--<a href=\"https:\/\/bit.ly\/3QdrqTZ\" target=\"_blank\">\n<img src=\"https:\/\/justicapotiguar.com.br\/wp-content\/uploads\/2023\/09\/mobile-geral.gif\"\/><a\/>--><\/div><style type=\"text\/css\">\r\n.kbwbl69eea9387dbb2 {\r\ntext-align: center;\r\n}\r\n@media screen and (min-width: 1201px) {\r\n.kbwbl69eea9387dbb2 {\r\ndisplay: none;\r\n}\r\n}\r\n@media screen and (min-width: 993px) and (max-width: 1200px) {\r\n.kbwbl69eea9387dbb2 {\r\ndisplay: none;\r\n}\r\n}\r\n@media screen and (min-width: 769px) and (max-width: 992px) {\r\n.kbwbl69eea9387dbb2 {\r\ndisplay: none;\r\n}\r\n}\r\n@media screen and (min-width: 768px) and (max-width: 768px) {\r\n.kbwbl69eea9387dbb2 {\r\ndisplay: block;\r\n}\r\n}\r\n@media screen and (max-width: 767px) {\r\n.kbwbl69eea9387dbb2 {\r\ndisplay: block;\r\n}\r\n}\r\n<\/style>\r\n<div class=\"kswyy69eea9387db9d\" ><!--<a href=\"https:\/\/bit.ly\/3QdrqTZ\" target=\"_blank\">\n<img src=\"https:\/\/justicapotiguar.com.br\/wp-content\/uploads\/2023\/09\/desktop-geral.gif\"\/><a\/>--><\/div><style type=\"text\/css\">\r\n.kswyy69eea9387db9d {\r\ntext-align: center;\nmargin-bottom: 1em;\r\n}\r\n@media screen and (min-width: 1201px) {\r\n.kswyy69eea9387db9d {\r\ndisplay: block;\r\n}\r\n}\r\n@media screen and (min-width: 993px) and (max-width: 1200px) {\r\n.kswyy69eea9387db9d {\r\ndisplay: block;\r\n}\r\n}\r\n@media screen and (min-width: 769px) and (max-width: 992px) {\r\n.kswyy69eea9387db9d {\r\ndisplay: block;\r\n}\r\n}\r\n@media screen and (min-width: 768px) and (max-width: 768px) {\r\n.kswyy69eea9387db9d {\r\ndisplay: none;\r\n}\r\n}\r\n@media screen and (max-width: 767px) {\r\n.kswyy69eea9387db9d {\r\ndisplay: none;\r\n}\r\n}\r\n<\/style>\r\n\n\n\n\n<p>N\u00e3o irei me acovardar diante desse grave atentado \u00e0 soberania popular. Os 4.765 natalenses que depositaram sua confian\u00e7a na minha candidatura merecem respeito!<\/p>\n\n\n\n<p>No \u00e2mbito do processo de desfilia\u00e7\u00e3o partid\u00e1ria j\u00e1 obtive vit\u00f3rias importantes: a concess\u00e3o da liminar, autorizando a minha migra\u00e7\u00e3o para outra legenda, bem como o parecer do Minist\u00e9rio P\u00fablico Eleitoral recomendando a acolhida dos pedidos formulados naquela a\u00e7\u00e3o.<\/p>\n\n\n\n<p>Estou tranquilo e confiante de que a Justi\u00e7a prevalecer\u00e1 reconhecendo o meu leg\u00edtimo e cristalino direito de ter minha desfilia\u00e7\u00e3o confirmada, haja vista que o Diret\u00f3rio Municipal do PDT concedeu anu\u00eancia partid\u00e1ria para desfilia\u00e7\u00e3o, com a expressa previs\u00e3o como justa causa, frise-se com envergadura constitucional, a partir do art. 17, \u00a7 6\u00ba, da Constitui\u00e7\u00e3o Federal, inclu\u00eddo pela Emenda Constitucional n. 111\/2021.<\/p>\n\n\n\n<p>Felipe Alves<br>Vereador de Natal<\/p>\n","protected":false},"excerpt":{"rendered":"<p>O vereador de Natal, Felipe Alves, emitiu nota sobre a a\u00e7\u00e3o judicial impetrada pelo Diret\u00f3rio Nacional do PDT no Tribunal Regional Eleitoral (TRE-RN) para tomar o mandato na C\u00e2mara Municipal por sa\u00edda vereador do partido alegada pelo PDT sem justa causa, apesar de decis\u00e3o liminar ter autorizado a sa\u00edda do parlamentar sem perda do mandato.<br \/><a class=\"more-link\" href=\"https:\/\/justicapotiguar.com.br\/index.php\/2022\/04\/18\/vereador-felipe-alves-se-diz-surpreso-e-indignado-sobre-acao-judicial-do-pdt-para-tomar-mandato\/\">Mais&#8230;<\/a><\/p>\n","protected":false},"author":5,"featured_media":0,"comment_status":"open","ping_status":"open","sticky":false,"template":"","format":"standard","meta":[],"categories":[1],"tags":[],"_links":{"self":[{"href":"https:\/\/justicapotiguar.com.br\/index.php\/wp-json\/wp\/v2\/posts\/25602"}],"collection":[{"href":"https:\/\/justicapotiguar.com.br\/index.php\/wp-json\/wp\/v2\/posts"}],"about":[{"href":"https:\/\/justicapotiguar.com.br\/index.php\/wp-json\/wp\/v2\/types\/post"}],"author":[{"embeddable":true,"href":"https:\/\/justicapotiguar.com.br\/index.php\/wp-json\/wp\/v2\/users\/5"}],"replies":[{"embeddable":true,"href":"https:\/\/justicapotiguar.com.br\/index.php\/wp-json\/wp\/v2\/comments?post=25602"}],"version-history":[{"count":1,"href":"https:\/\/justicapotiguar.com.br\/index.php\/wp-json\/wp\/v2\/posts\/25602\/revisions"}],"predecessor-version":[{"id":25604,"href":"https:\/\/justicapotiguar.com.br\/index.php\/wp-json\/wp\/v2\/posts\/25602\/revisions\/25604"}],"wp:attachment":[{"href":"https:\/\/justicapotiguar.com.br\/index.php\/wp-json\/wp\/v2\/media?parent=25602"}],"wp:term":[{"taxonomy":"category","embeddable":true,"href":"https:\/\/justicapotiguar.com.br\/index.php\/wp-json\/wp\/v2\/categories?post=25602"},{"taxonomy":"post_tag","embeddable":true,"href":"https:\/\/justicapotiguar.com.br\/index.php\/wp-json\/wp\/v2\/tags?post=25602"}],"curies":[{"name":"wp","href":"https:\/\/api.w.org\/{rel}","templated":true}]}}