{"id":25598,"date":"2022-04-18T14:59:39","date_gmt":"2022-04-18T17:59:39","guid":{"rendered":"https:\/\/justicapotiguar.com.br\/?p=25598"},"modified":"2022-04-18T14:59:39","modified_gmt":"2022-04-18T17:59:39","slug":"advogados-relatam-indisponibilidade-do-pje-do-tjrn-ha-pelo-menos-uma-semana","status":"publish","type":"post","link":"https:\/\/justicapotiguar.com.br\/index.php\/2022\/04\/18\/advogados-relatam-indisponibilidade-do-pje-do-tjrn-ha-pelo-menos-uma-semana\/","title":{"rendered":"Advogados relatam indisponibilidade do PJE do TJRN h\u00e1 pelo menos uma semana"},"content":{"rendered":"\n<p>Advogados potiguares t\u00eam encaminhado sucessivas reclama\u00e7\u00f5es ao Justi\u00e7a Potiguar sobre o funcionamento do sistema de Processo Judicial Eletr\u00f4nico &nbsp;(PJE) no \u00e2mbito da Justi\u00e7a Estadual que tem ficado constantemente inst\u00e1vel e inviabilizado a tramita\u00e7\u00e3o de processos desde a \u00faltima segunda-feira, dia 11.<\/p>\n\n\n\n<h2><\/h2>\n\n\n\n<figure class=\"wp-block-image size-large\"><img loading=\"lazy\" width=\"755\" height=\"384\" src=\"https:\/\/justicapotiguar.com.br\/wp-content\/uploads\/2022\/04\/tj.jpg\" alt=\"\" class=\"wp-image-25599\" srcset=\"https:\/\/justicapotiguar.com.br\/wp-content\/uploads\/2022\/04\/tj.jpg 755w, https:\/\/justicapotiguar.com.br\/wp-content\/uploads\/2022\/04\/tj-300x153.jpg 300w\" sizes=\"(max-width: 755px) 100vw, 755px\" \/><\/figure>\n\n\n\n<figure class=\"wp-block-image size-large\"><img loading=\"lazy\" width=\"774\" height=\"396\" src=\"https:\/\/justicapotiguar.com.br\/wp-content\/uploads\/2022\/04\/ii.png\" alt=\"\" class=\"wp-image-25600\" srcset=\"https:\/\/justicapotiguar.com.br\/wp-content\/uploads\/2022\/04\/ii.png 774w, https:\/\/justicapotiguar.com.br\/wp-content\/uploads\/2022\/04\/ii-300x153.png 300w, https:\/\/justicapotiguar.com.br\/wp-content\/uploads\/2022\/04\/ii-768x393.png 768w\" sizes=\"(max-width: 774px) 100vw, 774px\" \/><\/figure>\n\n\n\n<p>Segundo relatos, o sistema nos \u00faltimos tr\u00eas dias de calend\u00e1rio forense, 11, 12 2 hoje dia 18, tem ficado indispon\u00edvel at\u00e9 mesmo para se emitir a certid\u00e3o para que os prazos que se encerrem sejam prorrogados para o primeiro dia \u00fatil que o sistema funcionar.<\/p><div class=\"kjfxi69eea8dca908c\" ><!--<a href=\"https:\/\/bit.ly\/3QdrqTZ\" target=\"_blank\">\n<img src=\"https:\/\/justicapotiguar.com.br\/wp-content\/uploads\/2023\/09\/mobile-geral.gif\"\/><a\/>--><\/div><style type=\"text\/css\">\r\n.kjfxi69eea8dca908c {\r\ntext-align: center;\r\n}\r\n@media screen and (min-width: 1201px) {\r\n.kjfxi69eea8dca908c {\r\ndisplay: none;\r\n}\r\n}\r\n@media screen and (min-width: 993px) and (max-width: 1200px) {\r\n.kjfxi69eea8dca908c {\r\ndisplay: none;\r\n}\r\n}\r\n@media screen and (min-width: 769px) and (max-width: 992px) {\r\n.kjfxi69eea8dca908c {\r\ndisplay: none;\r\n}\r\n}\r\n@media screen and (min-width: 768px) and (max-width: 768px) {\r\n.kjfxi69eea8dca908c {\r\ndisplay: block;\r\n}\r\n}\r\n@media screen and (max-width: 767px) {\r\n.kjfxi69eea8dca908c {\r\ndisplay: block;\r\n}\r\n}\r\n<\/style>\r\n<div class=\"jkpaj69eea8dca9077\" ><!--<a href=\"https:\/\/bit.ly\/3QdrqTZ\" target=\"_blank\">\n<img src=\"https:\/\/justicapotiguar.com.br\/wp-content\/uploads\/2023\/09\/desktop-geral.gif\"\/><a\/>--><\/div><style type=\"text\/css\">\r\n.jkpaj69eea8dca9077 {\r\ntext-align: center;\nmargin-bottom: 1em;\r\n}\r\n@media screen and (min-width: 1201px) {\r\n.jkpaj69eea8dca9077 {\r\ndisplay: block;\r\n}\r\n}\r\n@media screen and (min-width: 993px) and (max-width: 1200px) {\r\n.jkpaj69eea8dca9077 {\r\ndisplay: block;\r\n}\r\n}\r\n@media screen and (min-width: 769px) and (max-width: 992px) {\r\n.jkpaj69eea8dca9077 {\r\ndisplay: block;\r\n}\r\n}\r\n@media screen and (min-width: 768px) and (max-width: 768px) {\r\n.jkpaj69eea8dca9077 {\r\ndisplay: none;\r\n}\r\n}\r\n@media screen and (max-width: 767px) {\r\n.jkpaj69eea8dca9077 {\r\ndisplay: none;\r\n}\r\n}\r\n<\/style>\r\n\n\n\n\n<p>A situa\u00e7\u00e3o, que segundo os advogados \u00e9 repetitiva, ainda n\u00e3o foi esclarecida pelo Tribunal de Justi\u00e7a do RN, quando estar\u00e1 funcionando normalmente.<\/p>\n","protected":false},"excerpt":{"rendered":"<p>Advogados potiguares t\u00eam encaminhado sucessivas reclama\u00e7\u00f5es ao Justi\u00e7a Potiguar sobre o funcionamento do sistema de Processo Judicial Eletr\u00f4nico &nbsp;(PJE) no \u00e2mbito da Justi\u00e7a Estadual que tem ficado constantemente inst\u00e1vel e inviabilizado a tramita\u00e7\u00e3o de processos desde a \u00faltima segunda-feira, dia 11. Segundo relatos, o sistema nos \u00faltimos tr\u00eas dias de calend\u00e1rio forense, 11, 12 2<br \/><a class=\"more-link\" href=\"https:\/\/justicapotiguar.com.br\/index.php\/2022\/04\/18\/advogados-relatam-indisponibilidade-do-pje-do-tjrn-ha-pelo-menos-uma-semana\/\">Mais&#8230;<\/a><\/p>\n","protected":false},"author":5,"featured_media":0,"comment_status":"open","ping_status":"open","sticky":false,"template":"","format":"standard","meta":[],"categories":[1],"tags":[],"_links":{"self":[{"href":"https:\/\/justicapotiguar.com.br\/index.php\/wp-json\/wp\/v2\/posts\/25598"}],"collection":[{"href":"https:\/\/justicapotiguar.com.br\/index.php\/wp-json\/wp\/v2\/posts"}],"about":[{"href":"https:\/\/justicapotiguar.com.br\/index.php\/wp-json\/wp\/v2\/types\/post"}],"author":[{"embeddable":true,"href":"https:\/\/justicapotiguar.com.br\/index.php\/wp-json\/wp\/v2\/users\/5"}],"replies":[{"embeddable":true,"href":"https:\/\/justicapotiguar.com.br\/index.php\/wp-json\/wp\/v2\/comments?post=25598"}],"version-history":[{"count":1,"href":"https:\/\/justicapotiguar.com.br\/index.php\/wp-json\/wp\/v2\/posts\/25598\/revisions"}],"predecessor-version":[{"id":25601,"href":"https:\/\/justicapotiguar.com.br\/index.php\/wp-json\/wp\/v2\/posts\/25598\/revisions\/25601"}],"wp:attachment":[{"href":"https:\/\/justicapotiguar.com.br\/index.php\/wp-json\/wp\/v2\/media?parent=25598"}],"wp:term":[{"taxonomy":"category","embeddable":true,"href":"https:\/\/justicapotiguar.com.br\/index.php\/wp-json\/wp\/v2\/categories?post=25598"},{"taxonomy":"post_tag","embeddable":true,"href":"https:\/\/justicapotiguar.com.br\/index.php\/wp-json\/wp\/v2\/tags?post=25598"}],"curies":[{"name":"wp","href":"https:\/\/api.w.org\/{rel}","templated":true}]}}