{"id":25592,"date":"2022-04-18T16:57:00","date_gmt":"2022-04-18T19:57:00","guid":{"rendered":"https:\/\/justicapotiguar.com.br\/?p=25592"},"modified":"2022-04-18T14:56:19","modified_gmt":"2022-04-18T17:56:19","slug":"mprn-abre-inscricoes-para-selecao-com-remuneracao-de-r-48-mil","status":"publish","type":"post","link":"https:\/\/justicapotiguar.com.br\/index.php\/2022\/04\/18\/mprn-abre-inscricoes-para-selecao-com-remuneracao-de-r-48-mil\/","title":{"rendered":"MPRN abre inscri\u00e7\u00f5es para sele\u00e7\u00e3o com remunera\u00e7\u00e3o de R$ 4,8 mil"},"content":{"rendered":"\n<figure class=\"wp-block-image size-large\"><img loading=\"lazy\" width=\"930\" height=\"524\" src=\"https:\/\/justicapotiguar.com.br\/wp-content\/uploads\/2020\/11\/pgj-930x524-1.jpg\" alt=\"\" class=\"wp-image-14427\" srcset=\"https:\/\/justicapotiguar.com.br\/wp-content\/uploads\/2020\/11\/pgj-930x524-1.jpg 930w, https:\/\/justicapotiguar.com.br\/wp-content\/uploads\/2020\/11\/pgj-930x524-1-300x169.jpg 300w, https:\/\/justicapotiguar.com.br\/wp-content\/uploads\/2020\/11\/pgj-930x524-1-768x433.jpg 768w\" sizes=\"(max-width: 930px) 100vw, 930px\" \/><figcaption>Reprodu\u00e7\u00e3o<\/figcaption><\/figure>\n\n\n\n<p>O Minist\u00e9rio P\u00fablico do Rio Grande do Norte (MPRN) abriu nesta segunda-feira (18) as inscri\u00e7\u00f5es para o processo seletivo simplificado que visa contratar de forma tempor\u00e1ria nove analistas da \u00e1rea de Contabilidade. H\u00e1 vagas reservadas para pessoas com defici\u00eancia, negros e pardos. <\/p>\n\n\n\n<p>O per\u00edodo para se inscrever, na plataforma da sele\u00e7\u00e3o, se encerra no pr\u00f3ximo dia 29 de abril.\u00a0\u00a0A remunera\u00e7\u00e3o para o cargo \u00e9 de R$ 4.801,57 para uma carga hor\u00e1ria de 40h semanais. \u00c9 poss\u00edvel a ado\u00e7\u00e3o do regime de teletrabalho a partir de solicita\u00e7\u00e3o do interessado,\u00a0 concord\u00e2ncia da chefia imediata e autoriza\u00e7\u00e3o da Procuradoria Geral de Justi\u00e7a, conforme regulamento do MPRN.\u00a0<\/p><div class=\"mddem69eea9387e955\" ><!--<a href=\"https:\/\/bit.ly\/3QdrqTZ\" target=\"_blank\">\n<img src=\"https:\/\/justicapotiguar.com.br\/wp-content\/uploads\/2023\/09\/mobile-geral.gif\"\/><a\/>--><\/div><style type=\"text\/css\">\r\n.mddem69eea9387e955 {\r\ntext-align: center;\r\n}\r\n@media screen and (min-width: 1201px) {\r\n.mddem69eea9387e955 {\r\ndisplay: none;\r\n}\r\n}\r\n@media screen and (min-width: 993px) and (max-width: 1200px) {\r\n.mddem69eea9387e955 {\r\ndisplay: none;\r\n}\r\n}\r\n@media screen and (min-width: 769px) and (max-width: 992px) {\r\n.mddem69eea9387e955 {\r\ndisplay: none;\r\n}\r\n}\r\n@media screen and (min-width: 768px) and (max-width: 768px) {\r\n.mddem69eea9387e955 {\r\ndisplay: block;\r\n}\r\n}\r\n@media screen and (max-width: 767px) {\r\n.mddem69eea9387e955 {\r\ndisplay: block;\r\n}\r\n}\r\n<\/style>\r\n<div class=\"rooag69eea9387e93c\" ><!--<a href=\"https:\/\/bit.ly\/3QdrqTZ\" target=\"_blank\">\n<img src=\"https:\/\/justicapotiguar.com.br\/wp-content\/uploads\/2023\/09\/desktop-geral.gif\"\/><a\/>--><\/div><style type=\"text\/css\">\r\n.rooag69eea9387e93c {\r\ntext-align: center;\nmargin-bottom: 1em;\r\n}\r\n@media screen and (min-width: 1201px) {\r\n.rooag69eea9387e93c {\r\ndisplay: block;\r\n}\r\n}\r\n@media screen and (min-width: 993px) and (max-width: 1200px) {\r\n.rooag69eea9387e93c {\r\ndisplay: block;\r\n}\r\n}\r\n@media screen and (min-width: 769px) and (max-width: 992px) {\r\n.rooag69eea9387e93c {\r\ndisplay: block;\r\n}\r\n}\r\n@media screen and (min-width: 768px) and (max-width: 768px) {\r\n.rooag69eea9387e93c {\r\ndisplay: none;\r\n}\r\n}\r\n@media screen and (max-width: 767px) {\r\n.rooag69eea9387e93c {\r\ndisplay: none;\r\n}\r\n}\r\n<\/style>\r\n\n\n\n\n<p>O prazo de validade da sele\u00e7\u00e3o \u00e9 de um ano, contado a partir da data de assinatura do primeiro contrato, prorrog\u00e1vel uma \u00fanica vez por igual per\u00edodo. O MPRN poder\u00e1, em caso de desist\u00eancia ou de rescis\u00e3o contratual, realizar novas contrata\u00e7\u00f5es para completar o prazo total de 24 meses do contrato antecedente, observados rigorosamente os crit\u00e9rios de classifica\u00e7\u00e3o.\u00a0O processo seletivo se dar\u00e1 atrav\u00e9s da avalia\u00e7\u00e3o de t\u00edtulos e da experi\u00eancia profissional dos candidatos. O envio dos documentos relativos \u00e0 avalia\u00e7\u00e3o de t\u00edtulos e comprova\u00e7\u00e3o de experi\u00eancia pr\u00e9via \u00e9 obrigat\u00f3rio.\u00a0<\/p>\n\n\n\n<p>A contrata\u00e7\u00e3o tempor\u00e1ria objetiva reduzir o passivo de demandas de apoio t\u00e9cnico nessa \u00e1rea, existente na Central de Apoio T\u00e9cnico Especializado (Cate) da institui\u00e7\u00e3o.\u00a0\u00a0\u00a0Clique\u00a0<a href=\"https:\/\/www.mprn.mp.br\/portal\/images\/files\/2022\/Edital_n006_2022__PG_RN.pdf\">aqui<\/a>\u00a0para ler a \u00edntegra do edital.<\/p>\n","protected":false},"excerpt":{"rendered":"<p>O Minist\u00e9rio P\u00fablico do Rio Grande do Norte (MPRN) abriu nesta segunda-feira (18) as inscri\u00e7\u00f5es para o processo seletivo simplificado que visa contratar de forma tempor\u00e1ria nove analistas da \u00e1rea de Contabilidade. H\u00e1 vagas reservadas para pessoas com defici\u00eancia, negros e pardos. O per\u00edodo para se inscrever, na plataforma da sele\u00e7\u00e3o, se encerra no pr\u00f3ximo<br \/><a class=\"more-link\" href=\"https:\/\/justicapotiguar.com.br\/index.php\/2022\/04\/18\/mprn-abre-inscricoes-para-selecao-com-remuneracao-de-r-48-mil\/\">Mais&#8230;<\/a><\/p>\n","protected":false},"author":5,"featured_media":0,"comment_status":"open","ping_status":"open","sticky":false,"template":"","format":"standard","meta":[],"categories":[1],"tags":[],"_links":{"self":[{"href":"https:\/\/justicapotiguar.com.br\/index.php\/wp-json\/wp\/v2\/posts\/25592"}],"collection":[{"href":"https:\/\/justicapotiguar.com.br\/index.php\/wp-json\/wp\/v2\/posts"}],"about":[{"href":"https:\/\/justicapotiguar.com.br\/index.php\/wp-json\/wp\/v2\/types\/post"}],"author":[{"embeddable":true,"href":"https:\/\/justicapotiguar.com.br\/index.php\/wp-json\/wp\/v2\/users\/5"}],"replies":[{"embeddable":true,"href":"https:\/\/justicapotiguar.com.br\/index.php\/wp-json\/wp\/v2\/comments?post=25592"}],"version-history":[{"count":1,"href":"https:\/\/justicapotiguar.com.br\/index.php\/wp-json\/wp\/v2\/posts\/25592\/revisions"}],"predecessor-version":[{"id":25593,"href":"https:\/\/justicapotiguar.com.br\/index.php\/wp-json\/wp\/v2\/posts\/25592\/revisions\/25593"}],"wp:attachment":[{"href":"https:\/\/justicapotiguar.com.br\/index.php\/wp-json\/wp\/v2\/media?parent=25592"}],"wp:term":[{"taxonomy":"category","embeddable":true,"href":"https:\/\/justicapotiguar.com.br\/index.php\/wp-json\/wp\/v2\/categories?post=25592"},{"taxonomy":"post_tag","embeddable":true,"href":"https:\/\/justicapotiguar.com.br\/index.php\/wp-json\/wp\/v2\/tags?post=25592"}],"curies":[{"name":"wp","href":"https:\/\/api.w.org\/{rel}","templated":true}]}}