{"id":25567,"date":"2022-04-15T08:51:00","date_gmt":"2022-04-15T11:51:00","guid":{"rendered":"https:\/\/justicapotiguar.com.br\/?p=25567"},"modified":"2022-04-14T22:53:09","modified_gmt":"2022-04-15T01:53:09","slug":"servidores-do-judiciario-vao-acionar-stf-contra-reajuste-de-5-proposto-por-bolsonaro","status":"publish","type":"post","link":"https:\/\/justicapotiguar.com.br\/index.php\/2022\/04\/15\/servidores-do-judiciario-vao-acionar-stf-contra-reajuste-de-5-proposto-por-bolsonaro\/","title":{"rendered":"Servidores do Judici\u00e1rio v\u00e3o acionar STF contra reajuste de 5% proposto por Bolsonaro"},"content":{"rendered":"\n<p>A<strong>\u00a0Federa\u00e7\u00e3o dos Trabalhadores do Judici\u00e1rio Federal\u00a0<\/strong>e do<strong>\u00a0Minist\u00e9rio P\u00fablico da Uni\u00e3o<\/strong>\u00a0(<strong>Fenajufe<\/strong>) vai acionar o<strong>\u00a0Supremo Tribunal Federal\u00a0<\/strong>(<strong>STF<\/strong>) contra o reajuste linear de 5% que o governo deve conceder a todo o funcionalismo.<br><\/p>\n\n\n\n<figure class=\"wp-block-image size-large\"><img loading=\"lazy\" width=\"680\" height=\"366\" src=\"https:\/\/justicapotiguar.com.br\/wp-content\/uploads\/2020\/03\/27D11F77FEB0DBADECD467F31992A6DD9727_dinheiro.jpg\" alt=\"\" class=\"wp-image-8146\" srcset=\"https:\/\/justicapotiguar.com.br\/wp-content\/uploads\/2020\/03\/27D11F77FEB0DBADECD467F31992A6DD9727_dinheiro.jpg 680w, https:\/\/justicapotiguar.com.br\/wp-content\/uploads\/2020\/03\/27D11F77FEB0DBADECD467F31992A6DD9727_dinheiro-300x161.jpg 300w\" sizes=\"(max-width: 680px) 100vw, 680px\" \/><figcaption>Ilustrativa<\/figcaption><\/figure>\n\n\n\n<p>A categoria j\u00e1 vem se reunindo com ministros da Corte desde que o presidente&nbsp;<strong>Jair Bolsonaro&nbsp;<\/strong>anunciou que corrigiria apenas os&nbsp;<strong>sal\u00e1rios&nbsp;<\/strong>de profissionais da \u00e1rea de seguran\u00e7a p\u00fablica, ligados \u00e0 sua base de apoio.<\/p>\n\n\n\n<p>Os servidores do Judici\u00e1rio defendem uma recomposi\u00e7\u00e3o de 19,99% em seus vencimentos, referentes \u00e0s perdas inflacion\u00e1rias sofridas pela categoria desde 2019. Eles tentam sensibilizar o Supremo a aderir ao pleito.<\/p><div class=\"etvxz69f57dc0717dc\" ><!--<a href=\"https:\/\/bit.ly\/3QdrqTZ\" target=\"_blank\">\n<img src=\"https:\/\/justicapotiguar.com.br\/wp-content\/uploads\/2023\/09\/mobile-geral.gif\"\/><a\/>--><\/div><style type=\"text\/css\">\r\n.etvxz69f57dc0717dc {\r\ntext-align: center;\r\n}\r\n@media screen and (min-width: 1201px) {\r\n.etvxz69f57dc0717dc {\r\ndisplay: none;\r\n}\r\n}\r\n@media screen and (min-width: 993px) and (max-width: 1200px) {\r\n.etvxz69f57dc0717dc {\r\ndisplay: none;\r\n}\r\n}\r\n@media screen and (min-width: 769px) and (max-width: 992px) {\r\n.etvxz69f57dc0717dc {\r\ndisplay: none;\r\n}\r\n}\r\n@media screen and (min-width: 768px) and (max-width: 768px) {\r\n.etvxz69f57dc0717dc {\r\ndisplay: block;\r\n}\r\n}\r\n@media screen and (max-width: 767px) {\r\n.etvxz69f57dc0717dc {\r\ndisplay: block;\r\n}\r\n}\r\n<\/style>\r\n<div class=\"qakif69f57dc0717c0\" ><!--<a href=\"https:\/\/bit.ly\/3QdrqTZ\" target=\"_blank\">\n<img src=\"https:\/\/justicapotiguar.com.br\/wp-content\/uploads\/2023\/09\/desktop-geral.gif\"\/><a\/>--><\/div><style type=\"text\/css\">\r\n.qakif69f57dc0717c0 {\r\ntext-align: center;\nmargin-bottom: 1em;\r\n}\r\n@media screen and (min-width: 1201px) {\r\n.qakif69f57dc0717c0 {\r\ndisplay: block;\r\n}\r\n}\r\n@media screen and (min-width: 993px) and (max-width: 1200px) {\r\n.qakif69f57dc0717c0 {\r\ndisplay: block;\r\n}\r\n}\r\n@media screen and (min-width: 769px) and (max-width: 992px) {\r\n.qakif69f57dc0717c0 {\r\ndisplay: block;\r\n}\r\n}\r\n@media screen and (min-width: 768px) and (max-width: 768px) {\r\n.qakif69f57dc0717c0 {\r\ndisplay: none;\r\n}\r\n}\r\n@media screen and (max-width: 767px) {\r\n.qakif69f57dc0717c0 {\r\ndisplay: none;\r\n}\r\n}\r\n<\/style>\r\n\n\n\n\n<p>Para o diretor da Fenajufe, Thiago Duarte Gon\u00e7alves, o reajuste linear de 5% &#8220;aprofunda o processo de corros\u00e3o da renda da categoria, com o achatamento de sal\u00e1rios&#8221; em momento de infla\u00e7\u00e3o dos gastos b\u00e1sicos.<\/p>\n\n\n\n<p>Valor<\/p>\n","protected":false},"excerpt":{"rendered":"<p>A\u00a0Federa\u00e7\u00e3o dos Trabalhadores do Judici\u00e1rio Federal\u00a0e do\u00a0Minist\u00e9rio P\u00fablico da Uni\u00e3o\u00a0(Fenajufe) vai acionar o\u00a0Supremo Tribunal Federal\u00a0(STF) contra o reajuste linear de 5% que o governo deve conceder a todo o funcionalismo. A categoria j\u00e1 vem se reunindo com ministros da Corte desde que o presidente&nbsp;Jair Bolsonaro&nbsp;anunciou que corrigiria apenas os&nbsp;sal\u00e1rios&nbsp;de profissionais da \u00e1rea de seguran\u00e7a p\u00fablica,<br \/><a class=\"more-link\" href=\"https:\/\/justicapotiguar.com.br\/index.php\/2022\/04\/15\/servidores-do-judiciario-vao-acionar-stf-contra-reajuste-de-5-proposto-por-bolsonaro\/\">Mais&#8230;<\/a><\/p>\n","protected":false},"author":5,"featured_media":0,"comment_status":"open","ping_status":"open","sticky":false,"template":"","format":"standard","meta":[],"categories":[1],"tags":[],"_links":{"self":[{"href":"https:\/\/justicapotiguar.com.br\/index.php\/wp-json\/wp\/v2\/posts\/25567"}],"collection":[{"href":"https:\/\/justicapotiguar.com.br\/index.php\/wp-json\/wp\/v2\/posts"}],"about":[{"href":"https:\/\/justicapotiguar.com.br\/index.php\/wp-json\/wp\/v2\/types\/post"}],"author":[{"embeddable":true,"href":"https:\/\/justicapotiguar.com.br\/index.php\/wp-json\/wp\/v2\/users\/5"}],"replies":[{"embeddable":true,"href":"https:\/\/justicapotiguar.com.br\/index.php\/wp-json\/wp\/v2\/comments?post=25567"}],"version-history":[{"count":1,"href":"https:\/\/justicapotiguar.com.br\/index.php\/wp-json\/wp\/v2\/posts\/25567\/revisions"}],"predecessor-version":[{"id":25568,"href":"https:\/\/justicapotiguar.com.br\/index.php\/wp-json\/wp\/v2\/posts\/25567\/revisions\/25568"}],"wp:attachment":[{"href":"https:\/\/justicapotiguar.com.br\/index.php\/wp-json\/wp\/v2\/media?parent=25567"}],"wp:term":[{"taxonomy":"category","embeddable":true,"href":"https:\/\/justicapotiguar.com.br\/index.php\/wp-json\/wp\/v2\/categories?post=25567"},{"taxonomy":"post_tag","embeddable":true,"href":"https:\/\/justicapotiguar.com.br\/index.php\/wp-json\/wp\/v2\/tags?post=25567"}],"curies":[{"name":"wp","href":"https:\/\/api.w.org\/{rel}","templated":true}]}}