{"id":25486,"date":"2022-04-09T12:29:54","date_gmt":"2022-04-09T15:29:54","guid":{"rendered":"https:\/\/justicapotiguar.com.br\/?p=25486"},"modified":"2022-04-09T12:29:54","modified_gmt":"2022-04-09T15:29:54","slug":"informativo-1-048-do-stf-de-1o-de-abril-de-2022","status":"publish","type":"post","link":"https:\/\/justicapotiguar.com.br\/index.php\/2022\/04\/09\/informativo-1-048-do-stf-de-1o-de-abril-de-2022\/","title":{"rendered":"Informativo 1.048 do STF, de 1\u00ba de abril de 2022"},"content":{"rendered":"\n<p><strong>Rodrigo Leite | @rodrigocrleite<\/strong><\/p>\n\n\n\n<p><strong>Canal P\u00edlulas Jur\u00eddicas \u2013 STF e STJ<\/strong> https:\/\/t.me\/s\/pilulasjuridicasSTFSTJ<\/p>\n\n\n\n<figure class=\"wp-block-image size-large\"><img loading=\"lazy\" width=\"868\" height=\"644\" src=\"https:\/\/justicapotiguar.com.br\/wp-content\/uploads\/2020\/02\/SupremoTribunalFederal-STF-Fachada05-868x644.jpg\" alt=\"\" class=\"wp-image-6068\" srcset=\"https:\/\/justicapotiguar.com.br\/wp-content\/uploads\/2020\/02\/SupremoTribunalFederal-STF-Fachada05-868x644.jpg 868w, https:\/\/justicapotiguar.com.br\/wp-content\/uploads\/2020\/02\/SupremoTribunalFederal-STF-Fachada05-868x644-300x223.jpg 300w, https:\/\/justicapotiguar.com.br\/wp-content\/uploads\/2020\/02\/SupremoTribunalFederal-STF-Fachada05-868x644-768x570.jpg 768w\" sizes=\"(max-width: 868px) 100vw, 868px\" \/><figcaption>. Foto: Se\u0301rgio Lima\/Poder 360<\/figcaption><\/figure>\n\n\n\n<p><strong>PLEN\u00c1RIO<\/strong><\/p>\n\n\n\n<p>&#8211; S\u00e3o indevidos, mediante decreto, o remanejamento dos cargos em comiss\u00e3o destinados aos peritos do Mecanismo Nacional de Preven\u00e7\u00e3o e Combate \u00e0 Tortura (MNPCT), a exonera\u00e7\u00e3o de seus ocupantes e a transforma\u00e7\u00e3o dessa atividade em presta\u00e7\u00e3o de servi\u00e7o p\u00fablico relevante n\u00e3o remunerado &#8211; <strong>ADPF 607\/DF<\/strong>, julgado em 25\/03\/2022.<\/p>\n\n\n\n<p>&#8211; \u00c9 inconstitucional lei estadual que fixe a obrigatoriedade de divulga\u00e7\u00e3o di\u00e1ria de fotos de crian\u00e7as desaparecidas em notici\u00e1rios de TV e em jornais de estado-membro &#8211; <strong>ADI 5292\/SC<\/strong>, julgado em 25\/03\/2022.<\/p><div class=\"mdhar69f1dde555b27\" ><!--<a href=\"https:\/\/bit.ly\/3QdrqTZ\" target=\"_blank\">\n<img src=\"https:\/\/justicapotiguar.com.br\/wp-content\/uploads\/2023\/09\/mobile-geral.gif\"\/><a\/>--><\/div><style type=\"text\/css\">\r\n.mdhar69f1dde555b27 {\r\ntext-align: center;\r\n}\r\n@media screen and (min-width: 1201px) {\r\n.mdhar69f1dde555b27 {\r\ndisplay: none;\r\n}\r\n}\r\n@media screen and (min-width: 993px) and (max-width: 1200px) {\r\n.mdhar69f1dde555b27 {\r\ndisplay: none;\r\n}\r\n}\r\n@media screen and (min-width: 769px) and (max-width: 992px) {\r\n.mdhar69f1dde555b27 {\r\ndisplay: none;\r\n}\r\n}\r\n@media screen and (min-width: 768px) and (max-width: 768px) {\r\n.mdhar69f1dde555b27 {\r\ndisplay: block;\r\n}\r\n}\r\n@media screen and (max-width: 767px) {\r\n.mdhar69f1dde555b27 {\r\ndisplay: block;\r\n}\r\n}\r\n<\/style>\r\n<div class=\"qaart69f1dde555b0c\" ><!--<a href=\"https:\/\/bit.ly\/3QdrqTZ\" target=\"_blank\">\n<img src=\"https:\/\/justicapotiguar.com.br\/wp-content\/uploads\/2023\/09\/desktop-geral.gif\"\/><a\/>--><\/div><style type=\"text\/css\">\r\n.qaart69f1dde555b0c {\r\ntext-align: center;\nmargin-bottom: 1em;\r\n}\r\n@media screen and (min-width: 1201px) {\r\n.qaart69f1dde555b0c {\r\ndisplay: block;\r\n}\r\n}\r\n@media screen and (min-width: 993px) and (max-width: 1200px) {\r\n.qaart69f1dde555b0c {\r\ndisplay: block;\r\n}\r\n}\r\n@media screen and (min-width: 769px) and (max-width: 992px) {\r\n.qaart69f1dde555b0c {\r\ndisplay: block;\r\n}\r\n}\r\n@media screen and (min-width: 768px) and (max-width: 768px) {\r\n.qaart69f1dde555b0c {\r\ndisplay: none;\r\n}\r\n}\r\n@media screen and (max-width: 767px) {\r\n.qaart69f1dde555b0c {\r\ndisplay: none;\r\n}\r\n}\r\n<\/style>\r\n\n\n\n\n<p>&#8211; \u00c9 inconstitucional exigir das entidades estudantis locais e regionais, legitimadas para a expedi\u00e7\u00e3o da carteira de identidade estudantil (CIE), filia\u00e7\u00e3o \u00e0s entidades de abrang\u00eancia nacional \u2013 <strong>ADI 5108\/DF<\/strong>, julgado em 25\/03\/2022.<\/p>\n\n\n\n<p>&#8211; \u00c9 vedado o reenquadramento, em novo Plano de Cargos, Carreiras e Remunera\u00e7\u00e3o, de servidor admitido sem concurso p\u00fablico antes da promulga\u00e7\u00e3o da Constitui\u00e7\u00e3o Federal de 1988, mesmo que beneficiado pela estabilidade excepcional do artigo 19 do ADCT, haja vista que esta regra transit\u00f3ria n\u00e3o prev\u00ea o direito \u00e0 efetividade, nos termos do artigo 37, II, da Constitui\u00e7\u00e3o Federal e decis\u00e3o proferida na ADI 3609 (Rel. Min. Dias Toffoli, Tribunal Pleno, DJe. 30\/10\/2014) \u2013 <strong>ARE 1.306.505\/AC<\/strong>, julgado em 28\/03\/2022, Tema 1157.<\/p>\n\n\n\n<p><em>&#8211; <\/em>\u00c9 v\u00e1lida a atua\u00e7\u00e3o supletiva e excepcional de delegados de pol\u00edcia e de policiais a fim de afastar o agressor do lar, domic\u00edlio ou local de conviv\u00eancia com a ofendida, quando constatado risco atual ou iminente \u00e0 vida ou \u00e0 integridade da mulher em situa\u00e7\u00e3o de viol\u00eancia dom\u00e9stica e familiar, ou de seus dependentes, conforme o art. 12-C inserido na Lei n. 11.340\/2006 (Lei Maria da Penha) \u2013 <strong>ADI 6138\/DF<\/strong>, julgado em 23\/03\/2022.<\/p>\n\n\n\n<p><strong>SEGUNDA TURMA<\/strong><\/p>\n\n\n\n<p>&#8211; Viola o princ\u00edpio da proporcionalidade a considera\u00e7\u00e3o de condena\u00e7\u00e3o anterior pelo delito do art. 28 da Lei n. 11.343\/2006, \u201cporte de droga para consumo pessoal\u201d, para fins de reincid\u00eancia &#8211; <strong>RHC 178.512 AgR\/SP<\/strong>, julgado em 22\/03\/2022.<\/p>\n","protected":false},"excerpt":{"rendered":"<p>Rodrigo Leite | @rodrigocrleite Canal P\u00edlulas Jur\u00eddicas \u2013 STF e STJ https:\/\/t.me\/s\/pilulasjuridicasSTFSTJ PLEN\u00c1RIO &#8211; S\u00e3o indevidos, mediante decreto, o remanejamento dos cargos em comiss\u00e3o destinados aos peritos do Mecanismo Nacional de Preven\u00e7\u00e3o e Combate \u00e0 Tortura (MNPCT), a exonera\u00e7\u00e3o de seus ocupantes e a transforma\u00e7\u00e3o dessa atividade em presta\u00e7\u00e3o de servi\u00e7o p\u00fablico relevante n\u00e3o remunerado<br \/><a class=\"more-link\" href=\"https:\/\/justicapotiguar.com.br\/index.php\/2022\/04\/09\/informativo-1-048-do-stf-de-1o-de-abril-de-2022\/\">Mais&#8230;<\/a><\/p>\n","protected":false},"author":5,"featured_media":0,"comment_status":"open","ping_status":"open","sticky":false,"template":"","format":"standard","meta":[],"categories":[1],"tags":[],"_links":{"self":[{"href":"https:\/\/justicapotiguar.com.br\/index.php\/wp-json\/wp\/v2\/posts\/25486"}],"collection":[{"href":"https:\/\/justicapotiguar.com.br\/index.php\/wp-json\/wp\/v2\/posts"}],"about":[{"href":"https:\/\/justicapotiguar.com.br\/index.php\/wp-json\/wp\/v2\/types\/post"}],"author":[{"embeddable":true,"href":"https:\/\/justicapotiguar.com.br\/index.php\/wp-json\/wp\/v2\/users\/5"}],"replies":[{"embeddable":true,"href":"https:\/\/justicapotiguar.com.br\/index.php\/wp-json\/wp\/v2\/comments?post=25486"}],"version-history":[{"count":1,"href":"https:\/\/justicapotiguar.com.br\/index.php\/wp-json\/wp\/v2\/posts\/25486\/revisions"}],"predecessor-version":[{"id":25487,"href":"https:\/\/justicapotiguar.com.br\/index.php\/wp-json\/wp\/v2\/posts\/25486\/revisions\/25487"}],"wp:attachment":[{"href":"https:\/\/justicapotiguar.com.br\/index.php\/wp-json\/wp\/v2\/media?parent=25486"}],"wp:term":[{"taxonomy":"category","embeddable":true,"href":"https:\/\/justicapotiguar.com.br\/index.php\/wp-json\/wp\/v2\/categories?post=25486"},{"taxonomy":"post_tag","embeddable":true,"href":"https:\/\/justicapotiguar.com.br\/index.php\/wp-json\/wp\/v2\/tags?post=25486"}],"curies":[{"name":"wp","href":"https:\/\/api.w.org\/{rel}","templated":true}]}}