{"id":25426,"date":"2022-04-06T13:02:44","date_gmt":"2022-04-06T16:02:44","guid":{"rendered":"https:\/\/justicapotiguar.com.br\/?p=25426"},"modified":"2022-04-06T13:02:44","modified_gmt":"2022-04-06T16:02:44","slug":"cfoab-escolhe-o-advogado-potiguar-paraibano-rogerio-varela-e-o-brasiliense-rodrigo-badaro-para-o-cnmp","status":"publish","type":"post","link":"https:\/\/justicapotiguar.com.br\/index.php\/2022\/04\/06\/cfoab-escolhe-o-advogado-potiguar-paraibano-rogerio-varela-e-o-brasiliense-rodrigo-badaro-para-o-cnmp\/","title":{"rendered":"CFOAB escolhe o advogado Potiguar\/Paraibano Rog\u00e9rio Varela e o Brasiliense Rodrigo Badar\u00f3 para o CNMP"},"content":{"rendered":"\n<figure class=\"wp-block-image size-large\"><img loading=\"lazy\" width=\"872\" height=\"559\" src=\"https:\/\/justicapotiguar.com.br\/wp-content\/uploads\/2022\/04\/https__img.migalhas.com_.br__SL__gf_base__SL__empresas__SL__MIGA__SL__imagens__SL__2022__SL__04__SL__04__SL__4a9443d1-3fbb-4e7a-96a1-c1dd36452964.jpeg._PROC_CP65.jpeg\" alt=\"\" class=\"wp-image-25427\" srcset=\"https:\/\/justicapotiguar.com.br\/wp-content\/uploads\/2022\/04\/https__img.migalhas.com_.br__SL__gf_base__SL__empresas__SL__MIGA__SL__imagens__SL__2022__SL__04__SL__04__SL__4a9443d1-3fbb-4e7a-96a1-c1dd36452964.jpeg._PROC_CP65.jpeg 872w, https:\/\/justicapotiguar.com.br\/wp-content\/uploads\/2022\/04\/https__img.migalhas.com_.br__SL__gf_base__SL__empresas__SL__MIGA__SL__imagens__SL__2022__SL__04__SL__04__SL__4a9443d1-3fbb-4e7a-96a1-c1dd36452964.jpeg._PROC_CP65-300x192.jpeg 300w, https:\/\/justicapotiguar.com.br\/wp-content\/uploads\/2022\/04\/https__img.migalhas.com_.br__SL__gf_base__SL__empresas__SL__MIGA__SL__imagens__SL__2022__SL__04__SL__04__SL__4a9443d1-3fbb-4e7a-96a1-c1dd36452964.jpeg._PROC_CP65-768x492.jpeg 768w\" sizes=\"(max-width: 872px) 100vw, 872px\" \/><\/figure>\n\n\n\n<p>O Conselho Federal da Ordem dos Advogados do Brasil escolheu, na \u00faltima segunda-feira (4), os nomes que ir\u00e3o representar a advocacia no Conselho Nacional do Minist\u00e9rio P\u00fablico (CNMP) e no Tribunal Regional Federal da 3\u00aa Regi\u00e3o (TRF3). Para o CNMP. Assim, foram escolhidos o advogado Rog\u00e9rio Magnus Varela Gon\u00e7alves, nascido em Caic\u00f3, mas radicado na Para\u00edba h\u00e1 muitos anos, e Rodrigo Badar\u00f3 Almeida de Castro (DF)<br>Rog\u00e9rio Varela e Rodrigo Badar\u00f3 receberam, cada um, 25 votos. Os candidatos foram eleitos por voto secreto ap\u00f3s sabatina com a participa\u00e7\u00e3o dos 81 conselheiros federais. O mandato \u00e9 de dois anos.<\/p>\n\n\n\n<p><br>Os advogados escolhidos pela OAB ser\u00e3o ainda sabatinados pelo Senado Federal e dever\u00e3o ter os nomes aprovados pelo plen\u00e1rio da Casa Legislativa, para ent\u00e3o serem nomeados aos cargos pelo presidente da Rep\u00fablica.<\/p>\n\n\n\n<p><br>Criado em 30 de dezembro de 2004, pela Emenda Constitucional n\u00ba 45, o CNMP \u00e9 o \u00f3rg\u00e3o de controle externo e de fiscaliza\u00e7\u00e3o do exerc\u00edcio administrativo e financeiro do Minist\u00e9rio P\u00fablico.<br>O Presidente da OAB-PB, Harrison Targino, que acompanhou a sess\u00e3o do Conselho Federal da OAB em Bras\u00edlia para definir as listas, enalteceu a indica\u00e7\u00e3o de Varela. \u201d Rog\u00e9rio Varela foi eleito pelo Conselho Federal da OAB como membro do Conselho Nacional do Minist\u00e9rio P\u00fablico por seus m\u00e9ritos como advogado e professor. Varela \u00e9 uma refer\u00eancia da cultura jur\u00eddica paraibana\u201d, afirmou.<\/p><div class=\"gqzup69f11123652cb\" ><!--<a href=\"https:\/\/bit.ly\/3QdrqTZ\" target=\"_blank\">\n<img src=\"https:\/\/justicapotiguar.com.br\/wp-content\/uploads\/2023\/09\/mobile-geral.gif\"\/><a\/>--><\/div><style type=\"text\/css\">\r\n.gqzup69f11123652cb {\r\ntext-align: center;\r\n}\r\n@media screen and (min-width: 1201px) {\r\n.gqzup69f11123652cb {\r\ndisplay: none;\r\n}\r\n}\r\n@media screen and (min-width: 993px) and (max-width: 1200px) {\r\n.gqzup69f11123652cb {\r\ndisplay: none;\r\n}\r\n}\r\n@media screen and (min-width: 769px) and (max-width: 992px) {\r\n.gqzup69f11123652cb {\r\ndisplay: none;\r\n}\r\n}\r\n@media screen and (min-width: 768px) and (max-width: 768px) {\r\n.gqzup69f11123652cb {\r\ndisplay: block;\r\n}\r\n}\r\n@media screen and (max-width: 767px) {\r\n.gqzup69f11123652cb {\r\ndisplay: block;\r\n}\r\n}\r\n<\/style>\r\n<div class=\"nxfgy69f11123652a6\" ><!--<a href=\"https:\/\/bit.ly\/3QdrqTZ\" target=\"_blank\">\n<img src=\"https:\/\/justicapotiguar.com.br\/wp-content\/uploads\/2023\/09\/desktop-geral.gif\"\/><a\/>--><\/div><style type=\"text\/css\">\r\n.nxfgy69f11123652a6 {\r\ntext-align: center;\nmargin-bottom: 1em;\r\n}\r\n@media screen and (min-width: 1201px) {\r\n.nxfgy69f11123652a6 {\r\ndisplay: block;\r\n}\r\n}\r\n@media screen and (min-width: 993px) and (max-width: 1200px) {\r\n.nxfgy69f11123652a6 {\r\ndisplay: block;\r\n}\r\n}\r\n@media screen and (min-width: 769px) and (max-width: 992px) {\r\n.nxfgy69f11123652a6 {\r\ndisplay: block;\r\n}\r\n}\r\n@media screen and (min-width: 768px) and (max-width: 768px) {\r\n.nxfgy69f11123652a6 {\r\ndisplay: none;\r\n}\r\n}\r\n@media screen and (max-width: 767px) {\r\n.nxfgy69f11123652a6 {\r\ndisplay: none;\r\n}\r\n}\r\n<\/style>\r\n\n\n\n\n<p><br>J\u00e1 o Presidente da OAB-RN, Aldo Medeiros, que tamb\u00e9m esteve presente na sess\u00e3o revelou a alegria de ter um conterr\u00e2neo Seridoense, ainda que radicado h\u00e1 anos no vizinho estado da Para\u00edba, escolhido pelo CFOAB para compor o CNMP, o que reafirma o protagonismo que os Estados do Nordeste vem assumindo no \u00f3rg\u00e3o nacional da OAB.<\/p>\n\n\n\n<p><\/p>\n","protected":false},"excerpt":{"rendered":"<p>O Conselho Federal da Ordem dos Advogados do Brasil escolheu, na \u00faltima segunda-feira (4), os nomes que ir\u00e3o representar a advocacia no Conselho Nacional do Minist\u00e9rio P\u00fablico (CNMP) e no Tribunal Regional Federal da 3\u00aa Regi\u00e3o (TRF3). Para o CNMP. Assim, foram escolhidos o advogado Rog\u00e9rio Magnus Varela Gon\u00e7alves, nascido em Caic\u00f3, mas radicado na<br \/><a class=\"more-link\" href=\"https:\/\/justicapotiguar.com.br\/index.php\/2022\/04\/06\/cfoab-escolhe-o-advogado-potiguar-paraibano-rogerio-varela-e-o-brasiliense-rodrigo-badaro-para-o-cnmp\/\">Mais&#8230;<\/a><\/p>\n","protected":false},"author":5,"featured_media":0,"comment_status":"open","ping_status":"open","sticky":false,"template":"","format":"standard","meta":[],"categories":[1],"tags":[],"_links":{"self":[{"href":"https:\/\/justicapotiguar.com.br\/index.php\/wp-json\/wp\/v2\/posts\/25426"}],"collection":[{"href":"https:\/\/justicapotiguar.com.br\/index.php\/wp-json\/wp\/v2\/posts"}],"about":[{"href":"https:\/\/justicapotiguar.com.br\/index.php\/wp-json\/wp\/v2\/types\/post"}],"author":[{"embeddable":true,"href":"https:\/\/justicapotiguar.com.br\/index.php\/wp-json\/wp\/v2\/users\/5"}],"replies":[{"embeddable":true,"href":"https:\/\/justicapotiguar.com.br\/index.php\/wp-json\/wp\/v2\/comments?post=25426"}],"version-history":[{"count":1,"href":"https:\/\/justicapotiguar.com.br\/index.php\/wp-json\/wp\/v2\/posts\/25426\/revisions"}],"predecessor-version":[{"id":25428,"href":"https:\/\/justicapotiguar.com.br\/index.php\/wp-json\/wp\/v2\/posts\/25426\/revisions\/25428"}],"wp:attachment":[{"href":"https:\/\/justicapotiguar.com.br\/index.php\/wp-json\/wp\/v2\/media?parent=25426"}],"wp:term":[{"taxonomy":"category","embeddable":true,"href":"https:\/\/justicapotiguar.com.br\/index.php\/wp-json\/wp\/v2\/categories?post=25426"},{"taxonomy":"post_tag","embeddable":true,"href":"https:\/\/justicapotiguar.com.br\/index.php\/wp-json\/wp\/v2\/tags?post=25426"}],"curies":[{"name":"wp","href":"https:\/\/api.w.org\/{rel}","templated":true}]}}