{"id":25405,"date":"2022-04-05T11:08:28","date_gmt":"2022-04-05T14:08:28","guid":{"rendered":"https:\/\/justicapotiguar.com.br\/?p=25405"},"modified":"2022-04-05T11:08:28","modified_gmt":"2022-04-05T14:08:28","slug":"lewandowski-permite-que-defesa-de-lula-use-mensagens-de-deltan-em-acao","status":"publish","type":"post","link":"https:\/\/justicapotiguar.com.br\/index.php\/2022\/04\/05\/lewandowski-permite-que-defesa-de-lula-use-mensagens-de-deltan-em-acao\/","title":{"rendered":"Lewandowski permite que defesa de Lula use mensagens de Deltan em a\u00e7\u00e3o"},"content":{"rendered":"\n<p>O ministro Ricardo Lewandowski, do Supremo Tribunal Federal, atendeu nesta segunda-feira (4\/4) a pedido da defesa do ex-presidente Luiz In\u00e1cio Lula da Silva para que sejam feitas c\u00f3pias de mensagens atribu\u00eddas ao ex-procurador Deltan Dallagnol para fundamentar a\u00e7\u00e3o indenizat\u00f3ria que o petista ajuizou contra ele por causa da famosa &#8220;coletiva do PowerPoint&#8221;. Essas mensagens foram obtidas por&nbsp;<em>hackers<\/em>&nbsp;e posteriormente apreendidas pela Pol\u00edcia Federal&nbsp;no curso da apelidada opera\u00e7\u00e3o &#8220;spoofing&#8221;.<\/p>\n\n\n\n<figure class=\"wp-block-image\"><img src=\"https:\/\/www.conjur.com.br\/img\/b\/deltan-dallagnol-powerpoint-lula.jpeg\" alt=\"\"\/><figcaption>Procurador foi condenado a indenizar Lula em R$ 75 mil por espet\u00e1culo do PowerPoint<br><sup>Reprodu\u00e7\u00e3o\/Twitter<\/sup><\/figcaption><\/figure>\n\n\n\n<p>&#8220;Tratando-se de documentos p\u00fablicos, nada impede a extra\u00e7\u00e3o de c\u00f3pias, por parte do reclamante, dos elementos de convic\u00e7\u00e3o aqui contidos e que possam, eventualmente, subsidiar outras a\u00e7\u00f5es nas quais figure como parte&#8221;, escreveu o ministro ao acolher pedido da defesa de Lula.<\/p>\n\n\n\n<p>Na decis\u00e3o, Lewandowski lembrou que j\u00e1 deferiu pedidos semelhantes ao da defesa do ex-presidente ap\u00f3s solicita\u00e7\u00f5es feitas pelo Conselho Federal da OAB, pelo TCU, pelo STJ, pela Receita Federal e pela Controladoria-Geral da Uni\u00e3o.<\/p>\n\n\n\n<p>No pedido, a defesa de Lula \u2014 feita pelos advogados&nbsp;<strong>Cristiano Zanin<\/strong>&nbsp;e&nbsp;<strong>Valeska&nbsp;Martins<\/strong>&nbsp;\u2014 sustenta que encontraram&nbsp;mensagens &#8220;mostram inequivocamente&nbsp;que o ex-procurador da Rep\u00fablica Deltan Dallagnol tinha plena ci\u00eancia de que havia cometido um ato ilegal contra o reclamante (Lula) ao apresentar o famigerado &#8216;PowerPoint'&#8221;.<\/p><div class=\"ojaqu69f1c09137ac3\" ><!--<a href=\"https:\/\/bit.ly\/3QdrqTZ\" target=\"_blank\">\n<img src=\"https:\/\/justicapotiguar.com.br\/wp-content\/uploads\/2023\/09\/mobile-geral.gif\"\/><a\/>--><\/div><style type=\"text\/css\">\r\n.ojaqu69f1c09137ac3 {\r\ntext-align: center;\r\n}\r\n@media screen and (min-width: 1201px) {\r\n.ojaqu69f1c09137ac3 {\r\ndisplay: none;\r\n}\r\n}\r\n@media screen and (min-width: 993px) and (max-width: 1200px) {\r\n.ojaqu69f1c09137ac3 {\r\ndisplay: none;\r\n}\r\n}\r\n@media screen and (min-width: 769px) and (max-width: 992px) {\r\n.ojaqu69f1c09137ac3 {\r\ndisplay: none;\r\n}\r\n}\r\n@media screen and (min-width: 768px) and (max-width: 768px) {\r\n.ojaqu69f1c09137ac3 {\r\ndisplay: block;\r\n}\r\n}\r\n@media screen and (max-width: 767px) {\r\n.ojaqu69f1c09137ac3 {\r\ndisplay: block;\r\n}\r\n}\r\n<\/style>\r\n<div class=\"vjuet69f1c09137ab0\" ><!--<a href=\"https:\/\/bit.ly\/3QdrqTZ\" target=\"_blank\">\n<img src=\"https:\/\/justicapotiguar.com.br\/wp-content\/uploads\/2023\/09\/desktop-geral.gif\"\/><a\/>--><\/div><style type=\"text\/css\">\r\n.vjuet69f1c09137ab0 {\r\ntext-align: center;\nmargin-bottom: 1em;\r\n}\r\n@media screen and (min-width: 1201px) {\r\n.vjuet69f1c09137ab0 {\r\ndisplay: block;\r\n}\r\n}\r\n@media screen and (min-width: 993px) and (max-width: 1200px) {\r\n.vjuet69f1c09137ab0 {\r\ndisplay: block;\r\n}\r\n}\r\n@media screen and (min-width: 769px) and (max-width: 992px) {\r\n.vjuet69f1c09137ab0 {\r\ndisplay: block;\r\n}\r\n}\r\n@media screen and (min-width: 768px) and (max-width: 768px) {\r\n.vjuet69f1c09137ab0 {\r\ndisplay: none;\r\n}\r\n}\r\n@media screen and (max-width: 767px) {\r\n.vjuet69f1c09137ab0 {\r\ndisplay: none;\r\n}\r\n}\r\n<\/style>\r\n\n\n\n\n<p>No \u00faltimo dia&nbsp;22, a 4\u00aa Turma do Superior Tribunal de Justi\u00e7a deu provimento ao recurso especial do ex-presidente para condenar Deltan Dallagnol a indeniz\u00e1-lo pelos danos morais causados na entrevista, na qual divulgou den\u00fancia oferecida pela extinta &#8220;lava jato&#8221; contra o petista.<\/p>\n\n\n\n<p>O resultado na 4\u00aa Turma foi alcan\u00e7ado por maioria de votos, conforme a posi\u00e7\u00e3o do relator, ministro Luis Felipe Salom\u00e3o. Ele foi acompanhado pelos ministros Raul Ara\u00fajo, Antonio Carlos Ferreira e Marco Buzzi.<\/p>\n\n\n\n<p>Ficou vencida a ministra Isabel Gallotti, para quem a a\u00e7\u00e3o de Lula s\u00f3 poderia ser ajuizada contra a Uni\u00e3o, j\u00e1 que Deltan teria cometido os abusos no exerc\u00edcio de sua fun\u00e7\u00e3o p\u00fablica de procurador-geral da Rep\u00fablica.<\/p>\n\n\n\n<p>Conjur<\/p>\n","protected":false},"excerpt":{"rendered":"<p>O ministro Ricardo Lewandowski, do Supremo Tribunal Federal, atendeu nesta segunda-feira (4\/4) a pedido da defesa do ex-presidente Luiz In\u00e1cio Lula da Silva para que sejam feitas c\u00f3pias de mensagens atribu\u00eddas ao ex-procurador Deltan Dallagnol para fundamentar a\u00e7\u00e3o indenizat\u00f3ria que o petista ajuizou contra ele por causa da famosa &#8220;coletiva do PowerPoint&#8221;. Essas mensagens foram<br \/><a class=\"more-link\" href=\"https:\/\/justicapotiguar.com.br\/index.php\/2022\/04\/05\/lewandowski-permite-que-defesa-de-lula-use-mensagens-de-deltan-em-acao\/\">Mais&#8230;<\/a><\/p>\n","protected":false},"author":5,"featured_media":0,"comment_status":"open","ping_status":"open","sticky":false,"template":"","format":"standard","meta":[],"categories":[1],"tags":[],"_links":{"self":[{"href":"https:\/\/justicapotiguar.com.br\/index.php\/wp-json\/wp\/v2\/posts\/25405"}],"collection":[{"href":"https:\/\/justicapotiguar.com.br\/index.php\/wp-json\/wp\/v2\/posts"}],"about":[{"href":"https:\/\/justicapotiguar.com.br\/index.php\/wp-json\/wp\/v2\/types\/post"}],"author":[{"embeddable":true,"href":"https:\/\/justicapotiguar.com.br\/index.php\/wp-json\/wp\/v2\/users\/5"}],"replies":[{"embeddable":true,"href":"https:\/\/justicapotiguar.com.br\/index.php\/wp-json\/wp\/v2\/comments?post=25405"}],"version-history":[{"count":1,"href":"https:\/\/justicapotiguar.com.br\/index.php\/wp-json\/wp\/v2\/posts\/25405\/revisions"}],"predecessor-version":[{"id":25406,"href":"https:\/\/justicapotiguar.com.br\/index.php\/wp-json\/wp\/v2\/posts\/25405\/revisions\/25406"}],"wp:attachment":[{"href":"https:\/\/justicapotiguar.com.br\/index.php\/wp-json\/wp\/v2\/media?parent=25405"}],"wp:term":[{"taxonomy":"category","embeddable":true,"href":"https:\/\/justicapotiguar.com.br\/index.php\/wp-json\/wp\/v2\/categories?post=25405"},{"taxonomy":"post_tag","embeddable":true,"href":"https:\/\/justicapotiguar.com.br\/index.php\/wp-json\/wp\/v2\/tags?post=25405"}],"curies":[{"name":"wp","href":"https:\/\/api.w.org\/{rel}","templated":true}]}}