{"id":25403,"date":"2022-04-05T10:13:00","date_gmt":"2022-04-05T13:13:00","guid":{"rendered":"https:\/\/justicapotiguar.com.br\/?p=25403"},"modified":"2022-04-04T22:15:01","modified_gmt":"2022-04-05T01:15:01","slug":"video-stf-nao-respeita-a-constituicao-diz-ministro-do-tst","status":"publish","type":"post","link":"https:\/\/justicapotiguar.com.br\/index.php\/2022\/04\/05\/video-stf-nao-respeita-a-constituicao-diz-ministro-do-tst\/","title":{"rendered":"V\u00cdDEO: &#8220;STF n\u00e3o respeita a Constitui\u00e7\u00e3o&#8221;, diz ministro do TST"},"content":{"rendered":"\n<figure class=\"wp-block-embed is-type-video is-provider-youtube wp-block-embed-youtube wp-embed-aspect-16-9 wp-has-aspect-ratio\"><div class=\"wp-block-embed__wrapper\">\n<iframe loading=\"lazy\" title=\"STF n\u00e3o respeita a Constitui\u00e7\u00e3o, diz ministro do TST em evento\" width=\"640\" height=\"360\" src=\"https:\/\/www.youtube.com\/embed\/YEC3iK57Heg?feature=oembed\" frameborder=\"0\" allow=\"accelerometer; autoplay; clipboard-write; encrypted-media; gyroscope; picture-in-picture\" allowfullscreen><\/iframe>\n<\/div><\/figure>\n\n\n\n<p>O ministro do TST Ives Gandra da Silva Martins Filho afirmou que o STF, em muitas ocasi\u00f5es, n\u00e3o respeita a Constitui\u00e7\u00e3o Federal. A fala foi proferida no \u00faltimo dia 31 de mar\u00e7o, durante o 2\u00ba semin\u00e1rio &#8220;O Brasil em Transforma\u00e7\u00e3o&#8221;, evento organizado pela Escola Nacional de Forma\u00e7\u00e3o e Aperfei\u00e7oamento de Magistrados da Justi\u00e7a Militar da Uni\u00e3o e transmitido pelo STM.&nbsp;<\/p>\n\n\n\n<p>A palestra de Ives Gandra foi sobre &#8220;ativismo judicial&#8221;. Em sua fala, o ministro do TST afirma que o Poder Judici\u00e1rio, atualmente, \u00e9 desprestigiado na sociedade, pois invade o escopo de atua\u00e7\u00e3o do Executivo e do Legislativo. Al\u00e9m disso, disse que &#8220;o epicentro da crise pol\u00edtica brasileira est\u00e1 no Poder Judici\u00e1rio&#8221;.&nbsp;<\/p><div class=\"cvmqe69f1c08b31373\" ><!--<a href=\"https:\/\/bit.ly\/3QdrqTZ\" target=\"_blank\">\n<img src=\"https:\/\/justicapotiguar.com.br\/wp-content\/uploads\/2023\/09\/mobile-geral.gif\"\/><a\/>--><\/div><style type=\"text\/css\">\r\n.cvmqe69f1c08b31373 {\r\ntext-align: center;\r\n}\r\n@media screen and (min-width: 1201px) {\r\n.cvmqe69f1c08b31373 {\r\ndisplay: none;\r\n}\r\n}\r\n@media screen and (min-width: 993px) and (max-width: 1200px) {\r\n.cvmqe69f1c08b31373 {\r\ndisplay: none;\r\n}\r\n}\r\n@media screen and (min-width: 769px) and (max-width: 992px) {\r\n.cvmqe69f1c08b31373 {\r\ndisplay: none;\r\n}\r\n}\r\n@media screen and (min-width: 768px) and (max-width: 768px) {\r\n.cvmqe69f1c08b31373 {\r\ndisplay: block;\r\n}\r\n}\r\n@media screen and (max-width: 767px) {\r\n.cvmqe69f1c08b31373 {\r\ndisplay: block;\r\n}\r\n}\r\n<\/style>\r\n<div class=\"wyzvn69f1c08b31358\" ><!--<a href=\"https:\/\/bit.ly\/3QdrqTZ\" target=\"_blank\">\n<img src=\"https:\/\/justicapotiguar.com.br\/wp-content\/uploads\/2023\/09\/desktop-geral.gif\"\/><a\/>--><\/div><style type=\"text\/css\">\r\n.wyzvn69f1c08b31358 {\r\ntext-align: center;\nmargin-bottom: 1em;\r\n}\r\n@media screen and (min-width: 1201px) {\r\n.wyzvn69f1c08b31358 {\r\ndisplay: block;\r\n}\r\n}\r\n@media screen and (min-width: 993px) and (max-width: 1200px) {\r\n.wyzvn69f1c08b31358 {\r\ndisplay: block;\r\n}\r\n}\r\n@media screen and (min-width: 769px) and (max-width: 992px) {\r\n.wyzvn69f1c08b31358 {\r\ndisplay: block;\r\n}\r\n}\r\n@media screen and (min-width: 768px) and (max-width: 768px) {\r\n.wyzvn69f1c08b31358 {\r\ndisplay: none;\r\n}\r\n}\r\n@media screen and (max-width: 767px) {\r\n.wyzvn69f1c08b31358 {\r\ndisplay: none;\r\n}\r\n}\r\n<\/style>\r\n\n\n\n\n<p>Como exemplos de ativismo, o ministro cita a atua\u00e7\u00e3o do Supremo em temas como aborto e casamento homoafetivo: &#8220;exemplos clar\u00edssimo de ativismo&#8221;. Assista a trechos da palestra:<\/p>\n\n\n\n<p>Migalhas<\/p>\n","protected":false},"excerpt":{"rendered":"<p>O ministro do TST Ives Gandra da Silva Martins Filho afirmou que o STF, em muitas ocasi\u00f5es, n\u00e3o respeita a Constitui\u00e7\u00e3o Federal. A fala foi proferida no \u00faltimo dia 31 de mar\u00e7o, durante o 2\u00ba semin\u00e1rio &#8220;O Brasil em Transforma\u00e7\u00e3o&#8221;, evento organizado pela Escola Nacional de Forma\u00e7\u00e3o e Aperfei\u00e7oamento de Magistrados da Justi\u00e7a Militar da<br \/><a class=\"more-link\" href=\"https:\/\/justicapotiguar.com.br\/index.php\/2022\/04\/05\/video-stf-nao-respeita-a-constituicao-diz-ministro-do-tst\/\">Mais&#8230;<\/a><\/p>\n","protected":false},"author":5,"featured_media":0,"comment_status":"open","ping_status":"open","sticky":false,"template":"","format":"standard","meta":[],"categories":[1],"tags":[],"_links":{"self":[{"href":"https:\/\/justicapotiguar.com.br\/index.php\/wp-json\/wp\/v2\/posts\/25403"}],"collection":[{"href":"https:\/\/justicapotiguar.com.br\/index.php\/wp-json\/wp\/v2\/posts"}],"about":[{"href":"https:\/\/justicapotiguar.com.br\/index.php\/wp-json\/wp\/v2\/types\/post"}],"author":[{"embeddable":true,"href":"https:\/\/justicapotiguar.com.br\/index.php\/wp-json\/wp\/v2\/users\/5"}],"replies":[{"embeddable":true,"href":"https:\/\/justicapotiguar.com.br\/index.php\/wp-json\/wp\/v2\/comments?post=25403"}],"version-history":[{"count":1,"href":"https:\/\/justicapotiguar.com.br\/index.php\/wp-json\/wp\/v2\/posts\/25403\/revisions"}],"predecessor-version":[{"id":25404,"href":"https:\/\/justicapotiguar.com.br\/index.php\/wp-json\/wp\/v2\/posts\/25403\/revisions\/25404"}],"wp:attachment":[{"href":"https:\/\/justicapotiguar.com.br\/index.php\/wp-json\/wp\/v2\/media?parent=25403"}],"wp:term":[{"taxonomy":"category","embeddable":true,"href":"https:\/\/justicapotiguar.com.br\/index.php\/wp-json\/wp\/v2\/categories?post=25403"},{"taxonomy":"post_tag","embeddable":true,"href":"https:\/\/justicapotiguar.com.br\/index.php\/wp-json\/wp\/v2\/tags?post=25403"}],"curies":[{"name":"wp","href":"https:\/\/api.w.org\/{rel}","templated":true}]}}