{"id":25401,"date":"2022-04-05T09:10:00","date_gmt":"2022-04-05T12:10:00","guid":{"rendered":"https:\/\/justicapotiguar.com.br\/?p=25401"},"modified":"2022-04-04T22:12:19","modified_gmt":"2022-04-05T01:12:19","slug":"eleitores-tem-um-mes-para-regularizar-situacao-com-a-justica-eleitoral","status":"publish","type":"post","link":"https:\/\/justicapotiguar.com.br\/index.php\/2022\/04\/05\/eleitores-tem-um-mes-para-regularizar-situacao-com-a-justica-eleitoral\/","title":{"rendered":"Eleitores t\u00eam um m\u00eas para regularizar situa\u00e7\u00e3o com a Justi\u00e7a Eleitoral"},"content":{"rendered":"\n<p>Termina no dia 4 de maio o prazo para eleitores e eleitoras solicitarem a primeira via do t\u00edtulo eleitoral, regulariza\u00e7\u00e3o do documento, transfer\u00eancia ou atualiza\u00e7\u00e3o de dados. O procedimento \u00e9 simples, r\u00e1pido e pode ser feito pela internet, na p\u00e1gina do Autoatendimento do Eleitor (<a href=\"https:\/\/www.tse.jus.br\/eleitor\/autoatendimento-do-eleitor\/#\/\" target=\"_blank\" rel=\"noreferrer noopener\">https:\/\/www.tse.jus.br\/eleitor\/autoatendimento-do-eleitor\/#\/<\/a>).<\/p>\n\n\n\n<p>A data \u00e9 estipulada pela Lei das Elei\u00e7\u00f5es (Lei n\u00ba 9.504\/97 \u2013 artigo 91), que prev\u00ea o fechamento do Cadastro Eleitoral 150 dias antes de cada pleito. Durante esse per\u00edodo, o cidad\u00e3o poder\u00e1 resolver pend\u00eancias como transfer\u00eancia de domic\u00edlio eleitoral ou outras decorrentes de aus\u00eancia ou justificativa nas tr\u00eas \u00faltimas elei\u00e7\u00f5es.<\/p>\n\n\n\n<p>Portanto, para evitar contratempos, \u00e9 importante n\u00e3o deixar para o fim do prazo (pois nos \u00faltimos dias, \u00e9 alta a procura pelo servi\u00e7o) para quitar eventuais d\u00e9bitos e poder exercer o direito de participar da escolha dos pr\u00f3ximos deputados estaduais, deputados federais, governadores, senadores e presidente da Rep\u00fablica. A vota\u00e7\u00e3o em primeiro turno ocorrer\u00e1 no dia 2 de outubro, e o segundo turno, se houver, em 30 de outubro.<br><strong><br>Como regularizar?<\/strong><\/p>\n\n\n\n<figure class=\"wp-block-image size-large\"><img loading=\"lazy\" width=\"1024\" height=\"613\" src=\"https:\/\/justicapotiguar.com.br\/wp-content\/uploads\/2020\/03\/etitulo-1024x613.jpg\" alt=\"\" class=\"wp-image-6878\" srcset=\"https:\/\/justicapotiguar.com.br\/wp-content\/uploads\/2020\/03\/etitulo-1024x613.jpg 1024w, https:\/\/justicapotiguar.com.br\/wp-content\/uploads\/2020\/03\/etitulo-300x179.jpg 300w, https:\/\/justicapotiguar.com.br\/wp-content\/uploads\/2020\/03\/etitulo-768x459.jpg 768w, https:\/\/justicapotiguar.com.br\/wp-content\/uploads\/2020\/03\/etitulo.jpg 1170w\" sizes=\"(max-width: 1024px) 100vw, 1024px\" \/><figcaption>Ilustrativa<\/figcaption><\/figure>\n\n\n\n<p>No site do TRE-RN (<a href=\"https:\/\/www.tre-rn.jus.br\/\" target=\"_blank\" rel=\"noreferrer noopener\">https:\/\/www.tre-rn.jus.br\/<\/a>) h\u00e1 um destaque principal que leva at\u00e9 a p\u00e1gina do Autoatendimento do Eleitor. L\u00e1 o internauta acessa o sistema T\u00edtulo Net, preenche o formul\u00e1rio com suas informa\u00e7\u00f5es e anexa os documentos solicitados. Ap\u00f3s o preenchimento, \u00e9 gerado protocolo para acompanhamento. Na sequ\u00eancia, os dados s\u00e3o enviados imediatamente para a Zona Eleitoral correspondente e, caso estejam todos corretos, ap\u00f3s verifica\u00e7\u00e3o pela equipe do cart\u00f3rio, as informa\u00e7\u00f5es s\u00e3o encaminhadas para o Tribunal Superior Eleitoral para valida\u00e7\u00e3o. Vale lembrar que quem possui d\u00e9bito com a Justi\u00e7a Eleitoral deve quitar a d\u00edvida antes de iniciar o requerimento.<\/p><div class=\"lphcn69f1c0ca15bdc\" ><!--<a href=\"https:\/\/bit.ly\/3QdrqTZ\" target=\"_blank\">\n<img src=\"https:\/\/justicapotiguar.com.br\/wp-content\/uploads\/2023\/09\/mobile-geral.gif\"\/><a\/>--><\/div><style type=\"text\/css\">\r\n.lphcn69f1c0ca15bdc {\r\ntext-align: center;\r\n}\r\n@media screen and (min-width: 1201px) {\r\n.lphcn69f1c0ca15bdc {\r\ndisplay: none;\r\n}\r\n}\r\n@media screen and (min-width: 993px) and (max-width: 1200px) {\r\n.lphcn69f1c0ca15bdc {\r\ndisplay: none;\r\n}\r\n}\r\n@media screen and (min-width: 769px) and (max-width: 992px) {\r\n.lphcn69f1c0ca15bdc {\r\ndisplay: none;\r\n}\r\n}\r\n@media screen and (min-width: 768px) and (max-width: 768px) {\r\n.lphcn69f1c0ca15bdc {\r\ndisplay: block;\r\n}\r\n}\r\n@media screen and (max-width: 767px) {\r\n.lphcn69f1c0ca15bdc {\r\ndisplay: block;\r\n}\r\n}\r\n<\/style>\r\n<div class=\"isjvg69f1c0ca15bc6\" ><!--<a href=\"https:\/\/bit.ly\/3QdrqTZ\" target=\"_blank\">\n<img src=\"https:\/\/justicapotiguar.com.br\/wp-content\/uploads\/2023\/09\/desktop-geral.gif\"\/><a\/>--><\/div><style type=\"text\/css\">\r\n.isjvg69f1c0ca15bc6 {\r\ntext-align: center;\nmargin-bottom: 1em;\r\n}\r\n@media screen and (min-width: 1201px) {\r\n.isjvg69f1c0ca15bc6 {\r\ndisplay: block;\r\n}\r\n}\r\n@media screen and (min-width: 993px) and (max-width: 1200px) {\r\n.isjvg69f1c0ca15bc6 {\r\ndisplay: block;\r\n}\r\n}\r\n@media screen and (min-width: 769px) and (max-width: 992px) {\r\n.isjvg69f1c0ca15bc6 {\r\ndisplay: block;\r\n}\r\n}\r\n@media screen and (min-width: 768px) and (max-width: 768px) {\r\n.isjvg69f1c0ca15bc6 {\r\ndisplay: none;\r\n}\r\n}\r\n@media screen and (max-width: 767px) {\r\n.isjvg69f1c0ca15bc6 {\r\ndisplay: none;\r\n}\r\n}\r\n<\/style>\r\n\n\n\n\n<p>Havendo necessidade de ajustes nos dados, o cart\u00f3rio eleitoral entrar\u00e1 em contato por e-mail ou WhatsApp para a complementa\u00e7\u00e3o. Por isso, o TRE-RN refor\u00e7a a import\u00e2ncia do preenchimento correto das informa\u00e7\u00f5es solicitadas no requerimento para agilizar o atendimento.<\/p>\n\n\n\n<p>Na p\u00e1gina do Autoatendimento do Eleitor tamb\u00e9m \u00e9 poss\u00edvel acompanhar o andamento da solicita\u00e7\u00e3o, imprimir o t\u00edtulo de eleitor, consultar a exist\u00eancia de multa eleitoral, emitir certid\u00f5es e muito mais.<\/p>\n\n\n\n<p><strong>Biometria<\/strong><\/p>\n\n\n\n<p>\u00c9 importante lembrar que a coleta da biometria est\u00e1 suspensa, conforme estabelecido na Resolu\u00e7\u00e3o n\u00ba 23.615\/2020 e confirmado pela Resolu\u00e7\u00e3o TSE n\u00ba 23.667\/2021. Portanto, quem est\u00e1 com o t\u00edtulo em dia e quer apenas cadastrar a biometria n\u00e3o precisa buscar atendimento por enquanto. Essas pessoas poder\u00e3o votar normalmente nas Elei\u00e7\u00f5es 2022.<\/p>\n","protected":false},"excerpt":{"rendered":"<p>Termina no dia 4 de maio o prazo para eleitores e eleitoras solicitarem a primeira via do t\u00edtulo eleitoral, regulariza\u00e7\u00e3o do documento, transfer\u00eancia ou atualiza\u00e7\u00e3o de dados. O procedimento \u00e9 simples, r\u00e1pido e pode ser feito pela internet, na p\u00e1gina do Autoatendimento do Eleitor (https:\/\/www.tse.jus.br\/eleitor\/autoatendimento-do-eleitor\/#\/). A data \u00e9 estipulada pela Lei das Elei\u00e7\u00f5es (Lei n\u00ba<br \/><a class=\"more-link\" href=\"https:\/\/justicapotiguar.com.br\/index.php\/2022\/04\/05\/eleitores-tem-um-mes-para-regularizar-situacao-com-a-justica-eleitoral\/\">Mais&#8230;<\/a><\/p>\n","protected":false},"author":5,"featured_media":0,"comment_status":"open","ping_status":"open","sticky":false,"template":"","format":"standard","meta":[],"categories":[1],"tags":[],"_links":{"self":[{"href":"https:\/\/justicapotiguar.com.br\/index.php\/wp-json\/wp\/v2\/posts\/25401"}],"collection":[{"href":"https:\/\/justicapotiguar.com.br\/index.php\/wp-json\/wp\/v2\/posts"}],"about":[{"href":"https:\/\/justicapotiguar.com.br\/index.php\/wp-json\/wp\/v2\/types\/post"}],"author":[{"embeddable":true,"href":"https:\/\/justicapotiguar.com.br\/index.php\/wp-json\/wp\/v2\/users\/5"}],"replies":[{"embeddable":true,"href":"https:\/\/justicapotiguar.com.br\/index.php\/wp-json\/wp\/v2\/comments?post=25401"}],"version-history":[{"count":1,"href":"https:\/\/justicapotiguar.com.br\/index.php\/wp-json\/wp\/v2\/posts\/25401\/revisions"}],"predecessor-version":[{"id":25402,"href":"https:\/\/justicapotiguar.com.br\/index.php\/wp-json\/wp\/v2\/posts\/25401\/revisions\/25402"}],"wp:attachment":[{"href":"https:\/\/justicapotiguar.com.br\/index.php\/wp-json\/wp\/v2\/media?parent=25401"}],"wp:term":[{"taxonomy":"category","embeddable":true,"href":"https:\/\/justicapotiguar.com.br\/index.php\/wp-json\/wp\/v2\/categories?post=25401"},{"taxonomy":"post_tag","embeddable":true,"href":"https:\/\/justicapotiguar.com.br\/index.php\/wp-json\/wp\/v2\/tags?post=25401"}],"curies":[{"name":"wp","href":"https:\/\/api.w.org\/{rel}","templated":true}]}}