{"id":25398,"date":"2022-04-05T08:11:00","date_gmt":"2022-04-05T11:11:00","guid":{"rendered":"https:\/\/justicapotiguar.com.br\/?p=25398"},"modified":"2022-04-04T22:05:16","modified_gmt":"2022-04-05T01:05:16","slug":"justica-determina-retono-de-linhas-de-onibus-retiradas-em-natal","status":"publish","type":"post","link":"https:\/\/justicapotiguar.com.br\/index.php\/2022\/04\/05\/justica-determina-retono-de-linhas-de-onibus-retiradas-em-natal\/","title":{"rendered":"Justi\u00e7a determina retono de linhas de \u00f4nibus retiradas em Natal"},"content":{"rendered":"\n<figure class=\"wp-block-image size-large\"><img loading=\"lazy\" width=\"750\" height=\"500\" src=\"https:\/\/justicapotiguar.com.br\/wp-content\/uploads\/2020\/03\/onibus-RN-1.jpg\" alt=\"\" class=\"wp-image-8005\" srcset=\"https:\/\/justicapotiguar.com.br\/wp-content\/uploads\/2020\/03\/onibus-RN-1.jpg 750w, https:\/\/justicapotiguar.com.br\/wp-content\/uploads\/2020\/03\/onibus-RN-1-300x200.jpg 300w\" sizes=\"(max-width: 750px) 100vw, 750px\" \/><figcaption>Reprodu\u00e7\u00e3o<\/figcaption><\/figure>\n\n\n\n<p><br>Decis\u00e3o da 2\u00aa Vara da Fazenda P\u00fablica da Comarca de Natal, que as linhas de \u00f4nibus tiradas de circula\u00e7\u00e3o pelo Sindicato das Empresas de Transportes Urbanos (SETURN) voltem a trafegar na capital potiguar.\u00a0<\/p>\n\n\n\n<p>Ao acatar a a\u00e7\u00e3o da deputada federal, Nat\u00e1lia Bonavides, o juiz Artur Cortez Bonif\u00e1cio pontuou que as empresas devem retomar as linhas extintas ou tiradas de circula\u00e7\u00e3o com base na Lei Municipal n\u00ba 622\/2010, que disp\u00f5e sobre itiner\u00e1rio, modifica\u00e7\u00e3o de linhas e hor\u00e1rios de circula\u00e7\u00e3o de \u00f4nibus integrantes da frota de Concession\u00e1rias de Servi\u00e7o P\u00fablico de Transporte da cidade.\u00a0<\/p><div class=\"wmmee69f1c0d944929\" ><!--<a href=\"https:\/\/bit.ly\/3QdrqTZ\" target=\"_blank\">\n<img src=\"https:\/\/justicapotiguar.com.br\/wp-content\/uploads\/2023\/09\/mobile-geral.gif\"\/><a\/>--><\/div><style type=\"text\/css\">\r\n.wmmee69f1c0d944929 {\r\ntext-align: center;\r\n}\r\n@media screen and (min-width: 1201px) {\r\n.wmmee69f1c0d944929 {\r\ndisplay: none;\r\n}\r\n}\r\n@media screen and (min-width: 993px) and (max-width: 1200px) {\r\n.wmmee69f1c0d944929 {\r\ndisplay: none;\r\n}\r\n}\r\n@media screen and (min-width: 769px) and (max-width: 992px) {\r\n.wmmee69f1c0d944929 {\r\ndisplay: none;\r\n}\r\n}\r\n@media screen and (min-width: 768px) and (max-width: 768px) {\r\n.wmmee69f1c0d944929 {\r\ndisplay: block;\r\n}\r\n}\r\n@media screen and (max-width: 767px) {\r\n.wmmee69f1c0d944929 {\r\ndisplay: block;\r\n}\r\n}\r\n<\/style>\r\n<div class=\"wbkvz69f1c0d94490d\" ><!--<a href=\"https:\/\/bit.ly\/3QdrqTZ\" target=\"_blank\">\n<img src=\"https:\/\/justicapotiguar.com.br\/wp-content\/uploads\/2023\/09\/desktop-geral.gif\"\/><a\/>--><\/div><style type=\"text\/css\">\r\n.wbkvz69f1c0d94490d {\r\ntext-align: center;\nmargin-bottom: 1em;\r\n}\r\n@media screen and (min-width: 1201px) {\r\n.wbkvz69f1c0d94490d {\r\ndisplay: block;\r\n}\r\n}\r\n@media screen and (min-width: 993px) and (max-width: 1200px) {\r\n.wbkvz69f1c0d94490d {\r\ndisplay: block;\r\n}\r\n}\r\n@media screen and (min-width: 769px) and (max-width: 992px) {\r\n.wbkvz69f1c0d94490d {\r\ndisplay: block;\r\n}\r\n}\r\n@media screen and (min-width: 768px) and (max-width: 768px) {\r\n.wbkvz69f1c0d94490d {\r\ndisplay: none;\r\n}\r\n}\r\n@media screen and (max-width: 767px) {\r\n.wbkvz69f1c0d94490d {\r\ndisplay: none;\r\n}\r\n}\r\n<\/style>\r\n\n\n\n\n<p>Confira decis\u00e3o na \u00edntegra<\/p>\n\n\n\n<figure class=\"wp-block-image\"><img alt=\"\"\/><\/figure>\n\n\n\n<div class=\"wp-block-file\"><a href=\"https:\/\/justicapotiguar.com.br\/wp-content\/uploads\/2022\/04\/\u00b7-TJRN-1o-Grau-Processo-Judicial-Eletronico-1-1.pdf\">\u00b7-TJRN-1o-Grau-Processo-Judicial-Eletronico-1-1<\/a><a href=\"https:\/\/justicapotiguar.com.br\/wp-content\/uploads\/2022\/04\/\u00b7-TJRN-1o-Grau-Processo-Judicial-Eletronico-1-1.pdf\" class=\"wp-block-file__button\" download>Baixar<\/a><\/div>\n","protected":false},"excerpt":{"rendered":"<p>Decis\u00e3o da 2\u00aa Vara da Fazenda P\u00fablica da Comarca de Natal, que as linhas de \u00f4nibus tiradas de circula\u00e7\u00e3o pelo Sindicato das Empresas de Transportes Urbanos (SETURN) voltem a trafegar na capital potiguar.\u00a0 Ao acatar a a\u00e7\u00e3o da deputada federal, Nat\u00e1lia Bonavides, o juiz Artur Cortez Bonif\u00e1cio pontuou que as empresas devem retomar as linhas<br \/><a class=\"more-link\" href=\"https:\/\/justicapotiguar.com.br\/index.php\/2022\/04\/05\/justica-determina-retono-de-linhas-de-onibus-retiradas-em-natal\/\">Mais&#8230;<\/a><\/p>\n","protected":false},"author":5,"featured_media":0,"comment_status":"open","ping_status":"open","sticky":false,"template":"","format":"standard","meta":[],"categories":[1],"tags":[],"_links":{"self":[{"href":"https:\/\/justicapotiguar.com.br\/index.php\/wp-json\/wp\/v2\/posts\/25398"}],"collection":[{"href":"https:\/\/justicapotiguar.com.br\/index.php\/wp-json\/wp\/v2\/posts"}],"about":[{"href":"https:\/\/justicapotiguar.com.br\/index.php\/wp-json\/wp\/v2\/types\/post"}],"author":[{"embeddable":true,"href":"https:\/\/justicapotiguar.com.br\/index.php\/wp-json\/wp\/v2\/users\/5"}],"replies":[{"embeddable":true,"href":"https:\/\/justicapotiguar.com.br\/index.php\/wp-json\/wp\/v2\/comments?post=25398"}],"version-history":[{"count":1,"href":"https:\/\/justicapotiguar.com.br\/index.php\/wp-json\/wp\/v2\/posts\/25398\/revisions"}],"predecessor-version":[{"id":25400,"href":"https:\/\/justicapotiguar.com.br\/index.php\/wp-json\/wp\/v2\/posts\/25398\/revisions\/25400"}],"wp:attachment":[{"href":"https:\/\/justicapotiguar.com.br\/index.php\/wp-json\/wp\/v2\/media?parent=25398"}],"wp:term":[{"taxonomy":"category","embeddable":true,"href":"https:\/\/justicapotiguar.com.br\/index.php\/wp-json\/wp\/v2\/categories?post=25398"},{"taxonomy":"post_tag","embeddable":true,"href":"https:\/\/justicapotiguar.com.br\/index.php\/wp-json\/wp\/v2\/tags?post=25398"}],"curies":[{"name":"wp","href":"https:\/\/api.w.org\/{rel}","templated":true}]}}