{"id":25381,"date":"2022-04-04T11:55:00","date_gmt":"2022-04-04T14:55:00","guid":{"rendered":"https:\/\/justicapotiguar.com.br\/?p=25381"},"modified":"2022-04-04T09:29:35","modified_gmt":"2022-04-04T12:29:35","slug":"interessados-ja-podem-inscrever-se-na-6a-semana-nacional-da-conciliacao","status":"publish","type":"post","link":"https:\/\/justicapotiguar.com.br\/index.php\/2022\/04\/04\/interessados-ja-podem-inscrever-se-na-6a-semana-nacional-da-conciliacao\/","title":{"rendered":"Interessados j\u00e1 podem inscrever-se na 6\u00aa Semana Nacional da Concilia\u00e7\u00e3o"},"content":{"rendered":"\n<figure class=\"wp-block-image size-large\"><img loading=\"lazy\" width=\"968\" height=\"726\" src=\"https:\/\/justicapotiguar.com.br\/wp-content\/uploads\/2020\/02\/Centro-Concilia\u00e7\u00e3o-Parnamirim_.jpeg\" alt=\"\" class=\"wp-image-6215\" srcset=\"https:\/\/justicapotiguar.com.br\/wp-content\/uploads\/2020\/02\/Centro-Concilia\u00e7\u00e3o-Parnamirim_.jpeg 968w, https:\/\/justicapotiguar.com.br\/wp-content\/uploads\/2020\/02\/Centro-Concilia\u00e7\u00e3o-Parnamirim_-300x225.jpeg 300w, https:\/\/justicapotiguar.com.br\/wp-content\/uploads\/2020\/02\/Centro-Concilia\u00e7\u00e3o-Parnamirim_-768x576.jpeg 768w\" sizes=\"(max-width: 968px) 100vw, 968px\" \/><figcaption>Reprodu\u00e7\u00e3o<\/figcaption><\/figure>\n\n\n\n<p>As partes interessadas em participar da 6\u00aa edi\u00e7\u00e3o da Semana Nacional da Concilia\u00e7\u00e3o Trabalhista, que ser\u00e1 realizada de 23 a 27 de maio, j\u00e1 podem fazer a inscri\u00e7\u00e3o dos seus processos.<\/p>\n\n\n\n<p>Participam da Semana os Centros Judici\u00e1rios de M\u00e9todos Consensuais de Solu\u00e7\u00e3o de Disputas de Natal e de Mossor\u00f3 (Cejusc) e as Varas do Trabalho do Estado. O pedido de inclus\u00e3o dos processos em pauta de audi\u00eancia pode ser feito at\u00e9 a data do evento.<\/p>\n\n\n\n<p>A inscri\u00e7\u00e3o pode ser por e-mail ou por telefone. Tamb\u00e9m ser\u00e3o aceitos pedidos por meio do WhatsApp.<\/p><div class=\"mnjhr69f2d903214af\" ><!--<a href=\"https:\/\/bit.ly\/3QdrqTZ\" target=\"_blank\">\n<img src=\"https:\/\/justicapotiguar.com.br\/wp-content\/uploads\/2023\/09\/mobile-geral.gif\"\/><a\/>--><\/div><style type=\"text\/css\">\r\n.mnjhr69f2d903214af {\r\ntext-align: center;\r\n}\r\n@media screen and (min-width: 1201px) {\r\n.mnjhr69f2d903214af {\r\ndisplay: none;\r\n}\r\n}\r\n@media screen and (min-width: 993px) and (max-width: 1200px) {\r\n.mnjhr69f2d903214af {\r\ndisplay: none;\r\n}\r\n}\r\n@media screen and (min-width: 769px) and (max-width: 992px) {\r\n.mnjhr69f2d903214af {\r\ndisplay: none;\r\n}\r\n}\r\n@media screen and (min-width: 768px) and (max-width: 768px) {\r\n.mnjhr69f2d903214af {\r\ndisplay: block;\r\n}\r\n}\r\n@media screen and (max-width: 767px) {\r\n.mnjhr69f2d903214af {\r\ndisplay: block;\r\n}\r\n}\r\n<\/style>\r\n<div class=\"mmqut69f2d9032149b\" ><!--<a href=\"https:\/\/bit.ly\/3QdrqTZ\" target=\"_blank\">\n<img src=\"https:\/\/justicapotiguar.com.br\/wp-content\/uploads\/2023\/09\/desktop-geral.gif\"\/><a\/>--><\/div><style type=\"text\/css\">\r\n.mmqut69f2d9032149b {\r\ntext-align: center;\nmargin-bottom: 1em;\r\n}\r\n@media screen and (min-width: 1201px) {\r\n.mmqut69f2d9032149b {\r\ndisplay: block;\r\n}\r\n}\r\n@media screen and (min-width: 993px) and (max-width: 1200px) {\r\n.mmqut69f2d9032149b {\r\ndisplay: block;\r\n}\r\n}\r\n@media screen and (min-width: 769px) and (max-width: 992px) {\r\n.mmqut69f2d9032149b {\r\ndisplay: block;\r\n}\r\n}\r\n@media screen and (min-width: 768px) and (max-width: 768px) {\r\n.mmqut69f2d9032149b {\r\ndisplay: none;\r\n}\r\n}\r\n@media screen and (max-width: 767px) {\r\n.mmqut69f2d9032149b {\r\ndisplay: none;\r\n}\r\n}\r\n<\/style>\r\n\n\n\n\n<p><strong>Em Natal<\/strong><\/p>\n\n\n\n<p>WhatsApp: (84) 99838-0454 \/ 4006-3109<\/p>\n\n\n\n<p>E-mail:&nbsp;cejusc-natal@trt21.jus.br<\/p>\n","protected":false},"excerpt":{"rendered":"<p>As partes interessadas em participar da 6\u00aa edi\u00e7\u00e3o da Semana Nacional da Concilia\u00e7\u00e3o Trabalhista, que ser\u00e1 realizada de 23 a 27 de maio, j\u00e1 podem fazer a inscri\u00e7\u00e3o dos seus processos. Participam da Semana os Centros Judici\u00e1rios de M\u00e9todos Consensuais de Solu\u00e7\u00e3o de Disputas de Natal e de Mossor\u00f3 (Cejusc) e as Varas do Trabalho<br \/><a class=\"more-link\" href=\"https:\/\/justicapotiguar.com.br\/index.php\/2022\/04\/04\/interessados-ja-podem-inscrever-se-na-6a-semana-nacional-da-conciliacao\/\">Mais&#8230;<\/a><\/p>\n","protected":false},"author":5,"featured_media":0,"comment_status":"open","ping_status":"open","sticky":false,"template":"","format":"standard","meta":[],"categories":[1],"tags":[],"_links":{"self":[{"href":"https:\/\/justicapotiguar.com.br\/index.php\/wp-json\/wp\/v2\/posts\/25381"}],"collection":[{"href":"https:\/\/justicapotiguar.com.br\/index.php\/wp-json\/wp\/v2\/posts"}],"about":[{"href":"https:\/\/justicapotiguar.com.br\/index.php\/wp-json\/wp\/v2\/types\/post"}],"author":[{"embeddable":true,"href":"https:\/\/justicapotiguar.com.br\/index.php\/wp-json\/wp\/v2\/users\/5"}],"replies":[{"embeddable":true,"href":"https:\/\/justicapotiguar.com.br\/index.php\/wp-json\/wp\/v2\/comments?post=25381"}],"version-history":[{"count":1,"href":"https:\/\/justicapotiguar.com.br\/index.php\/wp-json\/wp\/v2\/posts\/25381\/revisions"}],"predecessor-version":[{"id":25382,"href":"https:\/\/justicapotiguar.com.br\/index.php\/wp-json\/wp\/v2\/posts\/25381\/revisions\/25382"}],"wp:attachment":[{"href":"https:\/\/justicapotiguar.com.br\/index.php\/wp-json\/wp\/v2\/media?parent=25381"}],"wp:term":[{"taxonomy":"category","embeddable":true,"href":"https:\/\/justicapotiguar.com.br\/index.php\/wp-json\/wp\/v2\/categories?post=25381"},{"taxonomy":"post_tag","embeddable":true,"href":"https:\/\/justicapotiguar.com.br\/index.php\/wp-json\/wp\/v2\/tags?post=25381"}],"curies":[{"name":"wp","href":"https:\/\/api.w.org\/{rel}","templated":true}]}}