{"id":25366,"date":"2022-04-03T12:20:00","date_gmt":"2022-04-03T15:20:00","guid":{"rendered":"https:\/\/justicapotiguar.com.br\/?p=25366"},"modified":"2022-04-02T22:21:27","modified_gmt":"2022-04-03T01:21:27","slug":"problemas-mecanicos-em-veiculo-vendido-geram-indenizacao-e-penhora-em-natal","status":"publish","type":"post","link":"https:\/\/justicapotiguar.com.br\/index.php\/2022\/04\/03\/problemas-mecanicos-em-veiculo-vendido-geram-indenizacao-e-penhora-em-natal\/","title":{"rendered":"Problemas mec\u00e2nicos em ve\u00edculo vendido geram indeniza\u00e7\u00e3o e penhora em Natal"},"content":{"rendered":"\n<figure class=\"wp-block-image size-large\"><img loading=\"lazy\" width=\"800\" height=\"500\" src=\"https:\/\/justicapotiguar.com.br\/wp-content\/uploads\/2020\/03\/b69c5390-inspe\u00e7\u00e3o-veicular.jpg\" alt=\"\" class=\"wp-image-6942\" srcset=\"https:\/\/justicapotiguar.com.br\/wp-content\/uploads\/2020\/03\/b69c5390-inspe\u00e7\u00e3o-veicular.jpg 800w, https:\/\/justicapotiguar.com.br\/wp-content\/uploads\/2020\/03\/b69c5390-inspe\u00e7\u00e3o-veicular-300x188.jpg 300w, https:\/\/justicapotiguar.com.br\/wp-content\/uploads\/2020\/03\/b69c5390-inspe\u00e7\u00e3o-veicular-768x480.jpg 768w\" sizes=\"(max-width: 800px) 100vw, 800px\" \/><figcaption>Ilustrativa<\/figcaption><\/figure>\n\n\n\n<p>A 1\u00aa&nbsp;C\u00e2mara C\u00edvel do TJRN manteve senten\u00e7a da 3\u00aa Vara C\u00edvel da Comarca de Natal, a qual, em primeira inst\u00e2ncia, condenou uma empresa de comercializa\u00e7\u00e3o de autom\u00f3veis, nos autos do cumprimento de senten\u00e7a (proc. n\u00ba 0823883-45.2020.8.20.5001), que alegava, dentre outros pontos, nulidade das intima\u00e7\u00f5es que recebia. A empresa foi condenada a arcar com os valores necess\u00e1rios para o reparo de um ve\u00edculo, adquirido por R$ 34 mil, mas que apresentou problemas e v\u00edcios no funcionamento, e, desta forma, deve realizar a devolu\u00e7\u00e3o de valores materiais e uma indeniza\u00e7\u00e3o por danos morais.<\/p>\n\n\n\n<p>Segundo ainda os autos iniciais, a empresa foi devidamente citada mas n\u00e3o apresentou contesta\u00e7\u00e3o, tendo sido decretada a sua revelia, mas pretendia, por meio do recurso, a reforma da senten\u00e7a inicial que rejeitou a impugna\u00e7\u00e3o ao cumprimento de senten\u00e7a.<\/p>\n\n\n\n<p>\u201cN\u00e3o obstante o inconformismo da Agravante, n\u00e3o vislumbro raz\u00f5es aptas para a modifica\u00e7\u00e3o da decis\u00e3o\u201d, enfatiza o relator desembargador Cl\u00e1udio Santos, o qual destacou ainda que n\u00e3o merece acatamento a alega\u00e7\u00e3o de nulidade de cita\u00e7\u00e3o, motivada pela aus\u00eancia de intima\u00e7\u00e3o para comparecimento em audi\u00eancia de concilia\u00e7\u00e3o, j\u00e1 que o procedimento adotado visa \u00e0 celeridade processual, sem contudo ferir a oportunidade do contradit\u00f3rio e o prest\u00edgio ao ato conciliat\u00f3rio.<\/p><div class=\"bupyx69f1a8a07ffb5\" ><!--<a href=\"https:\/\/bit.ly\/3QdrqTZ\" target=\"_blank\">\n<img src=\"https:\/\/justicapotiguar.com.br\/wp-content\/uploads\/2023\/09\/mobile-geral.gif\"\/><a\/>--><\/div><style type=\"text\/css\">\r\n.bupyx69f1a8a07ffb5 {\r\ntext-align: center;\r\n}\r\n@media screen and (min-width: 1201px) {\r\n.bupyx69f1a8a07ffb5 {\r\ndisplay: none;\r\n}\r\n}\r\n@media screen and (min-width: 993px) and (max-width: 1200px) {\r\n.bupyx69f1a8a07ffb5 {\r\ndisplay: none;\r\n}\r\n}\r\n@media screen and (min-width: 769px) and (max-width: 992px) {\r\n.bupyx69f1a8a07ffb5 {\r\ndisplay: none;\r\n}\r\n}\r\n@media screen and (min-width: 768px) and (max-width: 768px) {\r\n.bupyx69f1a8a07ffb5 {\r\ndisplay: block;\r\n}\r\n}\r\n@media screen and (max-width: 767px) {\r\n.bupyx69f1a8a07ffb5 {\r\ndisplay: block;\r\n}\r\n}\r\n<\/style>\r\n<div class=\"vjiye69f1a8a07ffa2\" ><!--<a href=\"https:\/\/bit.ly\/3QdrqTZ\" target=\"_blank\">\n<img src=\"https:\/\/justicapotiguar.com.br\/wp-content\/uploads\/2023\/09\/desktop-geral.gif\"\/><a\/>--><\/div><style type=\"text\/css\">\r\n.vjiye69f1a8a07ffa2 {\r\ntext-align: center;\nmargin-bottom: 1em;\r\n}\r\n@media screen and (min-width: 1201px) {\r\n.vjiye69f1a8a07ffa2 {\r\ndisplay: block;\r\n}\r\n}\r\n@media screen and (min-width: 993px) and (max-width: 1200px) {\r\n.vjiye69f1a8a07ffa2 {\r\ndisplay: block;\r\n}\r\n}\r\n@media screen and (min-width: 769px) and (max-width: 992px) {\r\n.vjiye69f1a8a07ffa2 {\r\ndisplay: block;\r\n}\r\n}\r\n@media screen and (min-width: 768px) and (max-width: 768px) {\r\n.vjiye69f1a8a07ffa2 {\r\ndisplay: none;\r\n}\r\n}\r\n@media screen and (max-width: 767px) {\r\n.vjiye69f1a8a07ffa2 {\r\ndisplay: none;\r\n}\r\n}\r\n<\/style>\r\n\n\n\n\n<p>Conforme o relator, tal procedimento abriu, na oportunidade, possibilidade de manifesta\u00e7\u00e3o sobre o interesse na designa\u00e7\u00e3o de audi\u00eancia e que est\u00e1 l\u00edcito a ordem de penhora on-line nas contas banc\u00e1rias de titularidade da empresa antes do t\u00e9rmino de apresenta\u00e7\u00e3o de impugna\u00e7\u00e3o.<\/p>\n\n\n\n<p>\u201cN\u00e3o vislumbro motivos para o seu acolhimento, j\u00e1 que poder\u00e1 o julgador, ap\u00f3s decorrido o prazo de pagamento, iniciar os atos expropriat\u00f3rios, a teor da previs\u00e3o do par\u00e1grafo 3\u00ba do artigo 523 do C\u00f3digo de Processo Civil\u201d, define.<\/p>\n\n\n\n<p><strong>(Agravo de Instrumento n\u00ba 0810661-41.2021.8.20.0000)<\/strong><\/p>\n","protected":false},"excerpt":{"rendered":"<p>A 1\u00aa&nbsp;C\u00e2mara C\u00edvel do TJRN manteve senten\u00e7a da 3\u00aa Vara C\u00edvel da Comarca de Natal, a qual, em primeira inst\u00e2ncia, condenou uma empresa de comercializa\u00e7\u00e3o de autom\u00f3veis, nos autos do cumprimento de senten\u00e7a (proc. n\u00ba 0823883-45.2020.8.20.5001), que alegava, dentre outros pontos, nulidade das intima\u00e7\u00f5es que recebia. A empresa foi condenada a arcar com os valores<br \/><a class=\"more-link\" href=\"https:\/\/justicapotiguar.com.br\/index.php\/2022\/04\/03\/problemas-mecanicos-em-veiculo-vendido-geram-indenizacao-e-penhora-em-natal\/\">Mais&#8230;<\/a><\/p>\n","protected":false},"author":5,"featured_media":0,"comment_status":"open","ping_status":"open","sticky":false,"template":"","format":"standard","meta":[],"categories":[1],"tags":[],"_links":{"self":[{"href":"https:\/\/justicapotiguar.com.br\/index.php\/wp-json\/wp\/v2\/posts\/25366"}],"collection":[{"href":"https:\/\/justicapotiguar.com.br\/index.php\/wp-json\/wp\/v2\/posts"}],"about":[{"href":"https:\/\/justicapotiguar.com.br\/index.php\/wp-json\/wp\/v2\/types\/post"}],"author":[{"embeddable":true,"href":"https:\/\/justicapotiguar.com.br\/index.php\/wp-json\/wp\/v2\/users\/5"}],"replies":[{"embeddable":true,"href":"https:\/\/justicapotiguar.com.br\/index.php\/wp-json\/wp\/v2\/comments?post=25366"}],"version-history":[{"count":1,"href":"https:\/\/justicapotiguar.com.br\/index.php\/wp-json\/wp\/v2\/posts\/25366\/revisions"}],"predecessor-version":[{"id":25367,"href":"https:\/\/justicapotiguar.com.br\/index.php\/wp-json\/wp\/v2\/posts\/25366\/revisions\/25367"}],"wp:attachment":[{"href":"https:\/\/justicapotiguar.com.br\/index.php\/wp-json\/wp\/v2\/media?parent=25366"}],"wp:term":[{"taxonomy":"category","embeddable":true,"href":"https:\/\/justicapotiguar.com.br\/index.php\/wp-json\/wp\/v2\/categories?post=25366"},{"taxonomy":"post_tag","embeddable":true,"href":"https:\/\/justicapotiguar.com.br\/index.php\/wp-json\/wp\/v2\/tags?post=25366"}],"curies":[{"name":"wp","href":"https:\/\/api.w.org\/{rel}","templated":true}]}}