{"id":25361,"date":"2022-04-02T10:48:42","date_gmt":"2022-04-02T13:48:42","guid":{"rendered":"https:\/\/justicapotiguar.com.br\/?p=25361"},"modified":"2022-04-02T10:48:42","modified_gmt":"2022-04-02T13:48:42","slug":"tj-sp-manda-tutora-se-desfazer-de-tres-cachorros-que-latem-demais","status":"publish","type":"post","link":"https:\/\/justicapotiguar.com.br\/index.php\/2022\/04\/02\/tj-sp-manda-tutora-se-desfazer-de-tres-cachorros-que-latem-demais\/","title":{"rendered":"TJ\/SP manda tutora se desfazer de tr\u00eas cachorros que &#8220;latem demais&#8221;"},"content":{"rendered":"\n<p>Tutora ter\u00e1 de se desfazer de seus tr\u00eas cachorros porque os &#8220;latidos excessivos&#8221; deles incomodam a vizinha. Assim decidiu a 30\u00aa c\u00e2mara de Direito Privado do TJ\/SP ao manter a senten\u00e7a. O colegiado tamb\u00e9m fixou indeniza\u00e7\u00e3o de danos morais no valor de R$ 10 mil.<\/p>\n\n\n\n<figure class=\"wp-block-image size-large\"><img loading=\"lazy\" width=\"768\" height=\"499\" src=\"https:\/\/justicapotiguar.com.br\/wp-content\/uploads\/2022\/04\/https__img.migalhas.com_.br__SL__gf_base__SL__empresas__SL__MIGA__SL__imagens__SL__2022__SL__04__SL__01__SL__3d03a202-4a09-4c19-bebc-b5ac5146ec96.jpg._PROC_CP65.jpg\" alt=\"\" class=\"wp-image-25362\" srcset=\"https:\/\/justicapotiguar.com.br\/wp-content\/uploads\/2022\/04\/https__img.migalhas.com_.br__SL__gf_base__SL__empresas__SL__MIGA__SL__imagens__SL__2022__SL__04__SL__01__SL__3d03a202-4a09-4c19-bebc-b5ac5146ec96.jpg._PROC_CP65.jpg 768w, https:\/\/justicapotiguar.com.br\/wp-content\/uploads\/2022\/04\/https__img.migalhas.com_.br__SL__gf_base__SL__empresas__SL__MIGA__SL__imagens__SL__2022__SL__04__SL__01__SL__3d03a202-4a09-4c19-bebc-b5ac5146ec96.jpg._PROC_CP65-300x195.jpg 300w\" sizes=\"(max-width: 768px) 100vw, 768px\" \/><figcaption>Reprodu\u00e7\u00e3o<\/figcaption><\/figure>\n\n\n\n<p><br>A mulher alvo da a\u00e7\u00e3o judicial \u00e9 tutora de tr\u00eas cachorros resgatados da rua. Al\u00e9m deles, ela tamb\u00e9m possui um quarto animal que fica apenas dentro de casa e n\u00e3o est\u00e1 inclu\u00eddo no processo.<\/p>\n\n\n\n<p>\u00c0 Justi\u00e7a, a vizinha alegou que os bichinhos latem demais, dia e noite, e que o barulho a incomoda e causa perturba\u00e7\u00e3o do seu sossego.<\/p>\n\n\n\n<p>Em 1\u00aa inst\u00e2ncia ela teve o pedido atendido e o ju\u00edzo determinou que a tutora n\u00e3o poderia mais ficar com os cachorros em casa. Ela tentou um recurso no TJ\/SP, mas n\u00e3o obteve sucesso.<\/p>\n\n\n\n<p>No entendimento da relatora, desembargadora Maria L\u00facia Pizzotti, o conjunto probat\u00f3rio comprovou o &#8220;excesso incomodante dos latidos&#8221;.<\/p><div class=\"wlvmt69f1a89f93cfa\" ><!--<a href=\"https:\/\/bit.ly\/3QdrqTZ\" target=\"_blank\">\n<img src=\"https:\/\/justicapotiguar.com.br\/wp-content\/uploads\/2023\/09\/mobile-geral.gif\"\/><a\/>--><\/div><style type=\"text\/css\">\r\n.wlvmt69f1a89f93cfa {\r\ntext-align: center;\r\n}\r\n@media screen and (min-width: 1201px) {\r\n.wlvmt69f1a89f93cfa {\r\ndisplay: none;\r\n}\r\n}\r\n@media screen and (min-width: 993px) and (max-width: 1200px) {\r\n.wlvmt69f1a89f93cfa {\r\ndisplay: none;\r\n}\r\n}\r\n@media screen and (min-width: 769px) and (max-width: 992px) {\r\n.wlvmt69f1a89f93cfa {\r\ndisplay: none;\r\n}\r\n}\r\n@media screen and (min-width: 768px) and (max-width: 768px) {\r\n.wlvmt69f1a89f93cfa {\r\ndisplay: block;\r\n}\r\n}\r\n@media screen and (max-width: 767px) {\r\n.wlvmt69f1a89f93cfa {\r\ndisplay: block;\r\n}\r\n}\r\n<\/style>\r\n<div class=\"gqpgk69f1a89f93ce5\" ><!--<a href=\"https:\/\/bit.ly\/3QdrqTZ\" target=\"_blank\">\n<img src=\"https:\/\/justicapotiguar.com.br\/wp-content\/uploads\/2023\/09\/desktop-geral.gif\"\/><a\/>--><\/div><style type=\"text\/css\">\r\n.gqpgk69f1a89f93ce5 {\r\ntext-align: center;\nmargin-bottom: 1em;\r\n}\r\n@media screen and (min-width: 1201px) {\r\n.gqpgk69f1a89f93ce5 {\r\ndisplay: block;\r\n}\r\n}\r\n@media screen and (min-width: 993px) and (max-width: 1200px) {\r\n.gqpgk69f1a89f93ce5 {\r\ndisplay: block;\r\n}\r\n}\r\n@media screen and (min-width: 769px) and (max-width: 992px) {\r\n.gqpgk69f1a89f93ce5 {\r\ndisplay: block;\r\n}\r\n}\r\n@media screen and (min-width: 768px) and (max-width: 768px) {\r\n.gqpgk69f1a89f93ce5 {\r\ndisplay: none;\r\n}\r\n}\r\n@media screen and (max-width: 767px) {\r\n.gqpgk69f1a89f93ce5 {\r\ndisplay: none;\r\n}\r\n}\r\n<\/style>\r\n\n\n\n\n<p>A magistrada tamb\u00e9m pontuou que a r\u00e9 teria descumprido decis\u00e3o liminar para manter os animais somente na parte da frente do im\u00f3vel.<\/p>\n\n\n\n<p>&#8220;A verdade \u00e9 que os c\u00e3es da r\u00e9 incomodam os autores e, mesmo ciente disso, a r\u00e9 nunca fez nada para mitigar essa situa\u00e7\u00e3o. Desde o in\u00edcio, a r\u00e9 j\u00e1 tinha ci\u00eancia do quanto incomodava os autores e, de forma leviana, passou a ca\u00e7oar e provoc\u00e1-los publicamente, desdenhando de forma extremamente mesquinha da vida e do bem-estar alheios. A r\u00e9 nunca agiu de boa-f\u00e9, ironizando o inc\u00f4modo dos autores em redes sociais.&#8221;<\/p>\n\n\n\n<p>Ap\u00f3s a decis\u00e3o do Tribunal bandeirante, a ativista da causa animal Luisa Mell foi \u00e0s redes sociais demonstrar indigna\u00e7\u00e3o. Veja o v\u00eddeo:<\/p>\n\n\n\n<p>Migalhas<\/p>\n","protected":false},"excerpt":{"rendered":"<p>Tutora ter\u00e1 de se desfazer de seus tr\u00eas cachorros porque os &#8220;latidos excessivos&#8221; deles incomodam a vizinha. Assim decidiu a 30\u00aa c\u00e2mara de Direito Privado do TJ\/SP ao manter a senten\u00e7a. O colegiado tamb\u00e9m fixou indeniza\u00e7\u00e3o de danos morais no valor de R$ 10 mil. A mulher alvo da a\u00e7\u00e3o judicial \u00e9 tutora de tr\u00eas<br \/><a class=\"more-link\" href=\"https:\/\/justicapotiguar.com.br\/index.php\/2022\/04\/02\/tj-sp-manda-tutora-se-desfazer-de-tres-cachorros-que-latem-demais\/\">Mais&#8230;<\/a><\/p>\n","protected":false},"author":5,"featured_media":0,"comment_status":"open","ping_status":"open","sticky":false,"template":"","format":"standard","meta":[],"categories":[1],"tags":[],"_links":{"self":[{"href":"https:\/\/justicapotiguar.com.br\/index.php\/wp-json\/wp\/v2\/posts\/25361"}],"collection":[{"href":"https:\/\/justicapotiguar.com.br\/index.php\/wp-json\/wp\/v2\/posts"}],"about":[{"href":"https:\/\/justicapotiguar.com.br\/index.php\/wp-json\/wp\/v2\/types\/post"}],"author":[{"embeddable":true,"href":"https:\/\/justicapotiguar.com.br\/index.php\/wp-json\/wp\/v2\/users\/5"}],"replies":[{"embeddable":true,"href":"https:\/\/justicapotiguar.com.br\/index.php\/wp-json\/wp\/v2\/comments?post=25361"}],"version-history":[{"count":1,"href":"https:\/\/justicapotiguar.com.br\/index.php\/wp-json\/wp\/v2\/posts\/25361\/revisions"}],"predecessor-version":[{"id":25363,"href":"https:\/\/justicapotiguar.com.br\/index.php\/wp-json\/wp\/v2\/posts\/25361\/revisions\/25363"}],"wp:attachment":[{"href":"https:\/\/justicapotiguar.com.br\/index.php\/wp-json\/wp\/v2\/media?parent=25361"}],"wp:term":[{"taxonomy":"category","embeddable":true,"href":"https:\/\/justicapotiguar.com.br\/index.php\/wp-json\/wp\/v2\/categories?post=25361"},{"taxonomy":"post_tag","embeddable":true,"href":"https:\/\/justicapotiguar.com.br\/index.php\/wp-json\/wp\/v2\/tags?post=25361"}],"curies":[{"name":"wp","href":"https:\/\/api.w.org\/{rel}","templated":true}]}}