{"id":25359,"date":"2022-04-01T15:37:50","date_gmt":"2022-04-01T18:37:50","guid":{"rendered":"https:\/\/justicapotiguar.com.br\/?p=25359"},"modified":"2022-04-01T15:49:41","modified_gmt":"2022-04-01T18:49:41","slug":"ministro-do-stf-manda-alrn-cassar-atos-que-efetivaram-163-servidores-sem-concurso-veja-os-nomes-atingidos-pela-decisao","status":"publish","type":"post","link":"https:\/\/justicapotiguar.com.br\/index.php\/2022\/04\/01\/ministro-do-stf-manda-alrn-cassar-atos-que-efetivaram-163-servidores-sem-concurso-veja-os-nomes-atingidos-pela-decisao\/","title":{"rendered":"Ministro do STF manda ALRN cassar atos que efetivaram 163 servidores sem concurso; veja os nomes atingidos pela decis\u00e3o"},"content":{"rendered":"\n<figure class=\"wp-block-image size-large\"><img loading=\"lazy\" width=\"1024\" height=\"683\" src=\"https:\/\/justicapotiguar.com.br\/wp-content\/uploads\/2019\/08\/ALRN-01-1024x683.jpg\" alt=\"\" class=\"wp-image-682\" srcset=\"https:\/\/justicapotiguar.com.br\/wp-content\/uploads\/2019\/08\/ALRN-01-1024x683.jpg 1024w, https:\/\/justicapotiguar.com.br\/wp-content\/uploads\/2019\/08\/ALRN-01-300x200.jpg 300w, https:\/\/justicapotiguar.com.br\/wp-content\/uploads\/2019\/08\/ALRN-01-768x512.jpg 768w, https:\/\/justicapotiguar.com.br\/wp-content\/uploads\/2019\/08\/ALRN-01.jpg 1274w\" sizes=\"(max-width: 1024px) 100vw, 1024px\" \/><figcaption>Reprodu\u00e7\u00e3o<\/figcaption><\/figure>\n\n\n\n<p>Decis\u00e3o do ministro do Supremo Tribunal Federal, Luis Roberto Barroso, determinou que a Assembleia Legislativa do RN casse as medidas que efetivaram sem concurso p\u00fablico 163 servidores que foram efetivados. A decis\u00e3o resguarda os direitos daqueles que j\u00e1 se aposentaram e os que est\u00e3o na ativa, mas com tempo para se aposentar.<\/p>\n\n\n\n<p>Segundo a a\u00e7\u00e3o, a ALRN realizou atos de enquadramento de servidores transferidos de \u00f3rg\u00e3os e entidades diversos e de pessoas ocupantes exclusivamente de cargos comissionados em cargos de provimento efetivo de sua estrutura sem pr\u00e9via realiza\u00e7\u00e3o de concurso p\u00fablico.<\/p>\n\n\n\n<p>Barroso ressalta que\u00a0 o STF j\u00e1 se pronunciou sobre o princ\u00edpio do concurso p\u00fablico e formas de provimento derivado de cargo p\u00fablico efetivo, converteu o enunciado de S\u00famula 685 na S\u00famula Vinculante 43, com a seguinte reda\u00e7\u00e3o: \u201c\u00c9 inconstitucional toda modalidade de provimento que propicie ao servidor investir-se, sem pr\u00e9via aprova\u00e7\u00e3o em concurso p\u00fablico destinado ao seu provimento, em cargo que n\u00e3o integra a carreira na qual anteriormente investido\u201d.<\/p>\n\n\n\n<p>Mantendo o princ\u00edpio da seguran\u00e7a jur\u00eddica na jurisprud\u00eancia da Corte foram ressalvados os direitos dos servidores aposentados e os que j\u00e1 cumprem os requisitos. Para aqueles que permanecem na ativa, aqueles que s\u00e3o provenientes de outros \u00f3rg\u00e3os dever\u00e3o ser devolvidos aos \u00f3rg\u00e3os de origem, enquanto que os comissionados que foram efetivados, perder\u00e3o essa condi\u00e7\u00e3o.<\/p>\n\n\n\n<p>Confira os nomes que foram atingidos pela decis\u00e3o:<\/p>\n\n\n\n<p>NTDO.(A\/S) : ALDECI TORRES DE MEDEIROS<\/p>\n\n\n\n<p>INTDO.(A\/S) : ALDO MIRANDA<\/p>\n\n\n\n<p>INTDO.(A\/S) : ALEXANDRE CHAVES DANTAS BARRETO<\/p>\n\n\n\n<p>INTDO.(A\/S) : \u00c1LVARO COSTA DIAS<\/p>\n\n\n\n<p>INTDO.(A\/S) : AMARO DE SOUZA MARINHO NETO<\/p>\n\n\n\n<p>INTDO.(A\/S) : ANA FAB\u00cdOLA DO R\u00caGO TORQUATO<\/p>\n\n\n\n<p>INTDO.(A\/S) : ANA IZABEL DA COSTA FERREIRA<\/p>\n\n\n\n<p>INTDO.(A\/S) : ANA MARIA PINHEIRO E ALVES<\/p>\n\n\n\n<p>INTDO.(A\/S) : ANA LYDIA FARIAS MONTEIRO PEREIRA GOMES<\/p>\n\n\n\n<p>INTDO.(A\/S) : \u00c2NGELA MARIA LOPES DOS SANTOS<\/p>\n\n\n\n<p>INTDO.(A\/S) : \u00c2NGELA MIRANDA LIMA PINHEIRO<\/p>\n\n\n\n<p>INTDO.(A\/S) : ANGELINA \u00c2NGELA DE OLIVEIRA SALES<\/p>\n\n\n\n<p>INTDO.(A\/S) : ANGELINA S\u00c1TIRO GOMES<\/p>\n\n\n\n<p>INTDO.(A\/S) : ANSELMO COSTA DIAS<\/p>\n\n\n\n<p>INTDO.(A\/S) : ANTOMAR MARZO LEITE DANTAS<\/p>\n\n\n\n<p>INTDO.(A\/S) : ANTONIO JONAS DA COSTA<\/p>\n\n\n\n<p>INTDO.(A\/S) : ANT\u00d4NIO OZIK PEREIRA SOBRINHO<\/p>\n\n\n\n<p>INTDO.(A\/S) : ANT\u00d4NIO PETRONILO DANTAS NETO<\/p>\n\n\n\n<p>INTDO.(A\/S) : ARIANA MEIRELES MOTTA DE AZEVEDO<\/p>\n\n\n\n<p>INTDO.(A\/S) : BERNADETE BATISTA DE OLIVEIRA<\/p>\n\n\n\n<p>INTDO.(A\/S) : CAIO OT\u00c1VIO CUNHA ALENCAR<\/p>\n\n\n\n<p>INTDO.(A\/S) : CARLOS EDUARDO MEDEIROS DA FONSECA<\/p>\n\n\n\n<p>INTDO.(A\/S) : CARLOS FREDERICO ROSADO DO AMARAL<\/p>\n\n\n\n<p>INTDO.(A\/S) : CARLOS JOS\u00c9 PEREIRA MENDES<\/p>\n\n\n\n<p>INTDO.(A\/S) : CARMEN L\u00daCIA BEZERRA TORRES<\/p>\n\n\n\n<p>INTDO.(A\/S) : C\u00c9LIA MARIA MARINHO CARNEIRO<\/p>\n\n\n\n<p>INTDO.(A\/S) : CELINA MARIA MARINHO RAMOS<\/p>\n\n\n\n<p>INTDO.(A\/S) : CLARISSA DE ARA\u00daJO BEZERRA<\/p>\n\n\n\n<p>INTDO.(A\/S) : CL\u00c1UDIA ALZIRA DI\u00d3GENES NUNES<\/p>\n\n\n\n<p>MARCELINO<\/p>\n\n\n\n<p>INTDO.(A\/S) : CL\u00c1UDIO HENRIQUE BASTOS MESQUITA<\/p>\n\n\n\n<p>INTDO.(A\/S) : D\u00c9BORA K\u00c1TIA MEDEIROS DE MORAIS<\/p>\n\n\n\n<p>INTDO.(A\/S) : CLEDIONOR FRANCISCO DE MENDON\u00c7A<\/p>\n\n\n\n<p>INTDO.(A\/S) : EDMILSON TARGINO DE OLIVEIRA BEZERRA<\/p>\n\n\n\n<p>INTDO.(A\/S) : EDUARDO BATISTA DE VASCONCELOS<\/p>\n\n\n\n<p>INTDO.(A\/S) : ELIENE MARIA DE ARA\u00daJO CHACOM<\/p>\n\n\n\n<p>INTDO.(A\/S) : ELIONE FERNANDES DE OLIVEIRA<\/p>\n\n\n\n<p>INTDO.(A\/S) : ELISAMA GOMES DA SILVA<\/p>\n\n\n\n<p>INTDO.(A\/S) : EMANOEL MILHOMES DE CARVALHO<\/p>\n\n\n\n<p>INTDO.(A\/S) : ESTER EMERENCIANO MAIA<\/p>\n\n\n\n<p>INTDO.(A\/S) : EZEQUIEL GONZAGA DE SOUZA<\/p>\n\n\n\n<p>INTDO.(A\/S) : F\u00c1BIO GOMES DE ARA\u00daJO<\/p>\n\n\n\n<p>INTDO.(A\/S) : FERNANDO ANTONIO AM\u00c2NCIO DA SILVA<\/p>\n\n\n\n<p>INTDO.(A\/S) : FRANCISCO EDSON DE CARVALHO<\/p>\n\n\n\n<p>INTDO.(A\/S) : FRANCISCO ELIAS DA SILVA<\/p>\n\n\n\n<p>INTDO.(A\/S) : FRANCISCO EMERSON VARELA<\/p>\n\n\n\n<p>INTDO.(A\/S) : FRANCISCO GILSON DE MOURA<\/p>\n\n\n\n<p>INTDO.(A\/S) : FRANCISCO NOBERTO DA SILVA<\/p>\n\n\n\n<p>INTDO.(A\/S) : GE\u00cdZA LULA DE QUEIROZ<\/p>\n\n\n\n<p>INTDO.(A\/S) : GEORGE QUEIROZ DA CUNHA<\/p>\n\n\n\n<p>INTDO.(A\/S) : GERALDO GALV\u00c3O GONDIM FILHO<\/p>\n\n\n\n<p>INTDO.(A\/S) : GUTEMBERG DO AMARAL GURGEL<\/p>\n\n\n\n<p>INTDO.(A\/S) : HELGA TORQUATO DE ALMEIDA<\/p>\n\n\n\n<p>INTDO.(A\/S) : HELIANA MARIA COHEN COSTA QUEIROZ<\/p>\n\n\n\n<p>INTDO.(A\/S) : HERMANO JOS\u00c9 FERREIRA SOUZA<\/p>\n\n\n\n<p>INTDO.(A\/S) : HUMBERTO COSTA DIAS<\/p>\n\n\n\n<p>INTDO.(A\/S) : ISRAEL DE MEDEIROS BEZERRA<\/p>\n\n\n\n<p>INTDO.(A\/S) : IVANILDO FERNANDES DE OLIVEIRA<\/p>\n\n\n\n<p>INTDO.(A\/S) : JACI CABRAL DE MEDEIROS<\/p>\n\n\n\n<p>INTDO.(A\/S) : JAIRO JOS\u00c9 TEIXEIRA DE BARROS<\/p>\n\n\n\n<p>INTDO.(A\/S) : JARBAS LULA QUEIROZ SANTOS<\/p>\n\n\n\n<p>INTDO.(A\/S) : JARIANE C\u00c2MARA COSTA TEODORO<\/p>\n\n\n\n<p>INTDO.(A\/S) : JO\u00c3O BATISTA SOARES WANDERLEY<\/p>\n\n\n\n<p>INTDO.(A\/S) : JO\u00c3O MARIA DE CARVALHO SOARES<\/p>\n\n\n\n<p>INTDO.(A\/S) : JO\u00c3O NUNES J\u00daNIOR<\/p>\n\n\n\n<p>INTDO.(A\/S) : JOAQUIM EVARISTO GUIMAR\u00c3ES NETO<\/p>\n\n\n\n<p>INTDO.(A\/S) : JORGE C\u00c9LIO DA COSTA LIMA<\/p>\n\n\n\n<p>INTDO.(A\/S) : JOS\u00c9 ALDEMIR RODRIGUES<\/p>\n\n\n\n<p>INTDO.(A\/S) : JOS\u00c9 AUGUSTO DE FREITAS REGO<\/p>\n\n\n\n<p>INTDO.(A\/S) : JOS\u00c9 DIAS DE FRAN\u00c7A<\/p>\n\n\n\n<p>INTDO.(A\/S) : JOS\u00c9 EDUARDO FASSANARO DO MONTE<\/p>\n\n\n\n<p>INTDO.(A\/S) : JOS\u00c9 GERALDO DE ARA\u00daJO<\/p>\n\n\n\n<p>INTDO.(A\/S) : JOS\u00c9 OSMAN FERNANDES<\/p>\n\n\n\n<p>INTDO.(A\/S) : JOS\u00c9 DE P\u00c1DUA MARTINS DE OLIVEIRA<\/p>\n\n\n\n<p>INTDO.(A\/S) : JOS\u00c9 PASSO COELHO<\/p>\n\n\n\n<p>INTDO.(A\/S) : J\u00daLIO C\u00c9SAR LONGO DA SILVA TORRES<\/p>\n\n\n\n<p>INTDO.(A\/S) : KADYDJA ROSELY VARELA DA FONSECA<\/p>\n\n\n\n<p>INTDO.(A\/S) : KELLY CRISTINA VERAS DIAS<\/p>\n\n\n\n<p>INTDO.(A\/S) : K\u00cdVIA PESSOA DE ARA\u00daJO<\/p>\n\n\n\n<p>INTDO.(A\/S) : KRISTINE MAY SHELMAN DE SOUZA<\/p>\n\n\n\n<p>INTDO.(A\/S) : L\u00c1ZARO NUNES TORQUATO<\/p>\n\n\n\n<p>INTDO.(A\/S) : LEILA MEDEIROS BRAND\u00c3O FLOR\u00caNCIO<\/p><div class=\"bktjh69f1a91c50450\" ><!--<a href=\"https:\/\/bit.ly\/3QdrqTZ\" target=\"_blank\">\n<img src=\"https:\/\/justicapotiguar.com.br\/wp-content\/uploads\/2023\/09\/mobile-geral.gif\"\/><a\/>--><\/div><style type=\"text\/css\">\r\n.bktjh69f1a91c50450 {\r\ntext-align: center;\r\n}\r\n@media screen and (min-width: 1201px) {\r\n.bktjh69f1a91c50450 {\r\ndisplay: none;\r\n}\r\n}\r\n@media screen and (min-width: 993px) and (max-width: 1200px) {\r\n.bktjh69f1a91c50450 {\r\ndisplay: none;\r\n}\r\n}\r\n@media screen and (min-width: 769px) and (max-width: 992px) {\r\n.bktjh69f1a91c50450 {\r\ndisplay: none;\r\n}\r\n}\r\n@media screen and (min-width: 768px) and (max-width: 768px) {\r\n.bktjh69f1a91c50450 {\r\ndisplay: block;\r\n}\r\n}\r\n@media screen and (max-width: 767px) {\r\n.bktjh69f1a91c50450 {\r\ndisplay: block;\r\n}\r\n}\r\n<\/style>\r\n<div class=\"awgxt69f1a91c50434\" ><!--<a href=\"https:\/\/bit.ly\/3QdrqTZ\" target=\"_blank\">\n<img src=\"https:\/\/justicapotiguar.com.br\/wp-content\/uploads\/2023\/09\/desktop-geral.gif\"\/><a\/>--><\/div><style type=\"text\/css\">\r\n.awgxt69f1a91c50434 {\r\ntext-align: center;\nmargin-bottom: 1em;\r\n}\r\n@media screen and (min-width: 1201px) {\r\n.awgxt69f1a91c50434 {\r\ndisplay: block;\r\n}\r\n}\r\n@media screen and (min-width: 993px) and (max-width: 1200px) {\r\n.awgxt69f1a91c50434 {\r\ndisplay: block;\r\n}\r\n}\r\n@media screen and (min-width: 769px) and (max-width: 992px) {\r\n.awgxt69f1a91c50434 {\r\ndisplay: block;\r\n}\r\n}\r\n@media screen and (min-width: 768px) and (max-width: 768px) {\r\n.awgxt69f1a91c50434 {\r\ndisplay: none;\r\n}\r\n}\r\n@media screen and (max-width: 767px) {\r\n.awgxt69f1a91c50434 {\r\ndisplay: none;\r\n}\r\n}\r\n<\/style>\r\n\n\n\n\n<p>INTDO.(A\/S) : LEISIA MARIA GALV\u00c3O DE ARA\u00daJO<\/p>\n\n\n\n<p>INTDO.(A\/S) : LET\u00cdCIA COSTA QUEIROZ FREIRE<\/p>\n\n\n\n<p>INTDO.(A\/S) : LOURIVAL ANDR\u00c9 NUNES<\/p>\n\n\n\n<p>INTDO.(A\/S) : LUCI DANTAS DE LIMA<\/p>\n\n\n\n<p>INTDO.(A\/S) : L\u00daCIA DE F\u00c1TIMA SEREJO GOMES<\/p>\n\n\n\n<p>INTDO.(A\/S) : L\u00daCIO DE MEDEIROS DANTAS J\u00daNIOR<\/p>\n\n\n\n<p>INTDO.(A\/S) : LUIZ ANT\u00d4NIO TORRES PORPINO<\/p>\n\n\n\n<p>INTDO.(A\/S) : LUIZ GONZAGA FREIRE<\/p>\n\n\n\n<p>INTDO.(A\/S) : MANOEL GUTEMBERG FERNANDES<\/p>\n\n\n\n<p>INTDO.(A\/S) : MARCELO ESC\u00d3SSIA DE MELO<\/p>\n\n\n\n<p>INTDO.(A\/S) : M\u00c1RCIA ISABEL LANVERLY DE MEDEIROS<\/p>\n\n\n\n<p>INTDO.(A\/S) : M\u00c1RCIO C\u00c9SAR SILVA PINHEIRO<\/p>\n\n\n\n<p>INTDO.(A\/S) : M\u00c1RCIO MENDES DA SILVA<\/p>\n\n\n\n<p>INTDO.(A\/S) : MARCO T\u00daLIO DA COSTA ROCHA<\/p>\n\n\n\n<p>INTDO.(A\/S) : MARCOS ANT\u00d4NIO TASSINO DE ARA\u00daJO<\/p>\n\n\n\n<p>INTDO.(A\/S) : MARIA AUXILIADORA NUNES R\u00caGO<\/p>\n\n\n\n<p>INTDO.(A\/S) : MARIA CRISTINA HUETE MEIRELES MOTTA<\/p>\n\n\n\n<p>INTDO.(A\/S) : MARIA DA CONCEI\u00c7\u00c3O DE ASSIS VIDAL<\/p>\n\n\n\n<p>INTDO.(A\/S) : MARIA DAS GRA\u00c7AS ALBUQUERQUE<\/p>\n\n\n\n<p>CAVALCANTE<\/p>\n\n\n\n<p>INTDO.(A\/S) : MARIA DE F\u00c1TIMA BENEDETTO FERNANDES<\/p>\n\n\n\n<p>INTDO.(A\/S) : MARIA DE F\u00c1TIMA DANTAS MACEDO<\/p>\n\n\n\n<p>INTDO.(A\/S) : MARIA DE F\u00c1TIMA DELGADO NOBRE<\/p>\n\n\n\n<p>INTDO.(A\/S) : MARIA DE F\u00c1TIMA GAZZANEO CABRAL<\/p>\n\n\n\n<p>INTDO.(A\/S) : MARIA DO C\u00c9O COSTA<\/p>\n\n\n\n<p>INTDO.(A\/S) : MARIA DO SOCORRO MENDON\u00c7A FARIAS DE<\/p>\n\n\n\n<p>FIGUEIREDO<\/p>\n\n\n\n<p>INTDO.(A\/S) : MARIA DO SOCORRO MEDEIROS FURTADO<\/p>\n\n\n\n<p>INTDO.(A\/S) : MARIA DO SOCORRO NUNES REGO<\/p>\n\n\n\n<p>INTDO.(A\/S) : MARIA EDNA MARTINS DE PAIVA<\/p>\n\n\n\n<p>INTDO.(A\/S) : MARIA ELENI FURTADO<\/p>\n\n\n\n<p>INTDO.(A\/S) : MARIA GEILZA DE MEDEIROS<\/p>\n\n\n\n<p>INTDO.(A\/S) : MARIA GIZELDA DE MEDEIROS<\/p>\n\n\n\n<p>INTDO.(A\/S) : MARIA GORETE BARBOSA BRAGA<\/p>\n\n\n\n<p>INTDO.(A\/S) : M\u00c1RIO FREIRE EMERENCIANO<\/p>\n\n\n\n<p>INTDO.(A\/S) : MAUR\u00cdCIO GURGEL PRAXEDES<\/p>\n\n\n\n<p>INTDO.(A\/S) : MORVANILDO FIRMINO DE LUCENA<\/p>\n\n\n\n<p>INTDO.(A\/S) : NADJA CRISTINA DI\u00d3GENES<\/p>\n\n\n\n<p>INTDO.(A\/S) : NAIDE DE S\u00c1 DANTAS TAVARES DA SILVA<\/p>\n\n\n\n<p>INTDO.(A\/S) : NELSON HERM\u00d3GENES DE MEDEIROS FREIRE<\/p>\n\n\n\n<p>INTDO.(A\/S) : NELSON QUEIROZ FILHO<\/p>\n\n\n\n<p>INTDO.(A\/S) : NEWTON COELHO DE MEDEIROS<\/p>\n\n\n\n<p>INTDO.(A\/S) : NIA CRISTINA DI\u00d3GENES TORQUATO<\/p>\n\n\n\n<p>INTDO.(A\/S) : NICE DANTAS MONTENEGRO<\/p>\n\n\n\n<p>INTDO.(A\/S) : NILDA NUNES DE ARA\u00daJO REGO<\/p>\n\n\n\n<p>INTDO.(A\/S) : NOYA MARIA DIAS FLOR\u00caNCIO LEITE<\/p>\n\n\n\n<p>INTDO.(A\/S) : OLGA CHAVES FERNANDES DE QUEIROZ<\/p>\n\n\n\n<p>FIGUEIREDO<\/p>\n\n\n\n<p>INTDO.(A\/S) : PAC\u00cdFICO JOS\u00c9 DANTAS FERNANDES<\/p>\n\n\n\n<p>INTDO.(A\/S) : PAULO DE TARSO VER\u00cdSSIMO<\/p>\n\n\n\n<p>INTDO.(A\/S) : PAULO S\u00c9RGIO ROSADO DE HOLANDA<\/p>\n\n\n\n<p>INTDO.(A\/S) : PEDRO FERREIRA MELO FILHO<\/p>\n\n\n\n<p>INTDO.(A\/S) : RAIMUNDO ALVES MAIA J\u00daNIOR<\/p>\n\n\n\n<p>INTDO.(A\/S) : RAIMUNDO MARCOS RUFINO<\/p>\n\n\n\n<p>INTDO.(A\/S) : RAIMUNDO QUIRINO DA COSTA J\u00daNIOR<\/p>\n\n\n\n<p>INTDO.(A\/S) : REGIA MARIA RODRIGUES DE MOURA NUNES<\/p>\n\n\n\n<p>INTDO.(A\/S) : REGINA MARIA DE ARA\u00daJO<\/p>\n\n\n\n<p>INTDO.(A\/S) : REJANE FERREIRA OLIVEIRA<\/p>\n\n\n\n<p>INTDO.(A\/S) : REJANE MARIA MONTENEGRO FERNANDES<\/p>\n\n\n\n<p>INTDO.(A\/S) : RICARDO JOS\u00c9 MEIRELLES DA MOTTA<\/p>\n\n\n\n<p>INTDO.(A\/S) : RIZZA MARIA M. SOARES<\/p>\n\n\n\n<p>INTDO.(A\/S) : ROBERTINA PINHEIRO DE MACEDO<\/p>\n\n\n\n<p>INTDO.(A\/S) : ROSANE TEIXEIRA DE CARVALHO<\/p>\n\n\n\n<p>INTDO.(A\/S) : ROSIMEIRE DE SOUZA CARVALHO<\/p>\n\n\n\n<p>INTDO.(A\/S) : ROSSINI FERNANDES DE OLIVEIRA<\/p>\n\n\n\n<p>INTDO.(A\/S) : SANDRA DIAS DE CARVALHO NEG\u00d3CIO<\/p>\n\n\n\n<p>INTDO.(A\/S) : SATURNINO PEDRO DA SILVA<\/p>\n\n\n\n<p>INTDO.(A\/S) : SEBASTI\u00c3O BATALHA FILHO<\/p>\n\n\n\n<p>INTDO.(A\/S) : S\u00c9RGIO RICARDO BEZERRA<\/p>\n\n\n\n<p>INTDO.(A\/S) : SILVANA FERNANDES LACERDA<\/p>\n\n\n\n<p>INTDO.(A\/S) : SILVANA MEDEIROS GURGEL DIAS<\/p>\n\n\n\n<p>INTDO.(A\/S) : SILVIO DE FREITAS DINIZ NETO<\/p>\n\n\n\n<p>INTDO.(A\/S) : S\u00d4NIA MARIA BEZERRA<\/p>\n\n\n\n<p>INTDO.(A\/S) : SORAYA MORAIS DE SOUZA<\/p>\n\n\n\n<p>INTDO.(A\/S) : SUZAN BEZERRA DANTAS<\/p>\n\n\n\n<p>INTDO.(A\/S) : T\u00c2NIA MARIA PINTO MARTINS<\/p>\n\n\n\n<p><\/p>\n\n\n\n<p>INTDO.(A\/S) : TEREZA CRISTINA CORREIA MOREIRA<\/p>\n\n\n\n<p>INTDO.(A\/S) : TEREZA CRISTINA DE ARA\u00daJO LIMA<\/p>\n\n\n\n<p>INTDO.(A\/S) : VALDIR MEDEIROS DA N\u00d3BREGA<\/p>\n\n\n\n<p>INTDO.(A\/S) : VALTER MIRANDA DE PAULO<\/p>\n\n\n\n<p>INTDO.(A\/S) : VICENTE ALBERTO SEREJO GOMES<\/p>\n\n\n\n<p>INTDO.(A\/S) : VILANILDO JORGE GADELHA FERNANDES<\/p>\n\n\n\n<p>INTDO.(A\/S) : VIRG\u00cdLIO OT\u00c1VIO PACHECO DANTAS NETO<\/p>\n\n\n\n<p>INTDO.(A\/S) : WELLINGTON DOS SANTOS SILVA<\/p>\n\n\n\n<p>INTDO.(A\/S) : WILSON CABRAL GOMES<\/p>\n","protected":false},"excerpt":{"rendered":"<p>Decis\u00e3o do ministro do Supremo Tribunal Federal, Luis Roberto Barroso, determinou que a Assembleia Legislativa do RN casse as medidas que efetivaram sem concurso p\u00fablico 163 servidores que foram efetivados. A decis\u00e3o resguarda os direitos daqueles que j\u00e1 se aposentaram e os que est\u00e3o na ativa, mas com tempo para se aposentar. Segundo a a\u00e7\u00e3o,<br \/><a class=\"more-link\" href=\"https:\/\/justicapotiguar.com.br\/index.php\/2022\/04\/01\/ministro-do-stf-manda-alrn-cassar-atos-que-efetivaram-163-servidores-sem-concurso-veja-os-nomes-atingidos-pela-decisao\/\">Mais&#8230;<\/a><\/p>\n","protected":false},"author":5,"featured_media":0,"comment_status":"open","ping_status":"open","sticky":false,"template":"","format":"standard","meta":[],"categories":[1],"tags":[],"_links":{"self":[{"href":"https:\/\/justicapotiguar.com.br\/index.php\/wp-json\/wp\/v2\/posts\/25359"}],"collection":[{"href":"https:\/\/justicapotiguar.com.br\/index.php\/wp-json\/wp\/v2\/posts"}],"about":[{"href":"https:\/\/justicapotiguar.com.br\/index.php\/wp-json\/wp\/v2\/types\/post"}],"author":[{"embeddable":true,"href":"https:\/\/justicapotiguar.com.br\/index.php\/wp-json\/wp\/v2\/users\/5"}],"replies":[{"embeddable":true,"href":"https:\/\/justicapotiguar.com.br\/index.php\/wp-json\/wp\/v2\/comments?post=25359"}],"version-history":[{"count":1,"href":"https:\/\/justicapotiguar.com.br\/index.php\/wp-json\/wp\/v2\/posts\/25359\/revisions"}],"predecessor-version":[{"id":25360,"href":"https:\/\/justicapotiguar.com.br\/index.php\/wp-json\/wp\/v2\/posts\/25359\/revisions\/25360"}],"wp:attachment":[{"href":"https:\/\/justicapotiguar.com.br\/index.php\/wp-json\/wp\/v2\/media?parent=25359"}],"wp:term":[{"taxonomy":"category","embeddable":true,"href":"https:\/\/justicapotiguar.com.br\/index.php\/wp-json\/wp\/v2\/categories?post=25359"},{"taxonomy":"post_tag","embeddable":true,"href":"https:\/\/justicapotiguar.com.br\/index.php\/wp-json\/wp\/v2\/tags?post=25359"}],"curies":[{"name":"wp","href":"https:\/\/api.w.org\/{rel}","templated":true}]}}