{"id":25352,"date":"2022-04-02T12:00:00","date_gmt":"2022-04-02T15:00:00","guid":{"rendered":"https:\/\/justicapotiguar.com.br\/?p=25352"},"modified":"2022-04-01T15:49:11","modified_gmt":"2022-04-01T18:49:11","slug":"trabalhador-consegue-reverter-pedido-de-demissao-feito-sob-a-ameaca-de-prisao-no-rn","status":"publish","type":"post","link":"https:\/\/justicapotiguar.com.br\/index.php\/2022\/04\/02\/trabalhador-consegue-reverter-pedido-de-demissao-feito-sob-a-ameaca-de-prisao-no-rn\/","title":{"rendered":"Trabalhador consegue reverter pedido de demiss\u00e3o feito sob a amea\u00e7a de pris\u00e3o no RN"},"content":{"rendered":"\n<figure class=\"wp-block-image size-large\"><img loading=\"lazy\" width=\"960\" height=\"640\" src=\"https:\/\/justicapotiguar.com.br\/wp-content\/uploads\/2019\/08\/processo-exame.jpg\" alt=\"\" class=\"wp-image-679\" srcset=\"https:\/\/justicapotiguar.com.br\/wp-content\/uploads\/2019\/08\/processo-exame.jpg 960w, https:\/\/justicapotiguar.com.br\/wp-content\/uploads\/2019\/08\/processo-exame-300x200.jpg 300w, https:\/\/justicapotiguar.com.br\/wp-content\/uploads\/2019\/08\/processo-exame-768x512.jpg 768w\" sizes=\"(max-width: 960px) 100vw, 960px\" \/><figcaption>Reprodu\u00e7\u00e3o<\/figcaption><\/figure>\n\n\n\n<p>A Segunda Turma do Tribunal Regional do Trabalho da 21\u00aa Regi\u00e3o (TRT-RN) anulou pedido de demiss\u00e3o de operador de m\u00e1quinas, feito sob a acusa\u00e7\u00e3o de furto de um carregador de celular, com amea\u00e7as de pris\u00e3o e de n\u00e3o conseguir mais emprego.&nbsp;O TRT-RN&nbsp; ainda condenou a&nbsp; Lavebras&nbsp; Gestao&nbsp; de&nbsp; Texteis&nbsp; S.A.&nbsp; e a Sol&nbsp; &#8211;&nbsp; Lavanderia&nbsp; Hospitalar&nbsp; Ltda&nbsp; &#8211;&nbsp; Epp, empregadoras do autor do processo, ao pagamento de indeniza\u00e7\u00e3o por danos morais no valor de R$ 3 mil.&nbsp;<\/p>\n\n\n\n<p>De acordo com a desembargadora Joseane Dantas dos Santos, relatora do processo no Tribunal, as provas demonstram&nbsp; a \u201cefetiva ocorr\u00eancia de coa\u00e7\u00e3o para que (o trabalhador) assinasse o pedido de demiss\u00e3o\u201d.<\/p>\n\n\n\n<p>Na reclama\u00e7\u00e3o trabalhista, o operador de m\u00e1quinas alegou que, em abril de 2020, foi acusado pela ger\u00eancia de ter subtra\u00eddo um carregador de celular de uma bolsa encontrada entre as roupas de uma cliente.&nbsp;Revelou ainda que foi coagido a assinar o pedido de demiss\u00e3o, sob a amea\u00e7a de que &#8220;seria preso pela pol\u00edcia e n\u00e3o trabalharia mais em lugar algum\u201c. Ele inclusive fez um boletim de ocorr\u00eancia (BO) numa delegacia de pol\u00edcia, denunciando&nbsp; a coa\u00e7\u00e3o que sofreu.<\/p>\n\n\n\n<p>A empresa, por sua vez, alegou que ficou provado que o operador de m\u00e1quina pegou o carregador de celular e levou para casa, sendo devolvido depois por sua esposa. Ela afirmou ainda que foi oferecido ao ex-empregado o pedido de demiss\u00e3o ou a dispensa dele por justa causa.<\/p>\n\n\n\n<p>Mas, de acordo com a desembargadora Joseane Dantas, houve \u201cv\u00edcio de consentimento\u201d no pedido de demiss\u00e3o, feito sob o&nbsp; temor \u201cde dano iminente e consider\u00e1vel \u00e0 sua pessoa, com a acusa\u00e7\u00e3o de pr\u00e1tica de crime, inclusive com a afirma\u00e7\u00e3o de que haveria pris\u00e3o\u201d.&nbsp;Ela ressaltou ainda que n\u00e3o h\u00e1 qualquer prova de que o autor do processo furtou o carregador de celular. Inclusive uma testemunha confessou que foi ela quem ficou de posse do carregador,&nbsp;tendo devolvido&nbsp; o celular e o carregador ao seu superior.<\/p><div class=\"ljqgx69f1a8fe6458f\" ><!--<a href=\"https:\/\/bit.ly\/3QdrqTZ\" target=\"_blank\">\n<img src=\"https:\/\/justicapotiguar.com.br\/wp-content\/uploads\/2023\/09\/mobile-geral.gif\"\/><a\/>--><\/div><style type=\"text\/css\">\r\n.ljqgx69f1a8fe6458f {\r\ntext-align: center;\r\n}\r\n@media screen and (min-width: 1201px) {\r\n.ljqgx69f1a8fe6458f {\r\ndisplay: none;\r\n}\r\n}\r\n@media screen and (min-width: 993px) and (max-width: 1200px) {\r\n.ljqgx69f1a8fe6458f {\r\ndisplay: none;\r\n}\r\n}\r\n@media screen and (min-width: 769px) and (max-width: 992px) {\r\n.ljqgx69f1a8fe6458f {\r\ndisplay: none;\r\n}\r\n}\r\n@media screen and (min-width: 768px) and (max-width: 768px) {\r\n.ljqgx69f1a8fe6458f {\r\ndisplay: block;\r\n}\r\n}\r\n@media screen and (max-width: 767px) {\r\n.ljqgx69f1a8fe6458f {\r\ndisplay: block;\r\n}\r\n}\r\n<\/style>\r\n<div class=\"jjfkp69f1a8fe6457c\" ><!--<a href=\"https:\/\/bit.ly\/3QdrqTZ\" target=\"_blank\">\n<img src=\"https:\/\/justicapotiguar.com.br\/wp-content\/uploads\/2023\/09\/desktop-geral.gif\"\/><a\/>--><\/div><style type=\"text\/css\">\r\n.jjfkp69f1a8fe6457c {\r\ntext-align: center;\nmargin-bottom: 1em;\r\n}\r\n@media screen and (min-width: 1201px) {\r\n.jjfkp69f1a8fe6457c {\r\ndisplay: block;\r\n}\r\n}\r\n@media screen and (min-width: 993px) and (max-width: 1200px) {\r\n.jjfkp69f1a8fe6457c {\r\ndisplay: block;\r\n}\r\n}\r\n@media screen and (min-width: 769px) and (max-width: 992px) {\r\n.jjfkp69f1a8fe6457c {\r\ndisplay: block;\r\n}\r\n}\r\n@media screen and (min-width: 768px) and (max-width: 768px) {\r\n.jjfkp69f1a8fe6457c {\r\ndisplay: none;\r\n}\r\n}\r\n@media screen and (max-width: 767px) {\r\n.jjfkp69f1a8fe6457c {\r\ndisplay: none;\r\n}\r\n}\r\n<\/style>\r\n\n\n\n\n<p>Para a magistrada, esse depoimento est\u00e1 \u201capto a demonstrar que a acusa\u00e7\u00e3o contra o autor (do processo) foi injusta e descabida\u201d. Al\u00e9m disso, as testemunhas da empresa afirmaram que n\u00e3o viram o operador de m\u00e1quina subtraindo o carregador.<\/p>\n\n\n\n<p>Por fim, a desembargadora Joseane Dantas dos Santos destacou que n\u00e3o h\u00e1 comprova\u00e7\u00e3o de penalidade sofrida pelo ex-empregado durante o contrato de trabalho de quase cinco anos.<\/p>\n\n\n\n<p>A decis\u00e3o da Segunda Turma do TRT-RN manteve a condena\u00e7\u00e3o da empresa, imposta originalmente pela 8\u00aa Vara do Trabalho de Natal (RN).&nbsp;A Turma, por\u00e9m, majorou a indeniza\u00e7\u00e3o por danos morais de R$ 1,5 mil para R$ 3 mil.<\/p>\n\n\n\n<p>Houve recurso desta decis\u00e3o ao Tribunal Superior do Trabalho (TST).<\/p>\n","protected":false},"excerpt":{"rendered":"<p>A Segunda Turma do Tribunal Regional do Trabalho da 21\u00aa Regi\u00e3o (TRT-RN) anulou pedido de demiss\u00e3o de operador de m\u00e1quinas, feito sob a acusa\u00e7\u00e3o de furto de um carregador de celular, com amea\u00e7as de pris\u00e3o e de n\u00e3o conseguir mais emprego.&nbsp;O TRT-RN&nbsp; ainda condenou a&nbsp; Lavebras&nbsp; Gestao&nbsp; de&nbsp; Texteis&nbsp; S.A.&nbsp; e a Sol&nbsp; &#8211;&nbsp; Lavanderia&nbsp;<br \/><a class=\"more-link\" href=\"https:\/\/justicapotiguar.com.br\/index.php\/2022\/04\/02\/trabalhador-consegue-reverter-pedido-de-demissao-feito-sob-a-ameaca-de-prisao-no-rn\/\">Mais&#8230;<\/a><\/p>\n","protected":false},"author":5,"featured_media":0,"comment_status":"open","ping_status":"open","sticky":false,"template":"","format":"standard","meta":[],"categories":[1],"tags":[],"_links":{"self":[{"href":"https:\/\/justicapotiguar.com.br\/index.php\/wp-json\/wp\/v2\/posts\/25352"}],"collection":[{"href":"https:\/\/justicapotiguar.com.br\/index.php\/wp-json\/wp\/v2\/posts"}],"about":[{"href":"https:\/\/justicapotiguar.com.br\/index.php\/wp-json\/wp\/v2\/types\/post"}],"author":[{"embeddable":true,"href":"https:\/\/justicapotiguar.com.br\/index.php\/wp-json\/wp\/v2\/users\/5"}],"replies":[{"embeddable":true,"href":"https:\/\/justicapotiguar.com.br\/index.php\/wp-json\/wp\/v2\/comments?post=25352"}],"version-history":[{"count":1,"href":"https:\/\/justicapotiguar.com.br\/index.php\/wp-json\/wp\/v2\/posts\/25352\/revisions"}],"predecessor-version":[{"id":25353,"href":"https:\/\/justicapotiguar.com.br\/index.php\/wp-json\/wp\/v2\/posts\/25352\/revisions\/25353"}],"wp:attachment":[{"href":"https:\/\/justicapotiguar.com.br\/index.php\/wp-json\/wp\/v2\/media?parent=25352"}],"wp:term":[{"taxonomy":"category","embeddable":true,"href":"https:\/\/justicapotiguar.com.br\/index.php\/wp-json\/wp\/v2\/categories?post=25352"},{"taxonomy":"post_tag","embeddable":true,"href":"https:\/\/justicapotiguar.com.br\/index.php\/wp-json\/wp\/v2\/tags?post=25352"}],"curies":[{"name":"wp","href":"https:\/\/api.w.org\/{rel}","templated":true}]}}