{"id":25349,"date":"2022-04-02T08:11:00","date_gmt":"2022-04-02T11:11:00","guid":{"rendered":"https:\/\/justicapotiguar.com.br\/?p=25349"},"modified":"2022-04-01T11:12:35","modified_gmt":"2022-04-01T14:12:35","slug":"advogado-lanca-livro-sobre-o-novo-plano-diretor-de-natal","status":"publish","type":"post","link":"https:\/\/justicapotiguar.com.br\/index.php\/2022\/04\/02\/advogado-lanca-livro-sobre-o-novo-plano-diretor-de-natal\/","title":{"rendered":"Advogado lan\u00e7a livro sobre o novo Plano Diretor de Natal"},"content":{"rendered":"\n<p>O Plano Diretor de Natal vai ganhar um livro na pr\u00f3xima segunda-feira (04). A obra intitulada \u201cO novo Plano diretor de Natal \u2013 O renascimento da cidade\u201d ir\u00e1 contribuir para mudan\u00e7as de paradigmas e apontar o rumo da aplica\u00e7\u00e3o dos instrumentos do Plano Diretor da capital e o pr\u00f3prio destino da Cidade. O autor \u00e9 o advogado e especialista em Direito Imobili\u00e1rio, M\u00e1rio Pegado. O e-book ser\u00e1 lan\u00e7ado no Restaurante Nau Frutos do Mar, a partir das 19h30.<\/p>\n\n\n\n<figure class=\"wp-block-image size-large\"><img loading=\"lazy\" width=\"640\" height=\"1024\" src=\"https:\/\/justicapotiguar.com.br\/wp-content\/uploads\/2022\/04\/Convite-640x1024.jpg\" alt=\"\" class=\"wp-image-25350\" srcset=\"https:\/\/justicapotiguar.com.br\/wp-content\/uploads\/2022\/04\/Convite-640x1024.jpg 640w, https:\/\/justicapotiguar.com.br\/wp-content\/uploads\/2022\/04\/Convite-187x300.jpg 187w, https:\/\/justicapotiguar.com.br\/wp-content\/uploads\/2022\/04\/Convite-768x1229.jpg 768w, https:\/\/justicapotiguar.com.br\/wp-content\/uploads\/2022\/04\/Convite.jpg 886w\" sizes=\"(max-width: 640px) 100vw, 640px\" \/><\/figure>\n\n\n\n<p><\/p>\n\n\n\n<p><strong>O Autor<\/strong><\/p>\n\n\n\n<p>M\u00e1rio Pegado foi o relator do Projeto de Lei do Novo Plano Diretor e no livro ele apresenta de forma clara e objetiva dos termos importantes da lei.&nbsp; A leitura de \u201cO Novo Plano Diretor de Natal: O Renascimento da Cidade!\u201d \u00e9 direcionada para v\u00e1rias categorias de profissionais, desde arquitetos, urbanistas, engenheiros, corretores, entre outros segmentos.<\/p>\n\n\n\n<p>O advogado M\u00e1rio Pegado \u00e9 integrante do Conselho Municipal de Meio Ambiente e Planejamento do Munic\u00edpio de Natal e representou de forma t\u00e9cnica, imparcial e extremamente producente a OAB na revis\u00e3o do Plano Diretor. Estudioso e pesquisador do Direito Imobili\u00e1rio, Urban\u00edstico e Ambiental, o autor disponibiliza em sua obra informa\u00e7\u00f5es que v\u00e3o al\u00e9m da simples interpreta\u00e7\u00e3o de regras e princ\u00edpios, aplicando no urbanismo e seus segmentos a valiosa e objetiva contribui\u00e7\u00e3o do direito.<\/p><div class=\"bvdqc69f1a922d6d5f\" ><!--<a href=\"https:\/\/bit.ly\/3QdrqTZ\" target=\"_blank\">\n<img src=\"https:\/\/justicapotiguar.com.br\/wp-content\/uploads\/2023\/09\/mobile-geral.gif\"\/><a\/>--><\/div><style type=\"text\/css\">\r\n.bvdqc69f1a922d6d5f {\r\ntext-align: center;\r\n}\r\n@media screen and (min-width: 1201px) {\r\n.bvdqc69f1a922d6d5f {\r\ndisplay: none;\r\n}\r\n}\r\n@media screen and (min-width: 993px) and (max-width: 1200px) {\r\n.bvdqc69f1a922d6d5f {\r\ndisplay: none;\r\n}\r\n}\r\n@media screen and (min-width: 769px) and (max-width: 992px) {\r\n.bvdqc69f1a922d6d5f {\r\ndisplay: none;\r\n}\r\n}\r\n@media screen and (min-width: 768px) and (max-width: 768px) {\r\n.bvdqc69f1a922d6d5f {\r\ndisplay: block;\r\n}\r\n}\r\n@media screen and (max-width: 767px) {\r\n.bvdqc69f1a922d6d5f {\r\ndisplay: block;\r\n}\r\n}\r\n<\/style>\r\n<div class=\"bypbj69f1a922d6d46\" ><!--<a href=\"https:\/\/bit.ly\/3QdrqTZ\" target=\"_blank\">\n<img src=\"https:\/\/justicapotiguar.com.br\/wp-content\/uploads\/2023\/09\/desktop-geral.gif\"\/><a\/>--><\/div><style type=\"text\/css\">\r\n.bypbj69f1a922d6d46 {\r\ntext-align: center;\nmargin-bottom: 1em;\r\n}\r\n@media screen and (min-width: 1201px) {\r\n.bypbj69f1a922d6d46 {\r\ndisplay: block;\r\n}\r\n}\r\n@media screen and (min-width: 993px) and (max-width: 1200px) {\r\n.bypbj69f1a922d6d46 {\r\ndisplay: block;\r\n}\r\n}\r\n@media screen and (min-width: 769px) and (max-width: 992px) {\r\n.bypbj69f1a922d6d46 {\r\ndisplay: block;\r\n}\r\n}\r\n@media screen and (min-width: 768px) and (max-width: 768px) {\r\n.bypbj69f1a922d6d46 {\r\ndisplay: none;\r\n}\r\n}\r\n@media screen and (max-width: 767px) {\r\n.bypbj69f1a922d6d46 {\r\ndisplay: none;\r\n}\r\n}\r\n<\/style>\r\n\n\n\n\n<p><strong>O Livro<\/strong><\/p>\n\n\n\n<p>Em seu livro, o autor deixa claro que a defini\u00e7\u00e3o de espa\u00e7os verdes como as Zonas de Prote\u00e7\u00e3o Ambiental e o cuidado com os aspectos sociais como as \u00c1reas de Especiais de Interesse Social, no Plano Diretor de Natal \u00e9 equilibrado com o parcelamento do solo, o uso e ocupa\u00e7\u00e3o para as atividades econ\u00f4micas indispens\u00e1veis como a tur\u00edstica, comercial e constru\u00e7\u00e3o civil.<\/p>\n\n\n\n<p>Por quase 5 anos o Plano Diretor de Natal esteve mergulhado em in\u00fameras discuss\u00f5es. Depois da interven\u00e7\u00e3o do Minist\u00e9rio P\u00fablico e da suspens\u00e3o pela Justi\u00e7a, o documento voltou a Confer\u00eancia Final e depois a tramitar na C\u00e2mara Municipal de Natal e foi recentemente sancionado. Um processo complexo que se deu, em boa parte, no contexto de Pandemia global da Covid-19.<\/p>\n\n\n\n<p>A publica\u00e7\u00e3o desta obra oportuna, \u201cO Novo Plano Diretor de Natal: O Renascimento da Cidade!\u201d, aborda os 15 anos do in\u00edcio da vig\u00eancia do \u00faltimo Plano Diretor, ressaltando que o Plano Diretor \u00e9 um importante instrumento jur\u00eddico que trata das regras de ocupa\u00e7\u00e3o dos espa\u00e7os urbanos, permitindo, a depender das \u00e1reas, um maior ou menor volume de constru\u00e7\u00e3o, o limite da altura dos pr\u00e9dios, a prote\u00e7\u00e3o ambiental e paisag\u00edstica, as defini\u00e7\u00f5es das \u00e1reas sociais, dentre diversas outras prescri\u00e7\u00f5es.<\/p>\n","protected":false},"excerpt":{"rendered":"<p>O Plano Diretor de Natal vai ganhar um livro na pr\u00f3xima segunda-feira (04). A obra intitulada \u201cO novo Plano diretor de Natal \u2013 O renascimento da cidade\u201d ir\u00e1 contribuir para mudan\u00e7as de paradigmas e apontar o rumo da aplica\u00e7\u00e3o dos instrumentos do Plano Diretor da capital e o pr\u00f3prio destino da Cidade. O autor \u00e9<br \/><a class=\"more-link\" href=\"https:\/\/justicapotiguar.com.br\/index.php\/2022\/04\/02\/advogado-lanca-livro-sobre-o-novo-plano-diretor-de-natal\/\">Mais&#8230;<\/a><\/p>\n","protected":false},"author":5,"featured_media":0,"comment_status":"open","ping_status":"open","sticky":false,"template":"","format":"standard","meta":[],"categories":[1],"tags":[],"_links":{"self":[{"href":"https:\/\/justicapotiguar.com.br\/index.php\/wp-json\/wp\/v2\/posts\/25349"}],"collection":[{"href":"https:\/\/justicapotiguar.com.br\/index.php\/wp-json\/wp\/v2\/posts"}],"about":[{"href":"https:\/\/justicapotiguar.com.br\/index.php\/wp-json\/wp\/v2\/types\/post"}],"author":[{"embeddable":true,"href":"https:\/\/justicapotiguar.com.br\/index.php\/wp-json\/wp\/v2\/users\/5"}],"replies":[{"embeddable":true,"href":"https:\/\/justicapotiguar.com.br\/index.php\/wp-json\/wp\/v2\/comments?post=25349"}],"version-history":[{"count":1,"href":"https:\/\/justicapotiguar.com.br\/index.php\/wp-json\/wp\/v2\/posts\/25349\/revisions"}],"predecessor-version":[{"id":25351,"href":"https:\/\/justicapotiguar.com.br\/index.php\/wp-json\/wp\/v2\/posts\/25349\/revisions\/25351"}],"wp:attachment":[{"href":"https:\/\/justicapotiguar.com.br\/index.php\/wp-json\/wp\/v2\/media?parent=25349"}],"wp:term":[{"taxonomy":"category","embeddable":true,"href":"https:\/\/justicapotiguar.com.br\/index.php\/wp-json\/wp\/v2\/categories?post=25349"},{"taxonomy":"post_tag","embeddable":true,"href":"https:\/\/justicapotiguar.com.br\/index.php\/wp-json\/wp\/v2\/tags?post=25349"}],"curies":[{"name":"wp","href":"https:\/\/api.w.org\/{rel}","templated":true}]}}