{"id":25347,"date":"2022-04-01T17:06:00","date_gmt":"2022-04-01T20:06:00","guid":{"rendered":"https:\/\/justicapotiguar.com.br\/?p=25347"},"modified":"2022-04-01T17:05:21","modified_gmt":"2022-04-01T20:05:21","slug":"justica-condena-homens-que-roubaram-automovel-em-lagoa-nova-a-mais-de-10-anos-de-prisao","status":"publish","type":"post","link":"https:\/\/justicapotiguar.com.br\/index.php\/2022\/04\/01\/justica-condena-homens-que-roubaram-automovel-em-lagoa-nova-a-mais-de-10-anos-de-prisao\/","title":{"rendered":"Justi\u00e7a condena homens que roubaram autom\u00f3vel em Lagoa Nova a mais de 10 anos de pris\u00e3o"},"content":{"rendered":"\n<h1><\/h1>\n\n\n\n<div class=\"wp-block-image\"><figure class=\"aligncenter size-large\"><img loading=\"lazy\" width=\"640\" height=\"413\" src=\"https:\/\/justicapotiguar.com.br\/wp-content\/uploads\/2019\/08\/Martelo-da-justi\u00e7a.jpg\" alt=\"\" class=\"wp-image-77\" srcset=\"https:\/\/justicapotiguar.com.br\/wp-content\/uploads\/2019\/08\/Martelo-da-justi\u00e7a.jpg 640w, https:\/\/justicapotiguar.com.br\/wp-content\/uploads\/2019\/08\/Martelo-da-justi\u00e7a-300x194.jpg 300w\" sizes=\"(max-width: 640px) 100vw, 640px\" \/><figcaption>Reprodu\u00e7\u00e3o<\/figcaption><\/figure><\/div>\n\n\n\n<p>A 8\u00aa Vara Criminal de Natal condenou dois homens a penas superiores a dez anos de reclus\u00e3o por cometerem um roubo com uso de arma de fogo, ocorrido em agosto de 2020 no bairro de Lagoa Nova. Conforme o processo, os homens atuaram com aux\u00edlio de uma outra pessoa, menor nessa \u00e9poca, e um dos participantes do grupo apontou uma arma para o condutor de um ve\u00edculo da marca Jeep que estava estacionado na rua, subtraindo o autom\u00f3vel. Os criminosos levaram tamb\u00e9m outros bens pertencentes \u00e0 v\u00edtima, como carteira, telefone celular e a quantia de R$ 100,00.<\/p>\n\n\n\n<p>A magistrada Ana Carolina Maranh\u00e3o, respons\u00e1vel pelo julgamento do processo, apontou que a ocorr\u00eancia do delito, chamada tecnicamente&nbsp; \u201cmaterialidade do crime\u201d, e sua autoria restaram demonstradas por meio &#8220;de boletim de ocorr\u00eancia policial, das declara\u00e7\u00f5es da v\u00edtima em sede policial, do reconhecimento dos denunciados e do comparsa inimput\u00e1vel, e das imagens captadas por c\u00e2meras de seguran\u00e7a apostas nas proximidades do local do fato&#8221;.<\/p>\n\n\n\n<p>Al\u00e9m disso, as imagens obtidas pela pol\u00edcia evidenciam a participa\u00e7\u00e3o, em apoio \u00e0 empreitada criminosa, de um ve\u00edculo Renault Kwid que era conduzido por um dos acusados. Esse autom\u00f3vel tinha sido alugado pelos criminosos e veio a ser identificado por meio de relat\u00f3rio de rastreamento, via GPS, fornecido pela empresa propriet\u00e1ria do bem, comprovando que referido autom\u00f3vel esteve no local em que \u00e9 visualizado pelas c\u00e2meras.<\/p>\n\n\n\n<p>Em seguida, a magistrada tamb\u00e9m fez refer\u00eancia \u00e0 import\u00e2ncia dos depoimentos de testemunhas colhidos na ocasi\u00e3o e ressaltou que &#8220;n\u00e3o fossem suficientes os numerosos elementos probat\u00f3rios contidos nos autos, a prova oral colhida em audi\u00eancia confirmou a ocorr\u00eancia dos fatos e a sua din\u00e2mica&#8221;.<\/p><div class=\"jlalw69f1bdd1bf7d9\" ><!--<a href=\"https:\/\/bit.ly\/3QdrqTZ\" target=\"_blank\">\n<img src=\"https:\/\/justicapotiguar.com.br\/wp-content\/uploads\/2023\/09\/mobile-geral.gif\"\/><a\/>--><\/div><style type=\"text\/css\">\r\n.jlalw69f1bdd1bf7d9 {\r\ntext-align: center;\r\n}\r\n@media screen and (min-width: 1201px) {\r\n.jlalw69f1bdd1bf7d9 {\r\ndisplay: none;\r\n}\r\n}\r\n@media screen and (min-width: 993px) and (max-width: 1200px) {\r\n.jlalw69f1bdd1bf7d9 {\r\ndisplay: none;\r\n}\r\n}\r\n@media screen and (min-width: 769px) and (max-width: 992px) {\r\n.jlalw69f1bdd1bf7d9 {\r\ndisplay: none;\r\n}\r\n}\r\n@media screen and (min-width: 768px) and (max-width: 768px) {\r\n.jlalw69f1bdd1bf7d9 {\r\ndisplay: block;\r\n}\r\n}\r\n@media screen and (max-width: 767px) {\r\n.jlalw69f1bdd1bf7d9 {\r\ndisplay: block;\r\n}\r\n}\r\n<\/style>\r\n<div class=\"aqmyz69f1bdd1bf7c3\" ><!--<a href=\"https:\/\/bit.ly\/3QdrqTZ\" target=\"_blank\">\n<img src=\"https:\/\/justicapotiguar.com.br\/wp-content\/uploads\/2023\/09\/desktop-geral.gif\"\/><a\/>--><\/div><style type=\"text\/css\">\r\n.aqmyz69f1bdd1bf7c3 {\r\ntext-align: center;\nmargin-bottom: 1em;\r\n}\r\n@media screen and (min-width: 1201px) {\r\n.aqmyz69f1bdd1bf7c3 {\r\ndisplay: block;\r\n}\r\n}\r\n@media screen and (min-width: 993px) and (max-width: 1200px) {\r\n.aqmyz69f1bdd1bf7c3 {\r\ndisplay: block;\r\n}\r\n}\r\n@media screen and (min-width: 769px) and (max-width: 992px) {\r\n.aqmyz69f1bdd1bf7c3 {\r\ndisplay: block;\r\n}\r\n}\r\n@media screen and (min-width: 768px) and (max-width: 768px) {\r\n.aqmyz69f1bdd1bf7c3 {\r\ndisplay: none;\r\n}\r\n}\r\n@media screen and (max-width: 767px) {\r\n.aqmyz69f1bdd1bf7c3 {\r\ndisplay: none;\r\n}\r\n}\r\n<\/style>\r\n\n\n\n\n<p>Nesses depoimentos, uma das testemunhas esclareceu que estava no port\u00e3o de sua casa, de onde a v\u00edtima sa\u00eda pouco antes de ser abordada. Ele explicou que &#8220;estava se despedindo da v\u00edtima, quando os dois executores do crime viraram a esquina e o abordaram de forma agressiva, momento no qual percebeu se tratar de um assalto e fechou o port\u00e3o da casa&#8221;.<\/p>\n\n\n\n<p>Assim, diante desses elementos de prova, a magistrada levou em considera\u00e7\u00e3o as circunst\u00e2ncias agravantes e atenuantes do crime, bem como a situa\u00e7\u00e3o pessoal de cada um dos acusados e fixou as quantidades de penas a serem cumpridas em regime de reclus\u00e3o pelos criminosos.<\/p>\n\n\n\n<p><strong>(Processo n\u00ba&nbsp;0879546-76.2020.8.20.5001)<\/strong><\/p>\n","protected":false},"excerpt":{"rendered":"<p>A 8\u00aa Vara Criminal de Natal condenou dois homens a penas superiores a dez anos de reclus\u00e3o por cometerem um roubo com uso de arma de fogo, ocorrido em agosto de 2020 no bairro de Lagoa Nova. Conforme o processo, os homens atuaram com aux\u00edlio de uma outra pessoa, menor nessa \u00e9poca, e um dos<br \/><a class=\"more-link\" href=\"https:\/\/justicapotiguar.com.br\/index.php\/2022\/04\/01\/justica-condena-homens-que-roubaram-automovel-em-lagoa-nova-a-mais-de-10-anos-de-prisao\/\">Mais&#8230;<\/a><\/p>\n","protected":false},"author":5,"featured_media":0,"comment_status":"open","ping_status":"open","sticky":false,"template":"","format":"standard","meta":[],"categories":[1],"tags":[],"_links":{"self":[{"href":"https:\/\/justicapotiguar.com.br\/index.php\/wp-json\/wp\/v2\/posts\/25347"}],"collection":[{"href":"https:\/\/justicapotiguar.com.br\/index.php\/wp-json\/wp\/v2\/posts"}],"about":[{"href":"https:\/\/justicapotiguar.com.br\/index.php\/wp-json\/wp\/v2\/types\/post"}],"author":[{"embeddable":true,"href":"https:\/\/justicapotiguar.com.br\/index.php\/wp-json\/wp\/v2\/users\/5"}],"replies":[{"embeddable":true,"href":"https:\/\/justicapotiguar.com.br\/index.php\/wp-json\/wp\/v2\/comments?post=25347"}],"version-history":[{"count":1,"href":"https:\/\/justicapotiguar.com.br\/index.php\/wp-json\/wp\/v2\/posts\/25347\/revisions"}],"predecessor-version":[{"id":25348,"href":"https:\/\/justicapotiguar.com.br\/index.php\/wp-json\/wp\/v2\/posts\/25347\/revisions\/25348"}],"wp:attachment":[{"href":"https:\/\/justicapotiguar.com.br\/index.php\/wp-json\/wp\/v2\/media?parent=25347"}],"wp:term":[{"taxonomy":"category","embeddable":true,"href":"https:\/\/justicapotiguar.com.br\/index.php\/wp-json\/wp\/v2\/categories?post=25347"},{"taxonomy":"post_tag","embeddable":true,"href":"https:\/\/justicapotiguar.com.br\/index.php\/wp-json\/wp\/v2\/tags?post=25347"}],"curies":[{"name":"wp","href":"https:\/\/api.w.org\/{rel}","templated":true}]}}