{"id":25345,"date":"2022-04-01T12:34:00","date_gmt":"2022-04-01T15:34:00","guid":{"rendered":"https:\/\/justicapotiguar.com.br\/?p=25345"},"modified":"2022-04-01T10:14:14","modified_gmt":"2022-04-01T13:14:14","slug":"eleicoes-ex-ministro-marco-aurelio-diz-temer-tempestades-com-moraes-no-comando-do-tse","status":"publish","type":"post","link":"https:\/\/justicapotiguar.com.br\/index.php\/2022\/04\/01\/eleicoes-ex-ministro-marco-aurelio-diz-temer-tempestades-com-moraes-no-comando-do-tse\/","title":{"rendered":"Elei\u00e7\u00f5es: ex-ministro Marco Aur\u00e9lio diz temer &#8216;tempestades&#8217; com Moraes no comando do TSE"},"content":{"rendered":"\n<figure class=\"wp-block-image size-large\"><img loading=\"lazy\" width=\"1024\" height=\"683\" src=\"https:\/\/justicapotiguar.com.br\/wp-content\/uploads\/2019\/08\/Alexandre-de-Moraes-1024x683.jpg\" alt=\"\" class=\"wp-image-119\" srcset=\"https:\/\/justicapotiguar.com.br\/wp-content\/uploads\/2019\/08\/Alexandre-de-Moraes-1024x683.jpg 1024w, https:\/\/justicapotiguar.com.br\/wp-content\/uploads\/2019\/08\/Alexandre-de-Moraes-300x200.jpg 300w, https:\/\/justicapotiguar.com.br\/wp-content\/uploads\/2019\/08\/Alexandre-de-Moraes-768x512.jpg 768w, https:\/\/justicapotiguar.com.br\/wp-content\/uploads\/2019\/08\/Alexandre-de-Moraes.jpg 1140w\" sizes=\"(max-width: 1024px) 100vw, 1024px\" \/><figcaption>Reprodu\u00e7\u00e3o<\/figcaption><\/figure>\n\n\n\n<p>O ex-ministro do Supremo Tribunal Federal (STF) Marco Aur\u00e9lio Mello disse temer &#8220;tempestades&#8221; por conta da futura atua\u00e7\u00e3o do ministro Alexandre de Moraes como presidente do Tribunal Superior Eleitoral (TSE) durante as elei\u00e7\u00f5es deste ano. Segundo o ex-magistrado, Moraes tem atuado de forma &#8220;trepidante&#8221; e o momento atual demandaria &#8220;temperan\u00e7a&#8221;.<\/p>\n\n\n\n<p>&#8220;Receio que possamos ter tempestades [&#8230;] N\u00e3o \u00e9 o desej\u00e1vel. A atua\u00e7\u00e3o do juiz trepidante deve ser afastada. Vamos adotar temperan\u00e7a, vamos adotar compreens\u00e3o sem abrir m\u00e3o da preval\u00eancia das regras jur\u00eddicas&#8221;, disse Marco Aur\u00e9lio Mello.<\/p>\n\n\n\n<p>A cr\u00edtica atinge Alexandre de Moraes no momento em que ele \u00e9 um dos protagonistas de mais uma crise entre os poderes Judici\u00e1rio e Legislativo.<\/p><div class=\"ptkzd69f1a91bc6e39\" ><!--<a href=\"https:\/\/bit.ly\/3QdrqTZ\" target=\"_blank\">\n<img src=\"https:\/\/justicapotiguar.com.br\/wp-content\/uploads\/2023\/09\/mobile-geral.gif\"\/><a\/>--><\/div><style type=\"text\/css\">\r\n.ptkzd69f1a91bc6e39 {\r\ntext-align: center;\r\n}\r\n@media screen and (min-width: 1201px) {\r\n.ptkzd69f1a91bc6e39 {\r\ndisplay: none;\r\n}\r\n}\r\n@media screen and (min-width: 993px) and (max-width: 1200px) {\r\n.ptkzd69f1a91bc6e39 {\r\ndisplay: none;\r\n}\r\n}\r\n@media screen and (min-width: 769px) and (max-width: 992px) {\r\n.ptkzd69f1a91bc6e39 {\r\ndisplay: none;\r\n}\r\n}\r\n@media screen and (min-width: 768px) and (max-width: 768px) {\r\n.ptkzd69f1a91bc6e39 {\r\ndisplay: block;\r\n}\r\n}\r\n@media screen and (max-width: 767px) {\r\n.ptkzd69f1a91bc6e39 {\r\ndisplay: block;\r\n}\r\n}\r\n<\/style>\r\n<div class=\"gyheg69f1a91bc6e25\" ><!--<a href=\"https:\/\/bit.ly\/3QdrqTZ\" target=\"_blank\">\n<img src=\"https:\/\/justicapotiguar.com.br\/wp-content\/uploads\/2023\/09\/desktop-geral.gif\"\/><a\/>--><\/div><style type=\"text\/css\">\r\n.gyheg69f1a91bc6e25 {\r\ntext-align: center;\nmargin-bottom: 1em;\r\n}\r\n@media screen and (min-width: 1201px) {\r\n.gyheg69f1a91bc6e25 {\r\ndisplay: block;\r\n}\r\n}\r\n@media screen and (min-width: 993px) and (max-width: 1200px) {\r\n.gyheg69f1a91bc6e25 {\r\ndisplay: block;\r\n}\r\n}\r\n@media screen and (min-width: 769px) and (max-width: 992px) {\r\n.gyheg69f1a91bc6e25 {\r\ndisplay: block;\r\n}\r\n}\r\n@media screen and (min-width: 768px) and (max-width: 768px) {\r\n.gyheg69f1a91bc6e25 {\r\ndisplay: none;\r\n}\r\n}\r\n@media screen and (max-width: 767px) {\r\n.gyheg69f1a91bc6e25 {\r\ndisplay: none;\r\n}\r\n}\r\n<\/style>\r\n\n\n\n\n<p>Nos \u00faltimos dias, Daniel Silveira desafiou uma ordem de Alexandre de Moraes para que ele usasse tornozeleira eletr\u00f4nica. O deputado \u00e9 r\u00e9u em um processo que tramita no STF em que \u00e9 acusado de cometer ataques a membros da Corte.<\/p>\n\n\n\n<p>Silveira disse que n\u00e3o a cumpriria e afirmou que passaria a dormir na C\u00e2mara dos Deputados &#8211; o que, em tese, impossibilitaria a Pol\u00edcia Federal de cumprir a decis\u00e3o.<\/p>\n\n\n\n<p>BBC<\/p>\n","protected":false},"excerpt":{"rendered":"<p>O ex-ministro do Supremo Tribunal Federal (STF) Marco Aur\u00e9lio Mello disse temer &#8220;tempestades&#8221; por conta da futura atua\u00e7\u00e3o do ministro Alexandre de Moraes como presidente do Tribunal Superior Eleitoral (TSE) durante as elei\u00e7\u00f5es deste ano. Segundo o ex-magistrado, Moraes tem atuado de forma &#8220;trepidante&#8221; e o momento atual demandaria &#8220;temperan\u00e7a&#8221;. &#8220;Receio que possamos ter tempestades<br \/><a class=\"more-link\" href=\"https:\/\/justicapotiguar.com.br\/index.php\/2022\/04\/01\/eleicoes-ex-ministro-marco-aurelio-diz-temer-tempestades-com-moraes-no-comando-do-tse\/\">Mais&#8230;<\/a><\/p>\n","protected":false},"author":5,"featured_media":0,"comment_status":"open","ping_status":"open","sticky":false,"template":"","format":"standard","meta":[],"categories":[1],"tags":[],"_links":{"self":[{"href":"https:\/\/justicapotiguar.com.br\/index.php\/wp-json\/wp\/v2\/posts\/25345"}],"collection":[{"href":"https:\/\/justicapotiguar.com.br\/index.php\/wp-json\/wp\/v2\/posts"}],"about":[{"href":"https:\/\/justicapotiguar.com.br\/index.php\/wp-json\/wp\/v2\/types\/post"}],"author":[{"embeddable":true,"href":"https:\/\/justicapotiguar.com.br\/index.php\/wp-json\/wp\/v2\/users\/5"}],"replies":[{"embeddable":true,"href":"https:\/\/justicapotiguar.com.br\/index.php\/wp-json\/wp\/v2\/comments?post=25345"}],"version-history":[{"count":1,"href":"https:\/\/justicapotiguar.com.br\/index.php\/wp-json\/wp\/v2\/posts\/25345\/revisions"}],"predecessor-version":[{"id":25346,"href":"https:\/\/justicapotiguar.com.br\/index.php\/wp-json\/wp\/v2\/posts\/25345\/revisions\/25346"}],"wp:attachment":[{"href":"https:\/\/justicapotiguar.com.br\/index.php\/wp-json\/wp\/v2\/media?parent=25345"}],"wp:term":[{"taxonomy":"category","embeddable":true,"href":"https:\/\/justicapotiguar.com.br\/index.php\/wp-json\/wp\/v2\/categories?post=25345"},{"taxonomy":"post_tag","embeddable":true,"href":"https:\/\/justicapotiguar.com.br\/index.php\/wp-json\/wp\/v2\/tags?post=25345"}],"curies":[{"name":"wp","href":"https:\/\/api.w.org\/{rel}","templated":true}]}}