{"id":25341,"date":"2022-04-01T10:07:00","date_gmt":"2022-04-01T13:07:00","guid":{"rendered":"https:\/\/justicapotiguar.com.br\/?p=25341"},"modified":"2022-04-01T09:11:13","modified_gmt":"2022-04-01T12:11:13","slug":"negro-advogado-e-confundido-com-motorista-por-seguranca-do-stf","status":"publish","type":"post","link":"https:\/\/justicapotiguar.com.br\/index.php\/2022\/04\/01\/negro-advogado-e-confundido-com-motorista-por-seguranca-do-stf\/","title":{"rendered":"Negro, advogado \u00e9 confundido com motorista por seguran\u00e7a do STF"},"content":{"rendered":"<blockquote class=\"twitter-tweet\">\n<p dir=\"ltr\" lang=\"pt\">Chegar no Supremo de carro bom e ser confundido com motorista: check<\/p>\n<p>Pra galera branca do &#8220;meu av\u00f4 \u00e9 negro&#8221;: bora trocar de pele um dia s\u00f3<\/p>\n<p>\u2014 Nau\u00ea Bernardo \uea00 (@nauebernardo) <a href=\"https:\/\/twitter.com\/nauebernardo\/status\/1508906004171436033?ref_src=twsrc%5Etfw\">March 29, 2022<\/a><\/p><\/blockquote>\n<p><script async=\"\" src=\"https:\/\/platform.twitter.com\/widgets.js\" charset=\"utf-8\"><\/script><\/p>\n<blockquote class=\"twitter-tweet\">\n<p dir=\"ltr\" lang=\"pt\">Pessoal, bom dia.<br \/>\nPrimeiramente, agrade\u00e7o novamente todo o apoio e digo de novo: n\u00e3o h\u00e1 problema em ser motorista. O problema \u00e9 achar que um negro de terno S\u00d3 PODE ser motorista. \u00c9 sutil, mas \u00e9 firme: \u00e9 uma negativa muito expressa de nos aceitar de outra forma.<\/p>\n<p>\u2014 Nau\u00ea Bernardo \uea00 (@nauebernardo) <a href=\"https:\/\/twitter.com\/nauebernardo\/status\/1509138304456966152?ref_src=twsrc%5Etfw\">March 30, 2022<\/a><\/p><div class=\"jqvos69f1a8c84eafd\" ><!--<a href=\"https:\/\/bit.ly\/3QdrqTZ\" target=\"_blank\">\n<img src=\"https:\/\/justicapotiguar.com.br\/wp-content\/uploads\/2023\/09\/mobile-geral.gif\"\/><a\/>--><\/div><style type=\"text\/css\">\r\n.jqvos69f1a8c84eafd {\r\ntext-align: center;\r\n}\r\n@media screen and (min-width: 1201px) {\r\n.jqvos69f1a8c84eafd {\r\ndisplay: none;\r\n}\r\n}\r\n@media screen and (min-width: 993px) and (max-width: 1200px) {\r\n.jqvos69f1a8c84eafd {\r\ndisplay: none;\r\n}\r\n}\r\n@media screen and (min-width: 769px) and (max-width: 992px) {\r\n.jqvos69f1a8c84eafd {\r\ndisplay: none;\r\n}\r\n}\r\n@media screen and (min-width: 768px) and (max-width: 768px) {\r\n.jqvos69f1a8c84eafd {\r\ndisplay: block;\r\n}\r\n}\r\n@media screen and (max-width: 767px) {\r\n.jqvos69f1a8c84eafd {\r\ndisplay: block;\r\n}\r\n}\r\n<\/style>\r\n<div class=\"wljwo69f1a8c84eae0\" ><!--<a href=\"https:\/\/bit.ly\/3QdrqTZ\" target=\"_blank\">\n<img src=\"https:\/\/justicapotiguar.com.br\/wp-content\/uploads\/2023\/09\/desktop-geral.gif\"\/><a\/>--><\/div><style type=\"text\/css\">\r\n.wljwo69f1a8c84eae0 {\r\ntext-align: center;\nmargin-bottom: 1em;\r\n}\r\n@media screen and (min-width: 1201px) {\r\n.wljwo69f1a8c84eae0 {\r\ndisplay: block;\r\n}\r\n}\r\n@media screen and (min-width: 993px) and (max-width: 1200px) {\r\n.wljwo69f1a8c84eae0 {\r\ndisplay: block;\r\n}\r\n}\r\n@media screen and (min-width: 769px) and (max-width: 992px) {\r\n.wljwo69f1a8c84eae0 {\r\ndisplay: block;\r\n}\r\n}\r\n@media screen and (min-width: 768px) and (max-width: 768px) {\r\n.wljwo69f1a8c84eae0 {\r\ndisplay: none;\r\n}\r\n}\r\n@media screen and (max-width: 767px) {\r\n.wljwo69f1a8c84eae0 {\r\ndisplay: none;\r\n}\r\n}\r\n<\/style>\r\n<\/blockquote>\n<p><script async=\"\" src=\"https:\/\/platform.twitter.com\/widgets.js\" charset=\"utf-8\"><\/script><\/p>\n<p>O advogado e conselheiro da Ordem dos Advogados do Brasil Seccional do Distrito Federal (<a href=\"https:\/\/www.metropoles.com\/tag\/oab-df\" target=\"_blank\" rel=\"noopener\">OAB-DF<\/a>) Nau\u00ea Bernardo foi confundido com motorista por um seguran\u00e7a do Supremo Tribunal Federal (STF), nesta ter\u00e7a-feira (29\/3).<\/p>\n<div class=\"m-banner-wrap m-banner-rectangle m-publicity-content-middle\">\n<div id=\"div-gpt-ad-colunas-quadrado-1\" class=\"ad-quadrado\" data-google-query-id=\"COK_rbPq8vYCFTgmuQYdypsPiw\">\n<div id=\"google_ads_iframe_\/123935210\/colunas-quadrado-1_0__container__\"><\/div>\n<\/div>\n<\/div>\n<p data-gtm-vis-first-on-screen-8752935_845=\"23264\" data-gtm-vis-total-visible-time-8752935_845=\"100\" data-gtm-vis-has-fired-8752935_845=\"1\">Segundo pessoas que presenciaram a cena, Nau\u00ea chegou no\u00a0<a href=\"http:\/\/portal.stf.jus.br\/\" target=\"_blank\" rel=\"noopener\">STF<\/a>\u00a0dirigindo o pr\u00f3prio carro, um Honda HRV, com mais tr\u00eas pessoas dentro. \u00danico negro no ve\u00edculo, Nau\u00ea ia parar o carro no estacionamento externo, mas o seguran\u00e7a o chamou e mostrou que iria tirar o cone do local onde \u00e9 feito o desembarque e que leva para a garagem interna do STF. O advogado questionou se era para ele ir \u00e0 garagem, o seguran\u00e7a negou e o orientou a deixar os passageiros ali e ir embora.<\/p>\n<p>Relatos sobre o caso circularam em grupos de advogados de Bras\u00edlia. As testemunhas acreditam que Nau\u00ea foi confundido com um motorista por ser negro. Ele foi ao STF para audi\u00eancias com ministros sobre processos no qual atua como advogado.<\/p>\n<div class=\"clever-core-ads\">Metropoles<\/div>\n","protected":false},"excerpt":{"rendered":"<p>Chegar no Supremo de carro bom e ser confundido com motorista: check Pra galera branca do &#8220;meu av\u00f4 \u00e9 negro&#8221;: bora trocar de pele um dia s\u00f3 \u2014 Nau\u00ea Bernardo \uea00 (@nauebernardo) March 29, 2022 Pessoal, bom dia. Primeiramente, agrade\u00e7o novamente todo o apoio e digo de novo: n\u00e3o h\u00e1 problema em ser motorista. O<br \/><a class=\"more-link\" href=\"https:\/\/justicapotiguar.com.br\/index.php\/2022\/04\/01\/negro-advogado-e-confundido-com-motorista-por-seguranca-do-stf\/\">Mais&#8230;<\/a><\/p>\n","protected":false},"author":5,"featured_media":0,"comment_status":"open","ping_status":"open","sticky":false,"template":"","format":"standard","meta":[],"categories":[1],"tags":[],"_links":{"self":[{"href":"https:\/\/justicapotiguar.com.br\/index.php\/wp-json\/wp\/v2\/posts\/25341"}],"collection":[{"href":"https:\/\/justicapotiguar.com.br\/index.php\/wp-json\/wp\/v2\/posts"}],"about":[{"href":"https:\/\/justicapotiguar.com.br\/index.php\/wp-json\/wp\/v2\/types\/post"}],"author":[{"embeddable":true,"href":"https:\/\/justicapotiguar.com.br\/index.php\/wp-json\/wp\/v2\/users\/5"}],"replies":[{"embeddable":true,"href":"https:\/\/justicapotiguar.com.br\/index.php\/wp-json\/wp\/v2\/comments?post=25341"}],"version-history":[{"count":1,"href":"https:\/\/justicapotiguar.com.br\/index.php\/wp-json\/wp\/v2\/posts\/25341\/revisions"}],"predecessor-version":[{"id":25342,"href":"https:\/\/justicapotiguar.com.br\/index.php\/wp-json\/wp\/v2\/posts\/25341\/revisions\/25342"}],"wp:attachment":[{"href":"https:\/\/justicapotiguar.com.br\/index.php\/wp-json\/wp\/v2\/media?parent=25341"}],"wp:term":[{"taxonomy":"category","embeddable":true,"href":"https:\/\/justicapotiguar.com.br\/index.php\/wp-json\/wp\/v2\/categories?post=25341"},{"taxonomy":"post_tag","embeddable":true,"href":"https:\/\/justicapotiguar.com.br\/index.php\/wp-json\/wp\/v2\/tags?post=25341"}],"curies":[{"name":"wp","href":"https:\/\/api.w.org\/{rel}","templated":true}]}}