{"id":25333,"date":"2022-03-31T19:26:14","date_gmt":"2022-03-31T22:26:14","guid":{"rendered":"https:\/\/justicapotiguar.com.br\/?p=25333"},"modified":"2022-03-31T21:26:27","modified_gmt":"2022-04-01T00:26:27","slug":"justica-eleitoral-condena-ex-prefeita-de-umarizal-a-ficar-inelegivel-por-8-anos","status":"publish","type":"post","link":"https:\/\/justicapotiguar.com.br\/index.php\/2022\/03\/31\/justica-eleitoral-condena-ex-prefeita-de-umarizal-a-ficar-inelegivel-por-8-anos\/","title":{"rendered":"Justi\u00e7a Eleitoral condena ex-prefeita de Umarizal a ficar ineleg\u00edvel por 8 anos"},"content":{"rendered":"\n<p>O juiz eleitoral Renan Mendon\u00e7a, da Zona Eleitoral de Umarizal, condenou a ex-prefeita do munic\u00edpio,  Elijane Paiva de Freitas em a\u00e7\u00e3o de investiga\u00e7\u00e3o eleitoral por abuso de poder pol\u00edtico e econ\u00f4mico nas elei\u00e7\u00f5es de 2020.<\/p>\n\n\n\n<p>Ao analisar os.documentos probat\u00f3rios o magistrado entendeu que houve pr\u00e1tica ilegal nas elei\u00e7\u00f5es para capta\u00e7\u00e3o il\u00edcita de sufr\u00e1gio e atendeu parcialmente o pedido do Minist\u00e9rio P\u00fablico sentenciando a inelegibilidade de Elijane pelo per\u00edodo de 8 anos em virtude do ato abusivo. A decis\u00e3o cabe recurso.<\/p><div class=\"tnfzj69f1911f94434\" ><!--<a href=\"https:\/\/bit.ly\/3QdrqTZ\" target=\"_blank\">\n<img src=\"https:\/\/justicapotiguar.com.br\/wp-content\/uploads\/2023\/09\/mobile-geral.gif\"\/><a\/>--><\/div><style type=\"text\/css\">\r\n.tnfzj69f1911f94434 {\r\ntext-align: center;\r\n}\r\n@media screen and (min-width: 1201px) {\r\n.tnfzj69f1911f94434 {\r\ndisplay: none;\r\n}\r\n}\r\n@media screen and (min-width: 993px) and (max-width: 1200px) {\r\n.tnfzj69f1911f94434 {\r\ndisplay: none;\r\n}\r\n}\r\n@media screen and (min-width: 769px) and (max-width: 992px) {\r\n.tnfzj69f1911f94434 {\r\ndisplay: none;\r\n}\r\n}\r\n@media screen and (min-width: 768px) and (max-width: 768px) {\r\n.tnfzj69f1911f94434 {\r\ndisplay: block;\r\n}\r\n}\r\n@media screen and (max-width: 767px) {\r\n.tnfzj69f1911f94434 {\r\ndisplay: block;\r\n}\r\n}\r\n<\/style>\r\n<div class=\"gbqmv69f1911f94422\" ><!--<a href=\"https:\/\/bit.ly\/3QdrqTZ\" target=\"_blank\">\n<img src=\"https:\/\/justicapotiguar.com.br\/wp-content\/uploads\/2023\/09\/desktop-geral.gif\"\/><a\/>--><\/div><style type=\"text\/css\">\r\n.gbqmv69f1911f94422 {\r\ntext-align: center;\nmargin-bottom: 1em;\r\n}\r\n@media screen and (min-width: 1201px) {\r\n.gbqmv69f1911f94422 {\r\ndisplay: block;\r\n}\r\n}\r\n@media screen and (min-width: 993px) and (max-width: 1200px) {\r\n.gbqmv69f1911f94422 {\r\ndisplay: block;\r\n}\r\n}\r\n@media screen and (min-width: 769px) and (max-width: 992px) {\r\n.gbqmv69f1911f94422 {\r\ndisplay: block;\r\n}\r\n}\r\n@media screen and (min-width: 768px) and (max-width: 768px) {\r\n.gbqmv69f1911f94422 {\r\ndisplay: none;\r\n}\r\n}\r\n@media screen and (max-width: 767px) {\r\n.gbqmv69f1911f94422 {\r\ndisplay: none;\r\n}\r\n}\r\n<\/style>\r\n\n\n\n\n<figure class=\"wp-block-image size-large\"><img loading=\"lazy\" width=\"460\" height=\"300\" src=\"https:\/\/justicapotiguar.com.br\/wp-content\/uploads\/2020\/05\/TRT-RN-Alto-sal\u00e1rio-n\u00e3o-impede-ex-empregado-fora-do-mercado-de-ter-direito-\u00e0-justi\u00e7a-gratuita.jpeg\" alt=\"\" class=\"wp-image-9340\" srcset=\"https:\/\/justicapotiguar.com.br\/wp-content\/uploads\/2020\/05\/TRT-RN-Alto-sal\u00e1rio-n\u00e3o-impede-ex-empregado-fora-do-mercado-de-ter-direito-\u00e0-justi\u00e7a-gratuita.jpeg 460w, https:\/\/justicapotiguar.com.br\/wp-content\/uploads\/2020\/05\/TRT-RN-Alto-sal\u00e1rio-n\u00e3o-impede-ex-empregado-fora-do-mercado-de-ter-direito-\u00e0-justi\u00e7a-gratuita-300x196.jpeg 300w\" sizes=\"(max-width: 460px) 100vw, 460px\" \/><figcaption>Ilustrativa<\/figcaption><\/figure>\n\n\n\n<p>Confira decis\u00e3o na \u00edntegra <\/p>\n\n\n\n<div class=\"wp-block-file\"><a href=\"https:\/\/justicapotiguar.com.br\/wp-content\/uploads\/2022\/03\/Sentenca-Elijane.pdf\">Sentenca-Elijane<\/a><a href=\"https:\/\/justicapotiguar.com.br\/wp-content\/uploads\/2022\/03\/Sentenca-Elijane.pdf\" class=\"wp-block-file__button\" download>Baixar<\/a><\/div>\n","protected":false},"excerpt":{"rendered":"<p>O juiz eleitoral Renan Mendon\u00e7a, da Zona Eleitoral de Umarizal, condenou a ex-prefeita do munic\u00edpio, Elijane Paiva de Freitas em a\u00e7\u00e3o de investiga\u00e7\u00e3o eleitoral por abuso de poder pol\u00edtico e econ\u00f4mico nas elei\u00e7\u00f5es de 2020. Ao analisar os.documentos probat\u00f3rios o magistrado entendeu que houve pr\u00e1tica ilegal nas elei\u00e7\u00f5es para capta\u00e7\u00e3o il\u00edcita de sufr\u00e1gio e atendeu<br \/><a class=\"more-link\" href=\"https:\/\/justicapotiguar.com.br\/index.php\/2022\/03\/31\/justica-eleitoral-condena-ex-prefeita-de-umarizal-a-ficar-inelegivel-por-8-anos\/\">Mais&#8230;<\/a><\/p>\n","protected":false},"author":5,"featured_media":0,"comment_status":"open","ping_status":"open","sticky":false,"template":"","format":"standard","meta":[],"categories":[1],"tags":[],"_links":{"self":[{"href":"https:\/\/justicapotiguar.com.br\/index.php\/wp-json\/wp\/v2\/posts\/25333"}],"collection":[{"href":"https:\/\/justicapotiguar.com.br\/index.php\/wp-json\/wp\/v2\/posts"}],"about":[{"href":"https:\/\/justicapotiguar.com.br\/index.php\/wp-json\/wp\/v2\/types\/post"}],"author":[{"embeddable":true,"href":"https:\/\/justicapotiguar.com.br\/index.php\/wp-json\/wp\/v2\/users\/5"}],"replies":[{"embeddable":true,"href":"https:\/\/justicapotiguar.com.br\/index.php\/wp-json\/wp\/v2\/comments?post=25333"}],"version-history":[{"count":1,"href":"https:\/\/justicapotiguar.com.br\/index.php\/wp-json\/wp\/v2\/posts\/25333\/revisions"}],"predecessor-version":[{"id":25335,"href":"https:\/\/justicapotiguar.com.br\/index.php\/wp-json\/wp\/v2\/posts\/25333\/revisions\/25335"}],"wp:attachment":[{"href":"https:\/\/justicapotiguar.com.br\/index.php\/wp-json\/wp\/v2\/media?parent=25333"}],"wp:term":[{"taxonomy":"category","embeddable":true,"href":"https:\/\/justicapotiguar.com.br\/index.php\/wp-json\/wp\/v2\/categories?post=25333"},{"taxonomy":"post_tag","embeddable":true,"href":"https:\/\/justicapotiguar.com.br\/index.php\/wp-json\/wp\/v2\/tags?post=25333"}],"curies":[{"name":"wp","href":"https:\/\/api.w.org\/{rel}","templated":true}]}}