{"id":25331,"date":"2022-03-31T18:11:45","date_gmt":"2022-03-31T21:11:45","guid":{"rendered":"https:\/\/justicapotiguar.com.br\/?p=25331"},"modified":"2022-03-31T18:11:45","modified_gmt":"2022-03-31T21:11:45","slug":"cala-boca-bota-toga-e-nao-enche-o-saco-diz-bolsonaro-a-ministros-do-stf","status":"publish","type":"post","link":"https:\/\/justicapotiguar.com.br\/index.php\/2022\/03\/31\/cala-boca-bota-toga-e-nao-enche-o-saco-diz-bolsonaro-a-ministros-do-stf\/","title":{"rendered":"&#8220;Cala boca, bota toga e n\u00e3o enche o saco&#8221;, diz Bolsonaro a ministros do STF"},"content":{"rendered":"\n<p>O presidente Jair Bolsonaro voltou a criticar os ministros do STF durante cerim\u00f4nia de despedida dos chefes de minist\u00e9rios nesta quinta-feira, 31. Ele disse que para o Brasil ser uma grande na\u00e7\u00e3o, falta que alguns n\u00e3o atrapalhe, e completou: &#8220;se n\u00e3o tem ideia, cala a boca. Bota a toga e fica a\u00ed sem encher o saco dos outros&#8221;.<\/p>\n\n\n\n<figure class=\"wp-block-embed is-type-video is-provider-youtube wp-block-embed-youtube wp-embed-aspect-16-9 wp-has-aspect-ratio\"><div class=\"wp-block-embed__wrapper\">\n<iframe loading=\"lazy\" title=\"&quot;Cala boca, bota toga e n\u00e3o enche o saco&quot;, diz Bolsonaro\u00a0de\u00a0ministros\" width=\"640\" height=\"360\" src=\"https:\/\/www.youtube.com\/embed\/f2B8A9uIwtU?feature=oembed\" frameborder=\"0\" allow=\"accelerometer; autoplay; clipboard-write; encrypted-media; gyroscope; picture-in-picture\" allowfullscreen><\/iframe>\n<\/div><\/figure>\n\n\n\n<p><\/p>\n\n\n\n<p>&#8220;Para sermos grande na\u00e7\u00e3o, falta que alguns poucos n\u00e3o nos atrapalhem. Se n\u00e3o tem ideia, cala a boca. Bota a toga e fica a\u00ed sem encher o saco dos outros\u2026 como atrapalham o Brasil.&#8221;<\/p>\n\n\n\n<p>Ao repetir o antigo discurso de &#8220;efic\u00e1cia&#8221; da cloroquina e ivermectina contra o coronav\u00edrus, Bolsonaro novamente atacou ministro, sem citar nome, chamando de &#8220;desocupado&#8221;.<\/p><div class=\"epzab69f190c6b76d9\" ><!--<a href=\"https:\/\/bit.ly\/3QdrqTZ\" target=\"_blank\">\n<img src=\"https:\/\/justicapotiguar.com.br\/wp-content\/uploads\/2023\/09\/mobile-geral.gif\"\/><a\/>--><\/div><style type=\"text\/css\">\r\n.epzab69f190c6b76d9 {\r\ntext-align: center;\r\n}\r\n@media screen and (min-width: 1201px) {\r\n.epzab69f190c6b76d9 {\r\ndisplay: none;\r\n}\r\n}\r\n@media screen and (min-width: 993px) and (max-width: 1200px) {\r\n.epzab69f190c6b76d9 {\r\ndisplay: none;\r\n}\r\n}\r\n@media screen and (min-width: 769px) and (max-width: 992px) {\r\n.epzab69f190c6b76d9 {\r\ndisplay: none;\r\n}\r\n}\r\n@media screen and (min-width: 768px) and (max-width: 768px) {\r\n.epzab69f190c6b76d9 {\r\ndisplay: block;\r\n}\r\n}\r\n@media screen and (max-width: 767px) {\r\n.epzab69f190c6b76d9 {\r\ndisplay: block;\r\n}\r\n}\r\n<\/style>\r\n<div class=\"gxobe69f190c6b76bb\" ><!--<a href=\"https:\/\/bit.ly\/3QdrqTZ\" target=\"_blank\">\n<img src=\"https:\/\/justicapotiguar.com.br\/wp-content\/uploads\/2023\/09\/desktop-geral.gif\"\/><a\/>--><\/div><style type=\"text\/css\">\r\n.gxobe69f190c6b76bb {\r\ntext-align: center;\nmargin-bottom: 1em;\r\n}\r\n@media screen and (min-width: 1201px) {\r\n.gxobe69f190c6b76bb {\r\ndisplay: block;\r\n}\r\n}\r\n@media screen and (min-width: 993px) and (max-width: 1200px) {\r\n.gxobe69f190c6b76bb {\r\ndisplay: block;\r\n}\r\n}\r\n@media screen and (min-width: 769px) and (max-width: 992px) {\r\n.gxobe69f190c6b76bb {\r\ndisplay: block;\r\n}\r\n}\r\n@media screen and (min-width: 768px) and (max-width: 768px) {\r\n.gxobe69f190c6b76bb {\r\ndisplay: none;\r\n}\r\n}\r\n@media screen and (max-width: 767px) {\r\n.gxobe69f190c6b76bb {\r\ndisplay: none;\r\n}\r\n}\r\n<\/style>\r\n\n\n\n\n<p>Ao que tudo indica, o presidente estava se referindo a Barroso, por ter autorizado a abertura de CPI por omiss\u00e3o do governo na pandemia. Bolsonaro j\u00e1 o criticou por isso em outras oportunidades.<\/p>\n\n\n\n<p>&#8220;O ministro, que deve ser um desocupado, fica me processando. Algu\u00e9m que nunca fez nada de \u00fatil para a sociedade. De repente, processa todo dia o presidente. O que ele quer com isso? O que ajuda o Brasil?&#8221;<\/p>\n\n\n\n<p>Migalhas<\/p>\n\n\n\n<figure class=\"wp-block-image\"><img alt=\"\"\/><\/figure>\n","protected":false},"excerpt":{"rendered":"<p>O presidente Jair Bolsonaro voltou a criticar os ministros do STF durante cerim\u00f4nia de despedida dos chefes de minist\u00e9rios nesta quinta-feira, 31. Ele disse que para o Brasil ser uma grande na\u00e7\u00e3o, falta que alguns n\u00e3o atrapalhe, e completou: &#8220;se n\u00e3o tem ideia, cala a boca. Bota a toga e fica a\u00ed sem encher o<br \/><a class=\"more-link\" href=\"https:\/\/justicapotiguar.com.br\/index.php\/2022\/03\/31\/cala-boca-bota-toga-e-nao-enche-o-saco-diz-bolsonaro-a-ministros-do-stf\/\">Mais&#8230;<\/a><\/p>\n","protected":false},"author":5,"featured_media":0,"comment_status":"open","ping_status":"open","sticky":false,"template":"","format":"standard","meta":[],"categories":[1],"tags":[],"_links":{"self":[{"href":"https:\/\/justicapotiguar.com.br\/index.php\/wp-json\/wp\/v2\/posts\/25331"}],"collection":[{"href":"https:\/\/justicapotiguar.com.br\/index.php\/wp-json\/wp\/v2\/posts"}],"about":[{"href":"https:\/\/justicapotiguar.com.br\/index.php\/wp-json\/wp\/v2\/types\/post"}],"author":[{"embeddable":true,"href":"https:\/\/justicapotiguar.com.br\/index.php\/wp-json\/wp\/v2\/users\/5"}],"replies":[{"embeddable":true,"href":"https:\/\/justicapotiguar.com.br\/index.php\/wp-json\/wp\/v2\/comments?post=25331"}],"version-history":[{"count":1,"href":"https:\/\/justicapotiguar.com.br\/index.php\/wp-json\/wp\/v2\/posts\/25331\/revisions"}],"predecessor-version":[{"id":25332,"href":"https:\/\/justicapotiguar.com.br\/index.php\/wp-json\/wp\/v2\/posts\/25331\/revisions\/25332"}],"wp:attachment":[{"href":"https:\/\/justicapotiguar.com.br\/index.php\/wp-json\/wp\/v2\/media?parent=25331"}],"wp:term":[{"taxonomy":"category","embeddable":true,"href":"https:\/\/justicapotiguar.com.br\/index.php\/wp-json\/wp\/v2\/categories?post=25331"},{"taxonomy":"post_tag","embeddable":true,"href":"https:\/\/justicapotiguar.com.br\/index.php\/wp-json\/wp\/v2\/tags?post=25331"}],"curies":[{"name":"wp","href":"https:\/\/api.w.org\/{rel}","templated":true}]}}