{"id":25329,"date":"2022-03-31T16:57:15","date_gmt":"2022-03-31T19:57:15","guid":{"rendered":"https:\/\/justicapotiguar.com.br\/?p=25329"},"modified":"2022-03-31T16:57:15","modified_gmt":"2022-03-31T19:57:15","slug":"homem-e-condenado-por-roubo-a-mercadinho-na-cidade-da-esperanca","status":"publish","type":"post","link":"https:\/\/justicapotiguar.com.br\/index.php\/2022\/03\/31\/homem-e-condenado-por-roubo-a-mercadinho-na-cidade-da-esperanca\/","title":{"rendered":"Homem \u00e9 condenado por roubo a mercadinho na Cidade da Esperan\u00e7a"},"content":{"rendered":"\n<figure class=\"wp-block-image size-large\"><img loading=\"lazy\" width=\"1016\" height=\"598\" src=\"https:\/\/justicapotiguar.com.br\/wp-content\/uploads\/2020\/03\/pris\u00e3o.jpg\" alt=\"\" class=\"wp-image-8055\" srcset=\"https:\/\/justicapotiguar.com.br\/wp-content\/uploads\/2020\/03\/pris\u00e3o.jpg 1016w, https:\/\/justicapotiguar.com.br\/wp-content\/uploads\/2020\/03\/pris\u00e3o-300x177.jpg 300w, https:\/\/justicapotiguar.com.br\/wp-content\/uploads\/2020\/03\/pris\u00e3o-768x452.jpg 768w\" sizes=\"(max-width: 1016px) 100vw, 1016px\" \/><figcaption>Reprodu\u00e7\u00e3o<\/figcaption><\/figure>\n\n\n\n<p>A 6\u00aa Vara Criminal de Natal condenou um homem a pena de quatro anos, nove meses e oito dias de reclus\u00e3o e 15 dias-multa pelo roubo de R$ 229,00 do caixa de um mercado localizado na Cidade da Esperan\u00e7a, em Natal. O crime aconteceu em meados do ano passado quando o comerciante estava trabalhando em seu estabelecimento. A Justi\u00e7a potiguar negou o direito dele recorrer em liberdade e, em consequ\u00eancia, manteve sua pris\u00e3o preventiva.<br>&nbsp;<\/p>\n\n\n\n<p><br>Segundo o Minist\u00e9rio P\u00fablico, no dia 18 de julho de 2021, por volta das 09 horas, o acusado entrou no estabelecimento comercial denominado \u201cMercadinho Maria Lu\u00edza\u201d, situado na Rua Perimetral Sul, Cidade da Esperan\u00e7a, Zona Oeste da Capital, e ap\u00f3s amea\u00e7ar a v\u00edtima com uma arma de fogo, anunciou o assalto e levou a quantia de R$ 229,00 do caixa do estabelecimento comercial. A den\u00fancia foi oferecida em 05 de agosto de 2021. O acusado foi defendido pela Defensoria P\u00fablica.<br>&nbsp;<\/p>\n\n\n\n<p><br>Segundo consta nos autos, no dia do evento, por volta das 09 horas, a v\u00edtima disse que estava em seu estabelecimento comercial, quando o acusado entrou e lhe solicitou cigarros. No momento em que se deslocou para pegar a mercadoria, o acusado lhe mostrou uma arma, que estava sob suas vestes, na altura da cintura, anunciou o assalto e exigiu a entrega do dinheiro, no que foi prontamente atendido.<\/p>\n\n\n\n<p>Ele contou tamb\u00e9m que, de posse da quantia, o acusado fugiu. Em seguida, saiu do estabelecimento comercial para verificar o sentido tomado pelo acusado, momento em que este ainda lhe apontou a arma de fogo, motivo pelo qual retornou ao interior de sua loja e acionou a pol\u00edcia, repassando informa\u00e7\u00f5es acerca do roubo.<br><br><br><br>Para o juiz que julgou o caso, a materialidade ficou comprovada pelos elementos levados aos autos que demonstram o evento criminoso. As provas levadas em considera\u00e7\u00e3o para a condena\u00e7\u00e3o foram o auto de pris\u00e3o em flagrante; o auto de exibi\u00e7\u00e3o e apreens\u00e3o; o termo de entrega do valor subtra\u00eddo e posteriormente apreendido e restitu\u00eddo \u00e0 v\u00edtima; o boletim de ocorr\u00eancia lavrado perante a autoridade policial no dia do evento; os depoimentos prestados na seara extrajudicial; bem como da prova oral produzida em audi\u00eancia de instru\u00e7\u00e3o.<br><br>&nbsp;<\/p><div class=\"rcyqj69f190c63fae5\" ><!--<a href=\"https:\/\/bit.ly\/3QdrqTZ\" target=\"_blank\">\n<img src=\"https:\/\/justicapotiguar.com.br\/wp-content\/uploads\/2023\/09\/mobile-geral.gif\"\/><a\/>--><\/div><style type=\"text\/css\">\r\n.rcyqj69f190c63fae5 {\r\ntext-align: center;\r\n}\r\n@media screen and (min-width: 1201px) {\r\n.rcyqj69f190c63fae5 {\r\ndisplay: none;\r\n}\r\n}\r\n@media screen and (min-width: 993px) and (max-width: 1200px) {\r\n.rcyqj69f190c63fae5 {\r\ndisplay: none;\r\n}\r\n}\r\n@media screen and (min-width: 769px) and (max-width: 992px) {\r\n.rcyqj69f190c63fae5 {\r\ndisplay: none;\r\n}\r\n}\r\n@media screen and (min-width: 768px) and (max-width: 768px) {\r\n.rcyqj69f190c63fae5 {\r\ndisplay: block;\r\n}\r\n}\r\n@media screen and (max-width: 767px) {\r\n.rcyqj69f190c63fae5 {\r\ndisplay: block;\r\n}\r\n}\r\n<\/style>\r\n<div class=\"mkwcs69f190c63fac8\" ><!--<a href=\"https:\/\/bit.ly\/3QdrqTZ\" target=\"_blank\">\n<img src=\"https:\/\/justicapotiguar.com.br\/wp-content\/uploads\/2023\/09\/desktop-geral.gif\"\/><a\/>--><\/div><style type=\"text\/css\">\r\n.mkwcs69f190c63fac8 {\r\ntext-align: center;\nmargin-bottom: 1em;\r\n}\r\n@media screen and (min-width: 1201px) {\r\n.mkwcs69f190c63fac8 {\r\ndisplay: block;\r\n}\r\n}\r\n@media screen and (min-width: 993px) and (max-width: 1200px) {\r\n.mkwcs69f190c63fac8 {\r\ndisplay: block;\r\n}\r\n}\r\n@media screen and (min-width: 769px) and (max-width: 992px) {\r\n.mkwcs69f190c63fac8 {\r\ndisplay: block;\r\n}\r\n}\r\n@media screen and (min-width: 768px) and (max-width: 768px) {\r\n.mkwcs69f190c63fac8 {\r\ndisplay: none;\r\n}\r\n}\r\n@media screen and (max-width: 767px) {\r\n.mkwcs69f190c63fac8 {\r\ndisplay: none;\r\n}\r\n}\r\n<\/style>\r\n\n\n\n\n<p>Quanto \u00e0 autoria, o magistrado entendeu que, de igual modo, ficou bem evidenciada nos autos, atrav\u00e9s do acervo probat\u00f3rio anexado ao processo e que se mostra em harmonia com a confiss\u00e3o espont\u00e2nea do acusado, em ju\u00edzo, quando foi interrogado, ocasi\u00e3o em que prestou sua vers\u00e3o acerca dos fatos e assumiu a responsabilidade no evento delitivo narrado na pe\u00e7a acusat\u00f3ria.<\/p>\n\n\n\n<p><br><br>\u201cDessa forma, verifica-se da an\u00e1lise das provas carreadas aos autos, que a autoria do crime de roubo \u00e9 induvidosa, estando devidamente fixada na pessoa do denunciado\u201d, decidiu.<\/p>\n\n\n\n<p><br><br><strong>(Processo n\u00ba 0802845-16.2021.8.20.5300)<\/strong><\/p>\n","protected":false},"excerpt":{"rendered":"<p>A 6\u00aa Vara Criminal de Natal condenou um homem a pena de quatro anos, nove meses e oito dias de reclus\u00e3o e 15 dias-multa pelo roubo de R$ 229,00 do caixa de um mercado localizado na Cidade da Esperan\u00e7a, em Natal. O crime aconteceu em meados do ano passado quando o comerciante estava trabalhando em<br \/><a class=\"more-link\" href=\"https:\/\/justicapotiguar.com.br\/index.php\/2022\/03\/31\/homem-e-condenado-por-roubo-a-mercadinho-na-cidade-da-esperanca\/\">Mais&#8230;<\/a><\/p>\n","protected":false},"author":5,"featured_media":0,"comment_status":"open","ping_status":"open","sticky":false,"template":"","format":"standard","meta":[],"categories":[1],"tags":[],"_links":{"self":[{"href":"https:\/\/justicapotiguar.com.br\/index.php\/wp-json\/wp\/v2\/posts\/25329"}],"collection":[{"href":"https:\/\/justicapotiguar.com.br\/index.php\/wp-json\/wp\/v2\/posts"}],"about":[{"href":"https:\/\/justicapotiguar.com.br\/index.php\/wp-json\/wp\/v2\/types\/post"}],"author":[{"embeddable":true,"href":"https:\/\/justicapotiguar.com.br\/index.php\/wp-json\/wp\/v2\/users\/5"}],"replies":[{"embeddable":true,"href":"https:\/\/justicapotiguar.com.br\/index.php\/wp-json\/wp\/v2\/comments?post=25329"}],"version-history":[{"count":1,"href":"https:\/\/justicapotiguar.com.br\/index.php\/wp-json\/wp\/v2\/posts\/25329\/revisions"}],"predecessor-version":[{"id":25330,"href":"https:\/\/justicapotiguar.com.br\/index.php\/wp-json\/wp\/v2\/posts\/25329\/revisions\/25330"}],"wp:attachment":[{"href":"https:\/\/justicapotiguar.com.br\/index.php\/wp-json\/wp\/v2\/media?parent=25329"}],"wp:term":[{"taxonomy":"category","embeddable":true,"href":"https:\/\/justicapotiguar.com.br\/index.php\/wp-json\/wp\/v2\/categories?post=25329"},{"taxonomy":"post_tag","embeddable":true,"href":"https:\/\/justicapotiguar.com.br\/index.php\/wp-json\/wp\/v2\/tags?post=25329"}],"curies":[{"name":"wp","href":"https:\/\/api.w.org\/{rel}","templated":true}]}}