{"id":25326,"date":"2022-03-31T16:04:00","date_gmt":"2022-03-31T19:04:00","guid":{"rendered":"https:\/\/justicapotiguar.com.br\/?p=25326"},"modified":"2022-03-31T15:07:28","modified_gmt":"2022-03-31T18:07:28","slug":"advogado-que-fez-peticao-ruim-aponta-erros-de-juiz-em-decisao-e-sugere-musica-no-fantastico","status":"publish","type":"post","link":"https:\/\/justicapotiguar.com.br\/index.php\/2022\/03\/31\/advogado-que-fez-peticao-ruim-aponta-erros-de-juiz-em-decisao-e-sugere-musica-no-fantastico\/","title":{"rendered":"Advogado que fez &#8220;peti\u00e7\u00e3o ruim&#8221;,  aponta erros de juiz em decis\u00e3o e sugere &#8220;m\u00fasica no Fant\u00e1stico&#8221;"},"content":{"rendered":"\n<figure class=\"wp-block-image size-large\"><img loading=\"lazy\" width=\"662\" height=\"227\" src=\"https:\/\/justicapotiguar.com.br\/wp-content\/uploads\/2022\/03\/https__img.migalhas.com_.br__SL__gf_base__SL__empresas__SL__MIGA__SL__imagens__SL__2022__SL__03__SL__31__SL__573cd6f4-4d87-412d-b7c6-32656e9e11f1.jpg._PROC_CP65.jpg\" alt=\"\" class=\"wp-image-25327\" srcset=\"https:\/\/justicapotiguar.com.br\/wp-content\/uploads\/2022\/03\/https__img.migalhas.com_.br__SL__gf_base__SL__empresas__SL__MIGA__SL__imagens__SL__2022__SL__03__SL__31__SL__573cd6f4-4d87-412d-b7c6-32656e9e11f1.jpg._PROC_CP65.jpg 662w, https:\/\/justicapotiguar.com.br\/wp-content\/uploads\/2022\/03\/https__img.migalhas.com_.br__SL__gf_base__SL__empresas__SL__MIGA__SL__imagens__SL__2022__SL__03__SL__31__SL__573cd6f4-4d87-412d-b7c6-32656e9e11f1.jpg._PROC_CP65-300x103.jpg 300w\" sizes=\"(max-width: 662px) 100vw, 662px\" \/><\/figure>\n\n\n\n<p>A novela da &#8220;peti\u00e7\u00e3o ruim&#8221;, indicada por um juiz de SP a um advogado, ganhou novo cap\u00edtulo em embargos de declara\u00e7\u00e3o: o caus\u00eddico tachado&nbsp;de escrever uma pe\u00e7a nada intelig\u00edvel rebateu o magistrado ironizando-o de &#8220;falhas sentenciais&#8221;. Em raz\u00e3o da quantidade de deslizes supostamente cometidos pelo juiz, o advogado sugeriu pedir a famosa &#8220;m\u00fasica no Fant\u00e1stico&#8221;.<\/p>\n\n\n\n<p>Motivos de sa\u00fade<\/p>\n\n\n\n<p>Inicialmente, o advogado justifica a peti\u00e7\u00e3o ruim: ele diz que seu token \u00e9 utilizado por outras pessoas e que a pe\u00e7a n\u00e3o foi escrita por ele. Nos embargos, o caus\u00eddico esclarece que n\u00e3o teve a oportunidade de revis\u00e1-la, &#8220;pois este estava afastado de suas atividades por problemas de sa\u00fade&#8221;.<\/p>\n\n\n\n<p>&#8220;M\u00fasica no Fant\u00e1stico&#8221;<\/p>\n\n\n\n<p>A a\u00e7\u00e3o envolve uma viagem que n\u00e3o foi realizada em raz\u00e3o da pandemia. O autor processou uma empresa a\u00e9rea para que procedesse \u00e0 remarca\u00e7\u00e3o de passagem. Naquela decis\u00e3o, o juiz havia observado que a cia a\u00e9rea j\u00e1 tinha reembolsado os passageiros, n\u00e3o havendo como falar em remarca\u00e7\u00e3o.<\/p>\n\n\n\n<p>Nos embargos, ent\u00e3o, o advogado vai apontando &#8220;falhas sentenciais&#8221; do magistrado ao longo do documento jur\u00eddico. O caus\u00eddico diz que o magistrado deixou de observar alguns documentos com rela\u00e7\u00e3o aos valores creditados das passagens.&nbsp;Quando o advogado aponta a suposta terceira falha, ele diz o seguinte:<\/p><div class=\"mfjqi69f1a91cca74c\" ><!--<a href=\"https:\/\/bit.ly\/3QdrqTZ\" target=\"_blank\">\n<img src=\"https:\/\/justicapotiguar.com.br\/wp-content\/uploads\/2023\/09\/mobile-geral.gif\"\/><a\/>--><\/div><style type=\"text\/css\">\r\n.mfjqi69f1a91cca74c {\r\ntext-align: center;\r\n}\r\n@media screen and (min-width: 1201px) {\r\n.mfjqi69f1a91cca74c {\r\ndisplay: none;\r\n}\r\n}\r\n@media screen and (min-width: 993px) and (max-width: 1200px) {\r\n.mfjqi69f1a91cca74c {\r\ndisplay: none;\r\n}\r\n}\r\n@media screen and (min-width: 769px) and (max-width: 992px) {\r\n.mfjqi69f1a91cca74c {\r\ndisplay: none;\r\n}\r\n}\r\n@media screen and (min-width: 768px) and (max-width: 768px) {\r\n.mfjqi69f1a91cca74c {\r\ndisplay: block;\r\n}\r\n}\r\n@media screen and (max-width: 767px) {\r\n.mfjqi69f1a91cca74c {\r\ndisplay: block;\r\n}\r\n}\r\n<\/style>\r\n<div class=\"gwtjq69f1a91cca72f\" ><!--<a href=\"https:\/\/bit.ly\/3QdrqTZ\" target=\"_blank\">\n<img src=\"https:\/\/justicapotiguar.com.br\/wp-content\/uploads\/2023\/09\/desktop-geral.gif\"\/><a\/>--><\/div><style type=\"text\/css\">\r\n.gwtjq69f1a91cca72f {\r\ntext-align: center;\nmargin-bottom: 1em;\r\n}\r\n@media screen and (min-width: 1201px) {\r\n.gwtjq69f1a91cca72f {\r\ndisplay: block;\r\n}\r\n}\r\n@media screen and (min-width: 993px) and (max-width: 1200px) {\r\n.gwtjq69f1a91cca72f {\r\ndisplay: block;\r\n}\r\n}\r\n@media screen and (min-width: 769px) and (max-width: 992px) {\r\n.gwtjq69f1a91cca72f {\r\ndisplay: block;\r\n}\r\n}\r\n@media screen and (min-width: 768px) and (max-width: 768px) {\r\n.gwtjq69f1a91cca72f {\r\ndisplay: none;\r\n}\r\n}\r\n@media screen and (max-width: 767px) {\r\n.gwtjq69f1a91cca72f {\r\ndisplay: none;\r\n}\r\n}\r\n<\/style>\r\n\n\n\n\n<p>&#8220;diante de mais uma falha sentencial, a terceira at\u00e9 aqui, onde popularmente se diria que este Ju\u00edzo j\u00e1 est\u00e1 habilitado a &#8216;pedir m\u00fasica no programa Fant\u00e1stico&#8217;, o pleito se fez sobre a remarca\u00e7\u00e3o do v\u00f4o, pois o intento dos Requerentes se atina a viagem em si\u2026&#8221;<\/p>\n\n\n\n<p><\/p>\n\n\n\n<p>Chegando ao final do documento, o advogado ainda corrige o magistrado por um erro cometido na senten\u00e7a.&nbsp;Na decis\u00e3o, consta &#8220;fundamento jur\u00eddica do pedido&#8221;. O&nbsp;caus\u00eddico se aproveita dessa falha de digita\u00e7\u00e3o para alertar o magistrado:<\/p>\n\n\n\n<p>&#8220;Assim como Vossa Excel\u00eancia, o presente patrono, ainda que pass\u00edvel de falhas, tamb\u00e9m busca observar as regras gramaticais, sendo assim, da mesma forma que entendeu a Vossa observa\u00e7\u00e3o sentencial como um cuidado com a mesma, segue sugest\u00e3o de ajuste quanto a vossa gram\u00e1tica colhida da Senten\u00e7a proferida, conforme trecho recortado abaixo.&#8221;<\/p>\n\n\n\n<p>Depois dessa troca de farpas gramaticais e ortogr\u00e1ficas, advogado pede que seus embargos sejam acolhidos.<\/p>\n\n\n\n<p>Migalhas<\/p>\n","protected":false},"excerpt":{"rendered":"<p>A novela da &#8220;peti\u00e7\u00e3o ruim&#8221;, indicada por um juiz de SP a um advogado, ganhou novo cap\u00edtulo em embargos de declara\u00e7\u00e3o: o caus\u00eddico tachado&nbsp;de escrever uma pe\u00e7a nada intelig\u00edvel rebateu o magistrado ironizando-o de &#8220;falhas sentenciais&#8221;. Em raz\u00e3o da quantidade de deslizes supostamente cometidos pelo juiz, o advogado sugeriu pedir a famosa &#8220;m\u00fasica no Fant\u00e1stico&#8221;.<br \/><a class=\"more-link\" href=\"https:\/\/justicapotiguar.com.br\/index.php\/2022\/03\/31\/advogado-que-fez-peticao-ruim-aponta-erros-de-juiz-em-decisao-e-sugere-musica-no-fantastico\/\">Mais&#8230;<\/a><\/p>\n","protected":false},"author":5,"featured_media":0,"comment_status":"open","ping_status":"open","sticky":false,"template":"","format":"standard","meta":[],"categories":[1],"tags":[],"_links":{"self":[{"href":"https:\/\/justicapotiguar.com.br\/index.php\/wp-json\/wp\/v2\/posts\/25326"}],"collection":[{"href":"https:\/\/justicapotiguar.com.br\/index.php\/wp-json\/wp\/v2\/posts"}],"about":[{"href":"https:\/\/justicapotiguar.com.br\/index.php\/wp-json\/wp\/v2\/types\/post"}],"author":[{"embeddable":true,"href":"https:\/\/justicapotiguar.com.br\/index.php\/wp-json\/wp\/v2\/users\/5"}],"replies":[{"embeddable":true,"href":"https:\/\/justicapotiguar.com.br\/index.php\/wp-json\/wp\/v2\/comments?post=25326"}],"version-history":[{"count":1,"href":"https:\/\/justicapotiguar.com.br\/index.php\/wp-json\/wp\/v2\/posts\/25326\/revisions"}],"predecessor-version":[{"id":25328,"href":"https:\/\/justicapotiguar.com.br\/index.php\/wp-json\/wp\/v2\/posts\/25326\/revisions\/25328"}],"wp:attachment":[{"href":"https:\/\/justicapotiguar.com.br\/index.php\/wp-json\/wp\/v2\/media?parent=25326"}],"wp:term":[{"taxonomy":"category","embeddable":true,"href":"https:\/\/justicapotiguar.com.br\/index.php\/wp-json\/wp\/v2\/categories?post=25326"},{"taxonomy":"post_tag","embeddable":true,"href":"https:\/\/justicapotiguar.com.br\/index.php\/wp-json\/wp\/v2\/tags?post=25326"}],"curies":[{"name":"wp","href":"https:\/\/api.w.org\/{rel}","templated":true}]}}