{"id":25252,"date":"2022-03-29T08:23:00","date_gmt":"2022-03-29T11:23:00","guid":{"rendered":"https:\/\/justicapotiguar.com.br\/?p=25252"},"modified":"2022-03-28T23:26:45","modified_gmt":"2022-03-29T02:26:45","slug":"paquita-de-bandido-corregedoria-apura-ataques-de-juiz-a-advogados-e-juristas-nas-redes","status":"publish","type":"post","link":"https:\/\/justicapotiguar.com.br\/index.php\/2022\/03\/29\/paquita-de-bandido-corregedoria-apura-ataques-de-juiz-a-advogados-e-juristas-nas-redes\/","title":{"rendered":"&#8216;Paquita de bandido&#8217;: Corregedoria apura ataques de juiz a advogados e juristas nas redes"},"content":{"rendered":"\n<figure class=\"wp-block-image size-large\"><img loading=\"lazy\" width=\"1024\" height=\"615\" src=\"https:\/\/justicapotiguar.com.br\/wp-content\/uploads\/2022\/03\/pablo-1024x615.jpg\" alt=\"\" class=\"wp-image-25253\" srcset=\"https:\/\/justicapotiguar.com.br\/wp-content\/uploads\/2022\/03\/pablo-1024x615.jpg 1024w, https:\/\/justicapotiguar.com.br\/wp-content\/uploads\/2022\/03\/pablo-300x180.jpg 300w, https:\/\/justicapotiguar.com.br\/wp-content\/uploads\/2022\/03\/pablo-768x461.jpg 768w, https:\/\/justicapotiguar.com.br\/wp-content\/uploads\/2022\/03\/pablo.jpg 1086w\" sizes=\"(max-width: 1024px) 100vw, 1024px\" \/><figcaption>Reprodu\u00e7\u00e3o<\/figcaption><\/figure>\n\n\n\n<p>A Corregedoria Regional da Justi\u00e7a Federal da 3\u00aa Regi\u00e3o abrir\u00e1 um procedimento investigativo para apurar publica\u00e7\u00f5es nas quais o juiz federal Pablo Diaz Nunes ataca advogados e juristas e questiona o conhecimento de ministros do Superior Tribunal de Justi\u00e7a (STJ).<\/p>\n\n\n\n<p>Em coment\u00e1rios no Twitter, o magistrado chamou o professor de Processo Penal Caio Paiva e o criminalista Augusto Botelho de &#8220;paquita de bandido&#8221;. Tamb\u00e9m se referiu ao desembargador Marcelo Semer como &#8220;ignorante&#8221; e &#8220;canalha&#8221;.<\/p>\n\n\n\n<p>Em outro post feito pelo perfil do STJ, sobre a decis\u00e3o que determinou que o ex-procurador Deltan Dallagnol pague indeniza\u00e7\u00e3o ao ex-presidente Lula no caso do PowerPoint, Nunes afirmou que pensava que &#8220;para ser ministro do STJ era necess\u00e1rio ao menos conhecer o Tema 940 da Repercuss\u00e3o Geral do STF&#8221;. E emendou: &#8220;Vejo que me enganei&#8221;.<\/p><div class=\"idewc69f17cfd436f8\" ><!--<a href=\"https:\/\/bit.ly\/3QdrqTZ\" target=\"_blank\">\n<img src=\"https:\/\/justicapotiguar.com.br\/wp-content\/uploads\/2023\/09\/mobile-geral.gif\"\/><a\/>--><\/div><style type=\"text\/css\">\r\n.idewc69f17cfd436f8 {\r\ntext-align: center;\r\n}\r\n@media screen and (min-width: 1201px) {\r\n.idewc69f17cfd436f8 {\r\ndisplay: none;\r\n}\r\n}\r\n@media screen and (min-width: 993px) and (max-width: 1200px) {\r\n.idewc69f17cfd436f8 {\r\ndisplay: none;\r\n}\r\n}\r\n@media screen and (min-width: 769px) and (max-width: 992px) {\r\n.idewc69f17cfd436f8 {\r\ndisplay: none;\r\n}\r\n}\r\n@media screen and (min-width: 768px) and (max-width: 768px) {\r\n.idewc69f17cfd436f8 {\r\ndisplay: block;\r\n}\r\n}\r\n@media screen and (max-width: 767px) {\r\n.idewc69f17cfd436f8 {\r\ndisplay: block;\r\n}\r\n}\r\n<\/style>\r\n<div class=\"wrwes69f17cfd436de\" ><!--<a href=\"https:\/\/bit.ly\/3QdrqTZ\" target=\"_blank\">\n<img src=\"https:\/\/justicapotiguar.com.br\/wp-content\/uploads\/2023\/09\/desktop-geral.gif\"\/><a\/>--><\/div><style type=\"text\/css\">\r\n.wrwes69f17cfd436de {\r\ntext-align: center;\nmargin-bottom: 1em;\r\n}\r\n@media screen and (min-width: 1201px) {\r\n.wrwes69f17cfd436de {\r\ndisplay: block;\r\n}\r\n}\r\n@media screen and (min-width: 993px) and (max-width: 1200px) {\r\n.wrwes69f17cfd436de {\r\ndisplay: block;\r\n}\r\n}\r\n@media screen and (min-width: 769px) and (max-width: 992px) {\r\n.wrwes69f17cfd436de {\r\ndisplay: block;\r\n}\r\n}\r\n@media screen and (min-width: 768px) and (max-width: 768px) {\r\n.wrwes69f17cfd436de {\r\ndisplay: none;\r\n}\r\n}\r\n@media screen and (max-width: 767px) {\r\n.wrwes69f17cfd436de {\r\ndisplay: none;\r\n}\r\n}\r\n<\/style>\r\n\n\n\n\n<p>As publica\u00e7\u00f5es repercutiram depois que Paiva exp\u00f4s os coment\u00e1rios em seu perfil e afirmou que o magistrado havia praticado crimes contra a honra. Ap\u00f3s o epis\u00f3dio, Nunes se retratou pelo Twitter e afirmou que se expressou como cidad\u00e3o, e n\u00e3o como juiz. Ele deletou sua conta em seguida.<\/p>\n\n\n\n<p>&#8220;O senhor tem raz\u00e3o em que a linguagem n\u00e3o foi apropriada, raz\u00e3o pela qual me retrato publicamente pelo ocorrido e pela linguagem utilizada. Reconhe\u00e7o que a discord\u00e2ncia deveria ter sido exposta de forma mais respeitosa e n\u00e3o tenho problema em reconhecer meu erro em ter utilizado linguagem inadequada para manifestar discord\u00e2ncia em rela\u00e7\u00e3o ao conte\u00fado do coment\u00e1rio&#8221;, escreveu o magistrado.&nbsp;<\/p>\n\n\n\n<p>O Globo<\/p>\n","protected":false},"excerpt":{"rendered":"<p>A Corregedoria Regional da Justi\u00e7a Federal da 3\u00aa Regi\u00e3o abrir\u00e1 um procedimento investigativo para apurar publica\u00e7\u00f5es nas quais o juiz federal Pablo Diaz Nunes ataca advogados e juristas e questiona o conhecimento de ministros do Superior Tribunal de Justi\u00e7a (STJ). Em coment\u00e1rios no Twitter, o magistrado chamou o professor de Processo Penal Caio Paiva e<br \/><a class=\"more-link\" href=\"https:\/\/justicapotiguar.com.br\/index.php\/2022\/03\/29\/paquita-de-bandido-corregedoria-apura-ataques-de-juiz-a-advogados-e-juristas-nas-redes\/\">Mais&#8230;<\/a><\/p>\n","protected":false},"author":5,"featured_media":0,"comment_status":"open","ping_status":"open","sticky":false,"template":"","format":"standard","meta":[],"categories":[1],"tags":[],"_links":{"self":[{"href":"https:\/\/justicapotiguar.com.br\/index.php\/wp-json\/wp\/v2\/posts\/25252"}],"collection":[{"href":"https:\/\/justicapotiguar.com.br\/index.php\/wp-json\/wp\/v2\/posts"}],"about":[{"href":"https:\/\/justicapotiguar.com.br\/index.php\/wp-json\/wp\/v2\/types\/post"}],"author":[{"embeddable":true,"href":"https:\/\/justicapotiguar.com.br\/index.php\/wp-json\/wp\/v2\/users\/5"}],"replies":[{"embeddable":true,"href":"https:\/\/justicapotiguar.com.br\/index.php\/wp-json\/wp\/v2\/comments?post=25252"}],"version-history":[{"count":1,"href":"https:\/\/justicapotiguar.com.br\/index.php\/wp-json\/wp\/v2\/posts\/25252\/revisions"}],"predecessor-version":[{"id":25254,"href":"https:\/\/justicapotiguar.com.br\/index.php\/wp-json\/wp\/v2\/posts\/25252\/revisions\/25254"}],"wp:attachment":[{"href":"https:\/\/justicapotiguar.com.br\/index.php\/wp-json\/wp\/v2\/media?parent=25252"}],"wp:term":[{"taxonomy":"category","embeddable":true,"href":"https:\/\/justicapotiguar.com.br\/index.php\/wp-json\/wp\/v2\/categories?post=25252"},{"taxonomy":"post_tag","embeddable":true,"href":"https:\/\/justicapotiguar.com.br\/index.php\/wp-json\/wp\/v2\/tags?post=25252"}],"curies":[{"name":"wp","href":"https:\/\/api.w.org\/{rel}","templated":true}]}}