{"id":25247,"date":"2022-03-28T17:05:00","date_gmt":"2022-03-28T20:05:00","guid":{"rendered":"https:\/\/justicapotiguar.com.br\/?p=25247"},"modified":"2022-03-28T16:49:30","modified_gmt":"2022-03-28T19:49:30","slug":"apos-12-anos-juiz-reverte-pena-de-aposentadoria-e-voltara-ao-judiciario","status":"publish","type":"post","link":"https:\/\/justicapotiguar.com.br\/index.php\/2022\/03\/28\/apos-12-anos-juiz-reverte-pena-de-aposentadoria-e-voltara-ao-judiciario\/","title":{"rendered":"Ap\u00f3s 12 anos, juiz reverte pena de aposentadoria e voltar\u00e1 ao Judici\u00e1rio"},"content":{"rendered":"\n<p>O ministro Nunes Marques, do Supremo Tribunal Federal (STF), reverteu a pena de aposentadoria compuls\u00f3ria do juiz Ant\u00f4nio Hor\u00e1cio da Silva Neto e determinou o imediato retorno dele ao quadro do Judici\u00e1rio de Mato Grosso.<\/p>\n\n\n\n<div class=\"wp-block-image\"><figure class=\"aligncenter size-large\"><img loading=\"lazy\" width=\"560\" height=\"373\" src=\"https:\/\/justicapotiguar.com.br\/wp-content\/uploads\/2022\/03\/c5f336d875403061e641da22a99d54c4.jpg\" alt=\"\" class=\"wp-image-25248\" srcset=\"https:\/\/justicapotiguar.com.br\/wp-content\/uploads\/2022\/03\/c5f336d875403061e641da22a99d54c4.jpg 560w, https:\/\/justicapotiguar.com.br\/wp-content\/uploads\/2022\/03\/c5f336d875403061e641da22a99d54c4-300x200.jpg 300w\" sizes=\"(max-width: 560px) 100vw, 560px\" \/><figcaption>Reprodu\u00e7\u00e3o<\/figcaption><\/figure><\/div>\n\n\n\n<p>A decis\u00e3o liminar foi proferida nesta segunda-feira (28).<\/p>\n\n\n\n<p>Antonio Hor\u00e1cio sofreu a penaliza\u00e7\u00e3o em 2010, pelo Conselho Nacional de Justi\u00e7a (CNJ), que condenou ele e outros magistrados \u00e0 pena de aposentadoria compuls\u00f3ria ap\u00f3s acusa\u00e7\u00e3o de desvio de dinheiro p\u00fablico.<\/p>\n\n\n\n<p>\u201cDo exposto, defiro em parte o pedido de tutela de urg\u00eancia, t\u00e3o somente para desconstituir a pena de aposentadoria compuls\u00f3ria aplicada ao impetrante e determinar sua imediata reintegra\u00e7\u00e3o ao quadro de magistrados do Tribunal de Justi\u00e7a do Estado de Mato Grosso\u201d, decidiu Nunes Marques.<\/p>\n\n\n\n<p>Ainda no despacho, o ministro deu cinco dias para a Uni\u00e3o e o Minist\u00e9rio P\u00fablico Federal se manifestarem nos autos.<\/p><div class=\"eekkw69f17b72d3531\" ><!--<a href=\"https:\/\/bit.ly\/3QdrqTZ\" target=\"_blank\">\n<img src=\"https:\/\/justicapotiguar.com.br\/wp-content\/uploads\/2023\/09\/mobile-geral.gif\"\/><a\/>--><\/div><style type=\"text\/css\">\r\n.eekkw69f17b72d3531 {\r\ntext-align: center;\r\n}\r\n@media screen and (min-width: 1201px) {\r\n.eekkw69f17b72d3531 {\r\ndisplay: none;\r\n}\r\n}\r\n@media screen and (min-width: 993px) and (max-width: 1200px) {\r\n.eekkw69f17b72d3531 {\r\ndisplay: none;\r\n}\r\n}\r\n@media screen and (min-width: 769px) and (max-width: 992px) {\r\n.eekkw69f17b72d3531 {\r\ndisplay: none;\r\n}\r\n}\r\n@media screen and (min-width: 768px) and (max-width: 768px) {\r\n.eekkw69f17b72d3531 {\r\ndisplay: block;\r\n}\r\n}\r\n@media screen and (max-width: 767px) {\r\n.eekkw69f17b72d3531 {\r\ndisplay: block;\r\n}\r\n}\r\n<\/style>\r\n<div class=\"kfhpc69f17b72d3512\" ><!--<a href=\"https:\/\/bit.ly\/3QdrqTZ\" target=\"_blank\">\n<img src=\"https:\/\/justicapotiguar.com.br\/wp-content\/uploads\/2023\/09\/desktop-geral.gif\"\/><a\/>--><\/div><style type=\"text\/css\">\r\n.kfhpc69f17b72d3512 {\r\ntext-align: center;\nmargin-bottom: 1em;\r\n}\r\n@media screen and (min-width: 1201px) {\r\n.kfhpc69f17b72d3512 {\r\ndisplay: block;\r\n}\r\n}\r\n@media screen and (min-width: 993px) and (max-width: 1200px) {\r\n.kfhpc69f17b72d3512 {\r\ndisplay: block;\r\n}\r\n}\r\n@media screen and (min-width: 769px) and (max-width: 992px) {\r\n.kfhpc69f17b72d3512 {\r\ndisplay: block;\r\n}\r\n}\r\n@media screen and (min-width: 768px) and (max-width: 768px) {\r\n.kfhpc69f17b72d3512 {\r\ndisplay: none;\r\n}\r\n}\r\n@media screen and (max-width: 767px) {\r\n.kfhpc69f17b72d3512 {\r\ndisplay: none;\r\n}\r\n}\r\n<\/style>\r\n\n\n\n\n<p><strong>O caso<\/strong><\/p>\n\n\n\n<p>Al\u00e9m de Ant\u00f4nio Hor\u00e1cio, o CNJ tamb\u00e9m condenou o ex-presidente do Tribunal de Justi\u00e7a, Jos\u00e9 Ferreira Leite, os desembargadores Jos\u00e9 Tadeu Cury e Mariano Travassos, al\u00e9m dos ju\u00edzes Marcelo Souza de Barros, Ir\u00eanio Lima Fernandes, Marcos Aur\u00e9lio dos Reis Ferreira (filho de Ferreira Leite), Juanita Cruz Clait Duarte, Maria Cristina de Oliveira Sim\u00f5es e Graciema Caravellas.<\/p>\n\n\n\n<p>Eles foram denunciados em 2008 pelo desembargador Orlando Perri, pelo desvio de cerca de R$ 1,5 milh\u00e3o dos cofres do Judici\u00e1rio de Mato Grosso.<\/p>\n\n\n\n<p>Segundo a den\u00fancia, Ferreira Leite era o Gr\u00e3o-Mestre da entidade ma\u00e7\u00f4nica em 2003, per\u00edodo em que tamb\u00e9m era o presidente do TJ. Naquele ano, a ma\u00e7onaria montou uma cooperativa de cr\u00e9dito em parceria com a Cooperativa de Cr\u00e9dito Rural do Pantanal Sicoob Pantanal. A Cooperativa quebrou em novembro de 2004, quando teria surgido o esquema. Os cr\u00e9ditos eram concedidos aos ju\u00edzes, que os repassavam \u00e0 Grande Oriente.<\/p>\n\n\n\n<p>Ponto na Curva<\/p>\n","protected":false},"excerpt":{"rendered":"<p>O ministro Nunes Marques, do Supremo Tribunal Federal (STF), reverteu a pena de aposentadoria compuls\u00f3ria do juiz Ant\u00f4nio Hor\u00e1cio da Silva Neto e determinou o imediato retorno dele ao quadro do Judici\u00e1rio de Mato Grosso. A decis\u00e3o liminar foi proferida nesta segunda-feira (28). Antonio Hor\u00e1cio sofreu a penaliza\u00e7\u00e3o em 2010, pelo Conselho Nacional de Justi\u00e7a<br \/><a class=\"more-link\" href=\"https:\/\/justicapotiguar.com.br\/index.php\/2022\/03\/28\/apos-12-anos-juiz-reverte-pena-de-aposentadoria-e-voltara-ao-judiciario\/\">Mais&#8230;<\/a><\/p>\n","protected":false},"author":5,"featured_media":0,"comment_status":"open","ping_status":"open","sticky":false,"template":"","format":"standard","meta":[],"categories":[1],"tags":[],"_links":{"self":[{"href":"https:\/\/justicapotiguar.com.br\/index.php\/wp-json\/wp\/v2\/posts\/25247"}],"collection":[{"href":"https:\/\/justicapotiguar.com.br\/index.php\/wp-json\/wp\/v2\/posts"}],"about":[{"href":"https:\/\/justicapotiguar.com.br\/index.php\/wp-json\/wp\/v2\/types\/post"}],"author":[{"embeddable":true,"href":"https:\/\/justicapotiguar.com.br\/index.php\/wp-json\/wp\/v2\/users\/5"}],"replies":[{"embeddable":true,"href":"https:\/\/justicapotiguar.com.br\/index.php\/wp-json\/wp\/v2\/comments?post=25247"}],"version-history":[{"count":1,"href":"https:\/\/justicapotiguar.com.br\/index.php\/wp-json\/wp\/v2\/posts\/25247\/revisions"}],"predecessor-version":[{"id":25249,"href":"https:\/\/justicapotiguar.com.br\/index.php\/wp-json\/wp\/v2\/posts\/25247\/revisions\/25249"}],"wp:attachment":[{"href":"https:\/\/justicapotiguar.com.br\/index.php\/wp-json\/wp\/v2\/media?parent=25247"}],"wp:term":[{"taxonomy":"category","embeddable":true,"href":"https:\/\/justicapotiguar.com.br\/index.php\/wp-json\/wp\/v2\/categories?post=25247"},{"taxonomy":"post_tag","embeddable":true,"href":"https:\/\/justicapotiguar.com.br\/index.php\/wp-json\/wp\/v2\/tags?post=25247"}],"curies":[{"name":"wp","href":"https:\/\/api.w.org\/{rel}","templated":true}]}}