{"id":2524,"date":"2019-09-24T16:03:01","date_gmt":"2019-09-24T19:03:01","guid":{"rendered":"https:\/\/justicapotiguar.com.br\/?p=2524"},"modified":"2019-09-25T10:54:56","modified_gmt":"2019-09-25T13:54:56","slug":"justica-defere-liminar-do-sindicato-dos-concessionarios-de-veiculos-e-determina-retorno-de-no-minimo-50-dos-servicos-do-detran-rn","status":"publish","type":"post","link":"https:\/\/justicapotiguar.com.br\/index.php\/2019\/09\/24\/justica-defere-liminar-do-sindicato-dos-concessionarios-de-veiculos-e-determina-retorno-de-no-minimo-50-dos-servicos-do-detran-rn\/","title":{"rendered":"Justi\u00e7a defere liminar do Sindicato dos Concession\u00e1rios de Ve\u00edculos e determina retorno de no m\u00ednimo 50% dos servi\u00e7os do Detran-RN"},"content":{"rendered":"\n<figure class=\"wp-block-image\"><img loading=\"lazy\" width=\"539\" height=\"400\" src=\"https:\/\/justicapotiguar.com.br\/wp-content\/uploads\/2019\/08\/Detran-RN-disponibiliza-sistema-para-parcelamento-de-multas-no-carta\u0303o-de-cre\u0301dito-1.jpg\" alt=\"\" class=\"wp-image-1186\" srcset=\"https:\/\/justicapotiguar.com.br\/wp-content\/uploads\/2019\/08\/Detran-RN-disponibiliza-sistema-para-parcelamento-de-multas-no-carta\u0303o-de-cre\u0301dito-1.jpg 539w, https:\/\/justicapotiguar.com.br\/wp-content\/uploads\/2019\/08\/Detran-RN-disponibiliza-sistema-para-parcelamento-de-multas-no-carta\u0303o-de-cre\u0301dito-1-300x223.jpg 300w\" sizes=\"(max-width: 539px) 100vw, 539px\" \/><figcaption>Foto: Divulga\u00e7\u00e3o<\/figcaption><\/figure>\n\n\n\n<p>A Justi\u00e7a deferiu liminar impetrada pelo Sindicato dos Concession\u00e1rios\ne Distribuidores de Ve\u00edculos do RN (Sincodiv-RN) determinando que os servi\u00e7os\ndo Detran-RN voltem a funcionar com pelo menos 50% dos servi\u00e7os e efetivo, al\u00e9m\nde liberar o acesso total ao p\u00fablico nas pr\u00f3ximas 24 horas.<\/p>\n\n\n\n<p>A decis\u00e3o a qual o Justi\u00e7a Potiguar teve acesso determina\nque todos os servi\u00e7os sejam reestabelecidos, assim como n\u00e3o haja restri\u00e7\u00e3o aos\nfuncion\u00e1rios que desejam trabalhar e ao p\u00fablico que buscar\u00e1 os servi\u00e7os. A decis\u00e3o\nnotifica a Dire\u00e7\u00e3o Geral do Detran-RN e o Sindicato da Administra\u00e7\u00e3o Indireta (Sinai-RN)\npara as devidas provid\u00eancias.<\/p><div class=\"swxdt69f45c0139095\" ><!--<a href=\"https:\/\/bit.ly\/3QdrqTZ\" target=\"_blank\">\n<img src=\"https:\/\/justicapotiguar.com.br\/wp-content\/uploads\/2023\/09\/mobile-geral.gif\"\/><a\/>--><\/div><style type=\"text\/css\">\r\n.swxdt69f45c0139095 {\r\ntext-align: center;\r\n}\r\n@media screen and (min-width: 1201px) {\r\n.swxdt69f45c0139095 {\r\ndisplay: none;\r\n}\r\n}\r\n@media screen and (min-width: 993px) and (max-width: 1200px) {\r\n.swxdt69f45c0139095 {\r\ndisplay: none;\r\n}\r\n}\r\n@media screen and (min-width: 769px) and (max-width: 992px) {\r\n.swxdt69f45c0139095 {\r\ndisplay: none;\r\n}\r\n}\r\n@media screen and (min-width: 768px) and (max-width: 768px) {\r\n.swxdt69f45c0139095 {\r\ndisplay: block;\r\n}\r\n}\r\n@media screen and (max-width: 767px) {\r\n.swxdt69f45c0139095 {\r\ndisplay: block;\r\n}\r\n}\r\n<\/style>\r\n<div class=\"mjhwc69f45c0139077\" ><!--<a href=\"https:\/\/bit.ly\/3QdrqTZ\" target=\"_blank\">\n<img src=\"https:\/\/justicapotiguar.com.br\/wp-content\/uploads\/2023\/09\/desktop-geral.gif\"\/><a\/>--><\/div><style type=\"text\/css\">\r\n.mjhwc69f45c0139077 {\r\ntext-align: center;\nmargin-bottom: 1em;\r\n}\r\n@media screen and (min-width: 1201px) {\r\n.mjhwc69f45c0139077 {\r\ndisplay: block;\r\n}\r\n}\r\n@media screen and (min-width: 993px) and (max-width: 1200px) {\r\n.mjhwc69f45c0139077 {\r\ndisplay: block;\r\n}\r\n}\r\n@media screen and (min-width: 769px) and (max-width: 992px) {\r\n.mjhwc69f45c0139077 {\r\ndisplay: block;\r\n}\r\n}\r\n@media screen and (min-width: 768px) and (max-width: 768px) {\r\n.mjhwc69f45c0139077 {\r\ndisplay: none;\r\n}\r\n}\r\n@media screen and (max-width: 767px) {\r\n.mjhwc69f45c0139077 {\r\ndisplay: none;\r\n}\r\n}\r\n<\/style>\r\n\n\n\n\n<p>O Sindicato tem marcada para esta quarta-feira, 25, uma nova\nreuni\u00e3o com o Governo do Estado e em seguida far\u00e1 uma assembleia da categoria.<\/p>\n","protected":false},"excerpt":{"rendered":"<p>A decis\u00e3o a qual o Justi\u00e7a Potiguar teve acesso determina que todos os servi\u00e7os sejam reestabelecidos, assim como n\u00e3o haja restri\u00e7\u00e3o aos funcion\u00e1rios que desejam trabalhar e ao p\u00fablico<br \/><a class=\"more-link\" href=\"https:\/\/justicapotiguar.com.br\/index.php\/2019\/09\/24\/justica-defere-liminar-do-sindicato-dos-concessionarios-de-veiculos-e-determina-retorno-de-no-minimo-50-dos-servicos-do-detran-rn\/\">Mais&#8230;<\/a><\/p>\n","protected":false},"author":5,"featured_media":1186,"comment_status":"open","ping_status":"open","sticky":false,"template":"","format":"standard","meta":[],"categories":[3],"tags":[667,668],"_links":{"self":[{"href":"https:\/\/justicapotiguar.com.br\/index.php\/wp-json\/wp\/v2\/posts\/2524"}],"collection":[{"href":"https:\/\/justicapotiguar.com.br\/index.php\/wp-json\/wp\/v2\/posts"}],"about":[{"href":"https:\/\/justicapotiguar.com.br\/index.php\/wp-json\/wp\/v2\/types\/post"}],"author":[{"embeddable":true,"href":"https:\/\/justicapotiguar.com.br\/index.php\/wp-json\/wp\/v2\/users\/5"}],"replies":[{"embeddable":true,"href":"https:\/\/justicapotiguar.com.br\/index.php\/wp-json\/wp\/v2\/comments?post=2524"}],"version-history":[{"count":1,"href":"https:\/\/justicapotiguar.com.br\/index.php\/wp-json\/wp\/v2\/posts\/2524\/revisions"}],"predecessor-version":[{"id":2525,"href":"https:\/\/justicapotiguar.com.br\/index.php\/wp-json\/wp\/v2\/posts\/2524\/revisions\/2525"}],"wp:featuredmedia":[{"embeddable":true,"href":"https:\/\/justicapotiguar.com.br\/index.php\/wp-json\/wp\/v2\/media\/1186"}],"wp:attachment":[{"href":"https:\/\/justicapotiguar.com.br\/index.php\/wp-json\/wp\/v2\/media?parent=2524"}],"wp:term":[{"taxonomy":"category","embeddable":true,"href":"https:\/\/justicapotiguar.com.br\/index.php\/wp-json\/wp\/v2\/categories?post=2524"},{"taxonomy":"post_tag","embeddable":true,"href":"https:\/\/justicapotiguar.com.br\/index.php\/wp-json\/wp\/v2\/tags?post=2524"}],"curies":[{"name":"wp","href":"https:\/\/api.w.org\/{rel}","templated":true}]}}