{"id":25229,"date":"2022-03-28T09:08:00","date_gmt":"2022-03-28T12:08:00","guid":{"rendered":"https:\/\/justicapotiguar.com.br\/?p=25229"},"modified":"2022-03-27T21:10:09","modified_gmt":"2022-03-28T00:10:09","slug":"advogados-eleitorais-criticam-proibicao-a-manifestacoes-politicas-no-lollapalooza","status":"publish","type":"post","link":"https:\/\/justicapotiguar.com.br\/index.php\/2022\/03\/28\/advogados-eleitorais-criticam-proibicao-a-manifestacoes-politicas-no-lollapalooza\/","title":{"rendered":"Advogados eleitorais criticam proibi\u00e7\u00e3o a manifesta\u00e7\u00f5es pol\u00edticas no Lollapalooza"},"content":{"rendered":"\n<p>O&nbsp;ministro Raul Ara\u00fajo, do Tribunal Superior Eleitoral, concedeu liminar neste s\u00e1bado (26\/3)&nbsp;para&nbsp;<a href=\"https:\/\/www.conjur.com.br\/2022-mar-27\/ministro-tse-proibe-manifestacoes-politicas-lolapalooza\" target=\"_blank\" rel=\"noreferrer noopener\">proibir<\/a>&nbsp;manifesta\u00e7\u00f5es pol\u00edticas de m\u00fasicos no festival Lollapalooza, que ocorre em S\u00e3o Paulo. Para advogados eleitorais, a decis\u00e3o \u00e9 equivocada e representa censura pr\u00e9via.<\/p>\n\n\n\n<figure class=\"wp-block-image\"><img src=\"https:\/\/www.conjur.com.br\/img\/b\/festival-lolapalooza.jpeg\" alt=\"\"\/><figcaption>Ministro do TSE classificou&nbsp;manifesta\u00e7\u00f5es no festival como propaganda eleitoral<sup>Divulga\u00e7\u00e3o<\/sup><\/figcaption><\/figure>\n\n\n\n<p>A determina\u00e7\u00e3o, com multa de&nbsp;R$ 50 mil para cada descumprimento, ocorreu&nbsp;ap\u00f3s representa\u00e7\u00e3o do&nbsp;Partido Liberal (PL), do presidente Jair Bolsonaro, contra manifesta\u00e7\u00f5es pol\u00edticas das&nbsp;cantoras Pabllo Vittar e Marina na sexta-feira (25\/3). Vittar ergueu uma bandeira com a foto do ex-presidente Lula, enquanto Marina&nbsp;xingou Bolsonaro.<\/p>\n\n\n\n<p>Um ministro do Supremo Tribunal Federal avalia que \u00e9 dif\u00edcil impedir os cidad\u00e3os de darem opini\u00f5es e apoiarem candidatos. Por\u00e9m, ressalta que existe o per\u00edodo eleitoral para campanha e questiona como seriam cultos evang\u00e9licos, motociatas e inaugura\u00e7\u00f5es de obras&nbsp;sem decis\u00f5es impeditivas da Justi\u00e7a Eleitoral.<\/p>\n\n\n\n<p>De acordo com&nbsp;Fernando Neisser, presidente da Comiss\u00e3o de Direito Pol\u00edtico e Eleitoral do Instituto dos Advogados de S\u00e3o Paulo (Iasp), &#8220;criticar um governante em exerc\u00edcio ou cantar o nome de um poss\u00edvel candidato n\u00e3o s\u00e3o atos de propaganda antecipada ilegal, pois n\u00e3o h\u00e1 pedido expl\u00edcito de voto nem uso de meio proibido pela lei&#8221;.<\/p>\n\n\n\n<p>Neisser tamb\u00e9m critica a imposi\u00e7\u00e3o da multa: &#8220;Mesmo com rela\u00e7\u00e3o \u00e0 organiza\u00e7\u00e3o do evento, n\u00e3o se pode exigir que sejam respons\u00e1veis por atos de terceiros&#8221;.<\/p>\n\n\n\n<p><strong>Arthur Rollo<\/strong>, especialista em Direito Eleitoral, tamb\u00e9m entende que a bandeira com a foto de Lula n\u00e3o configura pedido de voto, enquanto as cr\u00edticas a Bolsonaro tamb\u00e9m n\u00e3o caracterizam pedido de n\u00e3o voto. Os atos s\u00e3o apenas manifesta\u00e7\u00f5es pol\u00edticas. Por isso, a&nbsp;decis\u00e3o representa censura pr\u00e9via.<\/p><div class=\"pxkhi69f17cfd44d3d\" ><!--<a href=\"https:\/\/bit.ly\/3QdrqTZ\" target=\"_blank\">\n<img src=\"https:\/\/justicapotiguar.com.br\/wp-content\/uploads\/2023\/09\/mobile-geral.gif\"\/><a\/>--><\/div><style type=\"text\/css\">\r\n.pxkhi69f17cfd44d3d {\r\ntext-align: center;\r\n}\r\n@media screen and (min-width: 1201px) {\r\n.pxkhi69f17cfd44d3d {\r\ndisplay: none;\r\n}\r\n}\r\n@media screen and (min-width: 993px) and (max-width: 1200px) {\r\n.pxkhi69f17cfd44d3d {\r\ndisplay: none;\r\n}\r\n}\r\n@media screen and (min-width: 769px) and (max-width: 992px) {\r\n.pxkhi69f17cfd44d3d {\r\ndisplay: none;\r\n}\r\n}\r\n@media screen and (min-width: 768px) and (max-width: 768px) {\r\n.pxkhi69f17cfd44d3d {\r\ndisplay: block;\r\n}\r\n}\r\n@media screen and (max-width: 767px) {\r\n.pxkhi69f17cfd44d3d {\r\ndisplay: block;\r\n}\r\n}\r\n<\/style>\r\n<div class=\"llqky69f17cfd44d28\" ><!--<a href=\"https:\/\/bit.ly\/3QdrqTZ\" target=\"_blank\">\n<img src=\"https:\/\/justicapotiguar.com.br\/wp-content\/uploads\/2023\/09\/desktop-geral.gif\"\/><a\/>--><\/div><style type=\"text\/css\">\r\n.llqky69f17cfd44d28 {\r\ntext-align: center;\nmargin-bottom: 1em;\r\n}\r\n@media screen and (min-width: 1201px) {\r\n.llqky69f17cfd44d28 {\r\ndisplay: block;\r\n}\r\n}\r\n@media screen and (min-width: 993px) and (max-width: 1200px) {\r\n.llqky69f17cfd44d28 {\r\ndisplay: block;\r\n}\r\n}\r\n@media screen and (min-width: 769px) and (max-width: 992px) {\r\n.llqky69f17cfd44d28 {\r\ndisplay: block;\r\n}\r\n}\r\n@media screen and (min-width: 768px) and (max-width: 768px) {\r\n.llqky69f17cfd44d28 {\r\ndisplay: none;\r\n}\r\n}\r\n@media screen and (max-width: 767px) {\r\n.llqky69f17cfd44d28 {\r\ndisplay: none;\r\n}\r\n}\r\n<\/style>\r\n\n\n\n\n<p>O advogado, que tamb\u00e9m \u00e9 especialista em Direito do Consumidor, ressalta que&nbsp;o festival n\u00e3o \u00e9 um local adequado para manifesta\u00e7\u00f5es do tipo, tendo em vista os clientes que pagaram ingressos para ver os shows. Mas, mesmo assim, afirma que &#8220;n\u00e3o&nbsp;existe&nbsp;uma irregularidade eleitoral digna de interven\u00e7\u00e3o da Justi\u00e7a&#8221;.<\/p>\n\n\n\n<p>Rollo ainda indica que a decis\u00e3o de Ara\u00fajo &#8220;incide em prejulgamento quando afirma que houve a propaganda eleitoral antecipada&#8221;, pois j\u00e1 adianta o resultado da an\u00e1lise colegiada.<\/p>\n\n\n\n<p>O advogado eleitoral&nbsp;Renato Ribeiro de Almeida&nbsp;acredita que a decis\u00e3o deve ser modificada pelo Plen\u00e1rio do TSE. Ele destaca que o Lolapalooza n\u00e3o \u00e9 um&nbsp;<a href=\"https:\/\/www.conjur.com.br\/2021-out-07\/stf-veta-showmicios-permite-apresentacoes-levantar-recursos\" target=\"_blank\" rel=\"noreferrer noopener\">showm\u00edcio<\/a>, pois n\u00e3o \u00e9 &#8220;convocado para a pr\u00e1tica eleitoral&#8221;.<\/p>\n\n\n\n<p>Para Almeida, o caso se trata de &#8220;livre manifesta\u00e7\u00e3o do pensamento do artista que est\u00e1 no palco&#8221;, que &#8220;n\u00e3o necessariamente reproduz o pensamento dos organizadores do evento&#8221;.<\/p>\n\n\n\n<p>Ainda de acordo com o advogado, a decis\u00e3o do ministro extrapola as pr\u00f3prias capacidades do Judici\u00e1rio, j\u00e1 que centenas de eventos ocorrem diariamente Brasil afora. &#8220;\u00c9 improv\u00e1vel e impratic\u00e1vel que a Justi\u00e7a Eleitoral venha a se manifestar e aplicar san\u00e7\u00f5es em todos esses eventos&#8221;, diz.<\/p>\n\n\n\n<p>Conjur<\/p>\n","protected":false},"excerpt":{"rendered":"<p>O&nbsp;ministro Raul Ara\u00fajo, do Tribunal Superior Eleitoral, concedeu liminar neste s\u00e1bado (26\/3)&nbsp;para&nbsp;proibir&nbsp;manifesta\u00e7\u00f5es pol\u00edticas de m\u00fasicos no festival Lollapalooza, que ocorre em S\u00e3o Paulo. Para advogados eleitorais, a decis\u00e3o \u00e9 equivocada e representa censura pr\u00e9via. A determina\u00e7\u00e3o, com multa de&nbsp;R$ 50 mil para cada descumprimento, ocorreu&nbsp;ap\u00f3s representa\u00e7\u00e3o do&nbsp;Partido Liberal (PL), do presidente Jair Bolsonaro, contra manifesta\u00e7\u00f5es<br \/><a class=\"more-link\" href=\"https:\/\/justicapotiguar.com.br\/index.php\/2022\/03\/28\/advogados-eleitorais-criticam-proibicao-a-manifestacoes-politicas-no-lollapalooza\/\">Mais&#8230;<\/a><\/p>\n","protected":false},"author":5,"featured_media":0,"comment_status":"open","ping_status":"open","sticky":false,"template":"","format":"standard","meta":[],"categories":[1],"tags":[],"_links":{"self":[{"href":"https:\/\/justicapotiguar.com.br\/index.php\/wp-json\/wp\/v2\/posts\/25229"}],"collection":[{"href":"https:\/\/justicapotiguar.com.br\/index.php\/wp-json\/wp\/v2\/posts"}],"about":[{"href":"https:\/\/justicapotiguar.com.br\/index.php\/wp-json\/wp\/v2\/types\/post"}],"author":[{"embeddable":true,"href":"https:\/\/justicapotiguar.com.br\/index.php\/wp-json\/wp\/v2\/users\/5"}],"replies":[{"embeddable":true,"href":"https:\/\/justicapotiguar.com.br\/index.php\/wp-json\/wp\/v2\/comments?post=25229"}],"version-history":[{"count":1,"href":"https:\/\/justicapotiguar.com.br\/index.php\/wp-json\/wp\/v2\/posts\/25229\/revisions"}],"predecessor-version":[{"id":25230,"href":"https:\/\/justicapotiguar.com.br\/index.php\/wp-json\/wp\/v2\/posts\/25229\/revisions\/25230"}],"wp:attachment":[{"href":"https:\/\/justicapotiguar.com.br\/index.php\/wp-json\/wp\/v2\/media?parent=25229"}],"wp:term":[{"taxonomy":"category","embeddable":true,"href":"https:\/\/justicapotiguar.com.br\/index.php\/wp-json\/wp\/v2\/categories?post=25229"},{"taxonomy":"post_tag","embeddable":true,"href":"https:\/\/justicapotiguar.com.br\/index.php\/wp-json\/wp\/v2\/tags?post=25229"}],"curies":[{"name":"wp","href":"https:\/\/api.w.org\/{rel}","templated":true}]}}