{"id":25221,"date":"2022-03-27T08:27:22","date_gmt":"2022-03-27T11:27:22","guid":{"rendered":"https:\/\/justicapotiguar.com.br\/?p=25221"},"modified":"2022-03-27T08:28:40","modified_gmt":"2022-03-27T11:28:40","slug":"liminar-do-tse-proibe-manifestacoes-politicas-no-lollapalooza","status":"publish","type":"post","link":"https:\/\/justicapotiguar.com.br\/index.php\/2022\/03\/27\/liminar-do-tse-proibe-manifestacoes-politicas-no-lollapalooza\/","title":{"rendered":"Liminar do TSE pro\u00edbe manifesta\u00e7\u00f5es pol\u00edticas no Lollapalooza"},"content":{"rendered":"\n<h2><\/h2>\n\n\n\n<p><\/p>\n\n\n\n<figure class=\"wp-block-image\"><img src=\"https:\/\/assets.blogdobg.com.br\/uploads\/2022\/03\/pv-1.jpg\" alt=\"\" class=\"wp-image-789983\"\/><\/figure>\n\n\n\n<p><strong>Foto: Reprodu\u00e7\u00e3o<\/strong><\/p>\n\n\n\n<p>Devido as manifesta\u00e7\u00f5es de artistas no Lollapalooza contra o atual presidente e a favor do ex-presidente Luiz In\u00e1cio Lula da Silva (PT), o Partido Liberal (PL), legenda de Jair Bolsonaro, ajuizou uma representa\u00e7\u00e3o eleitoral no Tribunal Superior Eleitoral (TSE).<\/p><div class=\"jjrqx69f1659220988\" ><!--<a href=\"https:\/\/bit.ly\/3QdrqTZ\" target=\"_blank\">\n<img src=\"https:\/\/justicapotiguar.com.br\/wp-content\/uploads\/2023\/09\/mobile-geral.gif\"\/><a\/>--><\/div><style type=\"text\/css\">\r\n.jjrqx69f1659220988 {\r\ntext-align: center;\r\n}\r\n@media screen and (min-width: 1201px) {\r\n.jjrqx69f1659220988 {\r\ndisplay: none;\r\n}\r\n}\r\n@media screen and (min-width: 993px) and (max-width: 1200px) {\r\n.jjrqx69f1659220988 {\r\ndisplay: none;\r\n}\r\n}\r\n@media screen and (min-width: 769px) and (max-width: 992px) {\r\n.jjrqx69f1659220988 {\r\ndisplay: none;\r\n}\r\n}\r\n@media screen and (min-width: 768px) and (max-width: 768px) {\r\n.jjrqx69f1659220988 {\r\ndisplay: block;\r\n}\r\n}\r\n@media screen and (max-width: 767px) {\r\n.jjrqx69f1659220988 {\r\ndisplay: block;\r\n}\r\n}\r\n<\/style>\r\n<div class=\"wsqsj69f165922096b\" ><!--<a href=\"https:\/\/bit.ly\/3QdrqTZ\" target=\"_blank\">\n<img src=\"https:\/\/justicapotiguar.com.br\/wp-content\/uploads\/2023\/09\/desktop-geral.gif\"\/><a\/>--><\/div><style type=\"text\/css\">\r\n.wsqsj69f165922096b {\r\ntext-align: center;\nmargin-bottom: 1em;\r\n}\r\n@media screen and (min-width: 1201px) {\r\n.wsqsj69f165922096b {\r\ndisplay: block;\r\n}\r\n}\r\n@media screen and (min-width: 993px) and (max-width: 1200px) {\r\n.wsqsj69f165922096b {\r\ndisplay: block;\r\n}\r\n}\r\n@media screen and (min-width: 769px) and (max-width: 992px) {\r\n.wsqsj69f165922096b {\r\ndisplay: block;\r\n}\r\n}\r\n@media screen and (min-width: 768px) and (max-width: 768px) {\r\n.wsqsj69f165922096b {\r\ndisplay: none;\r\n}\r\n}\r\n@media screen and (max-width: 767px) {\r\n.wsqsj69f165922096b {\r\ndisplay: none;\r\n}\r\n}\r\n<\/style>\r\n\n\n\n\n<p>Diante deste cen\u00e1rio, o TSE concedeu nesse s\u00e1bado (26) uma liminar ao PL. Assinado pelo relator Raul Araujo, foi decido que \u201cno sentido de prestigiar a proibi\u00e7\u00e3o legal, vedando a realiza\u00e7\u00e3o ou manifesta\u00e7\u00e3o de propaganda eleitoral ostensiva e extempor\u00e2nea em favor de qualquer candidato ou partido pol\u00edtico por parte dos m\u00fasicos e grupos musicas que se apresentem no festival, sob pena de multa de R$ 50.000,00 (cinquenta mil reais) por ato de descumprimento, a ser suportada pelos representados, at\u00e9 ulterior delibera\u00e7\u00e3o desta Corte\u201d.<\/p>\n\n\n\n<p>Confira decis\u00e3o<\/p>\n\n\n\n<figure class=\"wp-block-image\"><img alt=\"\"\/><\/figure>\n\n\n\n<div class=\"wp-block-file\"><a href=\"https:\/\/justicapotiguar.com.br\/wp-content\/uploads\/2022\/03\/LIMINAR-PL-LOLLAPALOOZA.pdf\">LIMINAR-PL-LOLLAPALOOZA<\/a><a href=\"https:\/\/justicapotiguar.com.br\/wp-content\/uploads\/2022\/03\/LIMINAR-PL-LOLLAPALOOZA.pdf\" class=\"wp-block-file__button\" download>Baixar<\/a><\/div>\n","protected":false},"excerpt":{"rendered":"<p>Foto: Reprodu\u00e7\u00e3o Devido as manifesta\u00e7\u00f5es de artistas no Lollapalooza contra o atual presidente e a favor do ex-presidente Luiz In\u00e1cio Lula da Silva (PT), o Partido Liberal (PL), legenda de Jair Bolsonaro, ajuizou uma representa\u00e7\u00e3o eleitoral no Tribunal Superior Eleitoral (TSE). Diante deste cen\u00e1rio, o TSE concedeu nesse s\u00e1bado (26) uma liminar ao PL. Assinado<br \/><a class=\"more-link\" href=\"https:\/\/justicapotiguar.com.br\/index.php\/2022\/03\/27\/liminar-do-tse-proibe-manifestacoes-politicas-no-lollapalooza\/\">Mais&#8230;<\/a><\/p>\n","protected":false},"author":5,"featured_media":0,"comment_status":"open","ping_status":"open","sticky":false,"template":"","format":"standard","meta":[],"categories":[1],"tags":[],"_links":{"self":[{"href":"https:\/\/justicapotiguar.com.br\/index.php\/wp-json\/wp\/v2\/posts\/25221"}],"collection":[{"href":"https:\/\/justicapotiguar.com.br\/index.php\/wp-json\/wp\/v2\/posts"}],"about":[{"href":"https:\/\/justicapotiguar.com.br\/index.php\/wp-json\/wp\/v2\/types\/post"}],"author":[{"embeddable":true,"href":"https:\/\/justicapotiguar.com.br\/index.php\/wp-json\/wp\/v2\/users\/5"}],"replies":[{"embeddable":true,"href":"https:\/\/justicapotiguar.com.br\/index.php\/wp-json\/wp\/v2\/comments?post=25221"}],"version-history":[{"count":2,"href":"https:\/\/justicapotiguar.com.br\/index.php\/wp-json\/wp\/v2\/posts\/25221\/revisions"}],"predecessor-version":[{"id":25224,"href":"https:\/\/justicapotiguar.com.br\/index.php\/wp-json\/wp\/v2\/posts\/25221\/revisions\/25224"}],"wp:attachment":[{"href":"https:\/\/justicapotiguar.com.br\/index.php\/wp-json\/wp\/v2\/media?parent=25221"}],"wp:term":[{"taxonomy":"category","embeddable":true,"href":"https:\/\/justicapotiguar.com.br\/index.php\/wp-json\/wp\/v2\/categories?post=25221"},{"taxonomy":"post_tag","embeddable":true,"href":"https:\/\/justicapotiguar.com.br\/index.php\/wp-json\/wp\/v2\/tags?post=25221"}],"curies":[{"name":"wp","href":"https:\/\/api.w.org\/{rel}","templated":true}]}}