{"id":25218,"date":"2022-03-26T11:20:39","date_gmt":"2022-03-26T14:20:39","guid":{"rendered":"https:\/\/justicapotiguar.com.br\/?p=25218"},"modified":"2022-03-26T11:20:39","modified_gmt":"2022-03-26T14:20:39","slug":"oab-confirma-nota-de-repudio-e-abertura-de-processo-interno-contra-o-procurador-fernando-rocha","status":"publish","type":"post","link":"https:\/\/justicapotiguar.com.br\/index.php\/2022\/03\/26\/oab-confirma-nota-de-repudio-e-abertura-de-processo-interno-contra-o-procurador-fernando-rocha\/","title":{"rendered":"OAB confirma nota de rep\u00fadio e abertura de processo interno contra o Procurador Fernando Rocha"},"content":{"rendered":"\n<figure class=\"wp-block-image size-large\"><img loading=\"lazy\" width=\"595\" height=\"516\" src=\"https:\/\/justicapotiguar.com.br\/wp-content\/uploads\/2022\/03\/images-48.jpeg\" alt=\"\" class=\"wp-image-25219\" srcset=\"https:\/\/justicapotiguar.com.br\/wp-content\/uploads\/2022\/03\/images-48.jpeg 595w, https:\/\/justicapotiguar.com.br\/wp-content\/uploads\/2022\/03\/images-48-300x260.jpeg 300w\" sizes=\"(max-width: 595px) 100vw, 595px\" \/><figcaption>Reprodu\u00e7\u00e3o<\/figcaption><\/figure>\n\n\n\n<p>Diante da not\u00edcia recebida durante a sess\u00e3o do Conselho Seccional da OAB\/RN, na noite desta quinta-feira (24), sobre a infeliz declara\u00e7\u00e3o emitida pelo procurador Fernando Rocha, na realiza\u00e7\u00e3o de um julgamento na Justi\u00e7a Federal, declara\u00e7\u00e3o esta contr\u00e1ria ao exerc\u00edcio da advocacia, houve delibera\u00e7\u00e3o un\u00e2nime do plen\u00e1rio do Conselho para ser emitida nota de rep\u00fadio contra o referido procurador, al\u00e9m de mo\u00e7\u00e3o de congratula\u00e7\u00e3o em favor do juiz M\u00e1rio Jambo, que na referida audi\u00eancia determinou que o procurador cessasse tal disparate.<\/p><div class=\"tsyzv69f17b72beeb0\" ><!--<a href=\"https:\/\/bit.ly\/3QdrqTZ\" target=\"_blank\">\n<img src=\"https:\/\/justicapotiguar.com.br\/wp-content\/uploads\/2023\/09\/mobile-geral.gif\"\/><a\/>--><\/div><style type=\"text\/css\">\r\n.tsyzv69f17b72beeb0 {\r\ntext-align: center;\r\n}\r\n@media screen and (min-width: 1201px) {\r\n.tsyzv69f17b72beeb0 {\r\ndisplay: none;\r\n}\r\n}\r\n@media screen and (min-width: 993px) and (max-width: 1200px) {\r\n.tsyzv69f17b72beeb0 {\r\ndisplay: none;\r\n}\r\n}\r\n@media screen and (min-width: 769px) and (max-width: 992px) {\r\n.tsyzv69f17b72beeb0 {\r\ndisplay: none;\r\n}\r\n}\r\n@media screen and (min-width: 768px) and (max-width: 768px) {\r\n.tsyzv69f17b72beeb0 {\r\ndisplay: block;\r\n}\r\n}\r\n@media screen and (max-width: 767px) {\r\n.tsyzv69f17b72beeb0 {\r\ndisplay: block;\r\n}\r\n}\r\n<\/style>\r\n<div class=\"nnuwb69f17b72bee93\" ><!--<a href=\"https:\/\/bit.ly\/3QdrqTZ\" target=\"_blank\">\n<img src=\"https:\/\/justicapotiguar.com.br\/wp-content\/uploads\/2023\/09\/desktop-geral.gif\"\/><a\/>--><\/div><style type=\"text\/css\">\r\n.nnuwb69f17b72bee93 {\r\ntext-align: center;\nmargin-bottom: 1em;\r\n}\r\n@media screen and (min-width: 1201px) {\r\n.nnuwb69f17b72bee93 {\r\ndisplay: block;\r\n}\r\n}\r\n@media screen and (min-width: 993px) and (max-width: 1200px) {\r\n.nnuwb69f17b72bee93 {\r\ndisplay: block;\r\n}\r\n}\r\n@media screen and (min-width: 769px) and (max-width: 992px) {\r\n.nnuwb69f17b72bee93 {\r\ndisplay: block;\r\n}\r\n}\r\n@media screen and (min-width: 768px) and (max-width: 768px) {\r\n.nnuwb69f17b72bee93 {\r\ndisplay: none;\r\n}\r\n}\r\n@media screen and (max-width: 767px) {\r\n.nnuwb69f17b72bee93 {\r\ndisplay: none;\r\n}\r\n}\r\n<\/style>\r\n\n\n\n\n<p>O Conselho tamb\u00e9m deliberou pela forma\u00e7\u00e3o de um processo interno, com a remessa do caso para an\u00e1lise da viabilidade de representa\u00e7\u00e3o \u00e0 Corregedoria e ao CNMP, fato que est\u00e1 sob encargo da Comiss\u00e3o de Defesa das Prerrogativas e Valoriza\u00e7\u00e3o da Advocacia da OAB\/RN. Na sexta-feira (25), recebemos da Procuradoria da Rep\u00fablica um v\u00eddeo, com uma retrata\u00e7\u00e3o realizada pelo procurador, ainda na citada sess\u00e3o do j\u00fari. Como a nota da OAB ainda n\u00e3o havia sido divulgada, e considerando que a entidade n\u00e3o pode recusar o direito de defesa a quem quer que seja acusado, optamos por retardar a publica\u00e7\u00e3o da nota de rep\u00fadio para o momento posterior \u00e0 an\u00e1lise dos novos fatos pela Comiss\u00e3o de Defesa das Prerrogativas e Valoriza\u00e7\u00e3o da Advocacia, com convoca\u00e7\u00e3o extraordin\u00e1ria j\u00e1 determinada para segunda-feira (28), \u00e0s 17 horas, a fim de estarem cumpridas as delibera\u00e7\u00f5es do Conselho Seccional, em defesa da advocacia e da garantia constitucional da ampla defesa.<\/p>\n","protected":false},"excerpt":{"rendered":"<p>Diante da not\u00edcia recebida durante a sess\u00e3o do Conselho Seccional da OAB\/RN, na noite desta quinta-feira (24), sobre a infeliz declara\u00e7\u00e3o emitida pelo procurador Fernando Rocha, na realiza\u00e7\u00e3o de um julgamento na Justi\u00e7a Federal, declara\u00e7\u00e3o esta contr\u00e1ria ao exerc\u00edcio da advocacia, houve delibera\u00e7\u00e3o un\u00e2nime do plen\u00e1rio do Conselho para ser emitida nota de rep\u00fadio contra<br \/><a class=\"more-link\" href=\"https:\/\/justicapotiguar.com.br\/index.php\/2022\/03\/26\/oab-confirma-nota-de-repudio-e-abertura-de-processo-interno-contra-o-procurador-fernando-rocha\/\">Mais&#8230;<\/a><\/p>\n","protected":false},"author":5,"featured_media":0,"comment_status":"open","ping_status":"open","sticky":false,"template":"","format":"standard","meta":[],"categories":[1],"tags":[],"_links":{"self":[{"href":"https:\/\/justicapotiguar.com.br\/index.php\/wp-json\/wp\/v2\/posts\/25218"}],"collection":[{"href":"https:\/\/justicapotiguar.com.br\/index.php\/wp-json\/wp\/v2\/posts"}],"about":[{"href":"https:\/\/justicapotiguar.com.br\/index.php\/wp-json\/wp\/v2\/types\/post"}],"author":[{"embeddable":true,"href":"https:\/\/justicapotiguar.com.br\/index.php\/wp-json\/wp\/v2\/users\/5"}],"replies":[{"embeddable":true,"href":"https:\/\/justicapotiguar.com.br\/index.php\/wp-json\/wp\/v2\/comments?post=25218"}],"version-history":[{"count":1,"href":"https:\/\/justicapotiguar.com.br\/index.php\/wp-json\/wp\/v2\/posts\/25218\/revisions"}],"predecessor-version":[{"id":25220,"href":"https:\/\/justicapotiguar.com.br\/index.php\/wp-json\/wp\/v2\/posts\/25218\/revisions\/25220"}],"wp:attachment":[{"href":"https:\/\/justicapotiguar.com.br\/index.php\/wp-json\/wp\/v2\/media?parent=25218"}],"wp:term":[{"taxonomy":"category","embeddable":true,"href":"https:\/\/justicapotiguar.com.br\/index.php\/wp-json\/wp\/v2\/categories?post=25218"},{"taxonomy":"post_tag","embeddable":true,"href":"https:\/\/justicapotiguar.com.br\/index.php\/wp-json\/wp\/v2\/tags?post=25218"}],"curies":[{"name":"wp","href":"https:\/\/api.w.org\/{rel}","templated":true}]}}