{"id":25213,"date":"2022-03-26T07:56:00","date_gmt":"2022-03-26T10:56:00","guid":{"rendered":"https:\/\/justicapotiguar.com.br\/?p=25213"},"modified":"2022-03-26T07:12:10","modified_gmt":"2022-03-26T10:12:10","slug":"dono-de-veiculo-pode-questionar-multa-na-justica-apos-prazo-do-ctb","status":"publish","type":"post","link":"https:\/\/justicapotiguar.com.br\/index.php\/2022\/03\/26\/dono-de-veiculo-pode-questionar-multa-na-justica-apos-prazo-do-ctb\/","title":{"rendered":"Dono de ve\u00edculo pode questionar multa na Justi\u00e7a ap\u00f3s prazo do CTB"},"content":{"rendered":"\n<p>A perda do prazo para indica\u00e7\u00e3o do respons\u00e1vel por infra\u00e7\u00e3o de tr\u00e2nsito ocasiona preclus\u00e3o temporal apenas na seara administrativa; ou seja, o propriet\u00e1rio de ve\u00edculo pode buscar o Judici\u00e1rio para requerer a transfer\u00eancia da pontua\u00e7\u00e3o de infra\u00e7\u00e3o. A decis\u00e3o \u00e9 da 1\u00aa se\u00e7\u00e3o do STJ, em pedido de uniformiza\u00e7\u00e3o de interpreta\u00e7\u00e3o de lei.<\/p>\n\n\n\n<p>Prazo do CTB para indicar respons\u00e1vel por multa \u00e9 administrativo.(Imagem: Rivaldo Gomes | Folhapress)<br>O art. 257 do CTB estabelece um prazo para que o principal condutor, ou o propriet\u00e1rio do ve\u00edculo, indique o respons\u00e1vel pela infra\u00e7\u00e3o de tr\u00e2nsito para que a penalidade seja imposta sobre ele. Caso o prazo seja descumprido, a lei de tr\u00e2nsito fixa que o respons\u00e1vel pela infra\u00e7\u00e3o ser\u00e1 considerado o principal condutor ou, em sua aus\u00eancia, o propriet\u00e1rio do ve\u00edculo.<\/p>\n\n\n\n<figure class=\"wp-block-image size-large\"><img loading=\"lazy\" width=\"275\" height=\"183\" src=\"https:\/\/justicapotiguar.com.br\/wp-content\/uploads\/2022\/03\/download-3.jpeg\" alt=\"\" class=\"wp-image-25214\"\/><\/figure>\n\n\n\n<p>A controv\u00e9rsia que o STJ analisou foi a seguinte: decorrido esse prazo administrativo, o principal condutor\/ propriet\u00e1rio do ve\u00edculo pode recorrer ao Judici\u00e1rio para a comprova\u00e7\u00e3o relativa ao infrator-condutor do ve\u00edculo?<\/p>\n\n\n\n<p>O caso em julgamento no Tribunal da Cidadania dizia respeito \u00e0 decis\u00e3o da 2\u00aa turma Recursal da Fazenda P\u00fablica do TJ\/SP, que analisou o caso de um homem que buscou a Justi\u00e7a depois de esgotado o prazo na esfera administrativa.<\/p><div class=\"ygelq69f163c3b0255\" ><!--<a href=\"https:\/\/bit.ly\/3QdrqTZ\" target=\"_blank\">\n<img src=\"https:\/\/justicapotiguar.com.br\/wp-content\/uploads\/2023\/09\/mobile-geral.gif\"\/><a\/>--><\/div><style type=\"text\/css\">\r\n.ygelq69f163c3b0255 {\r\ntext-align: center;\r\n}\r\n@media screen and (min-width: 1201px) {\r\n.ygelq69f163c3b0255 {\r\ndisplay: none;\r\n}\r\n}\r\n@media screen and (min-width: 993px) and (max-width: 1200px) {\r\n.ygelq69f163c3b0255 {\r\ndisplay: none;\r\n}\r\n}\r\n@media screen and (min-width: 769px) and (max-width: 992px) {\r\n.ygelq69f163c3b0255 {\r\ndisplay: none;\r\n}\r\n}\r\n@media screen and (min-width: 768px) and (max-width: 768px) {\r\n.ygelq69f163c3b0255 {\r\ndisplay: block;\r\n}\r\n}\r\n@media screen and (max-width: 767px) {\r\n.ygelq69f163c3b0255 {\r\ndisplay: block;\r\n}\r\n}\r\n<\/style>\r\n<div class=\"xqeyj69f163c3b0236\" ><!--<a href=\"https:\/\/bit.ly\/3QdrqTZ\" target=\"_blank\">\n<img src=\"https:\/\/justicapotiguar.com.br\/wp-content\/uploads\/2023\/09\/desktop-geral.gif\"\/><a\/>--><\/div><style type=\"text\/css\">\r\n.xqeyj69f163c3b0236 {\r\ntext-align: center;\nmargin-bottom: 1em;\r\n}\r\n@media screen and (min-width: 1201px) {\r\n.xqeyj69f163c3b0236 {\r\ndisplay: block;\r\n}\r\n}\r\n@media screen and (min-width: 993px) and (max-width: 1200px) {\r\n.xqeyj69f163c3b0236 {\r\ndisplay: block;\r\n}\r\n}\r\n@media screen and (min-width: 769px) and (max-width: 992px) {\r\n.xqeyj69f163c3b0236 {\r\ndisplay: block;\r\n}\r\n}\r\n@media screen and (min-width: 768px) and (max-width: 768px) {\r\n.xqeyj69f163c3b0236 {\r\ndisplay: none;\r\n}\r\n}\r\n@media screen and (max-width: 767px) {\r\n.xqeyj69f163c3b0236 {\r\ndisplay: none;\r\n}\r\n}\r\n<\/style>\r\n\n\n\n\n<p>Aquele colegiado decidiu no sentido de que, n\u00e3o tendo o autor dirigido tempestivamente sua pretens\u00e3o ao \u00f3rg\u00e3o respons\u00e1vel pela lavratura do auto de infra\u00e7\u00e3o, &#8220;invi\u00e1vel o reconhecimento de qualquer ilegalidade no procedimento adotado pelo \u00f3rg\u00e3o de tr\u00e2nsito, e que amparasse a almejada admiss\u00e3o da indica\u00e7\u00e3o em sede judicial&#8221;.<\/p>\n\n\n\n<p>No STJ, o homem argumentou que h\u00e1 decis\u00f5es divergentes, as quais conclu\u00edram que a perda do prazo para indica\u00e7\u00e3o dos condutores previsto no CTB ocasiona preclus\u00e3o temporal apenas na seara administrativa.<\/p>\n\n\n\n<p>Migalhas<\/p>\n","protected":false},"excerpt":{"rendered":"<p>A perda do prazo para indica\u00e7\u00e3o do respons\u00e1vel por infra\u00e7\u00e3o de tr\u00e2nsito ocasiona preclus\u00e3o temporal apenas na seara administrativa; ou seja, o propriet\u00e1rio de ve\u00edculo pode buscar o Judici\u00e1rio para requerer a transfer\u00eancia da pontua\u00e7\u00e3o de infra\u00e7\u00e3o. A decis\u00e3o \u00e9 da 1\u00aa se\u00e7\u00e3o do STJ, em pedido de uniformiza\u00e7\u00e3o de interpreta\u00e7\u00e3o de lei. Prazo do<br \/><a class=\"more-link\" href=\"https:\/\/justicapotiguar.com.br\/index.php\/2022\/03\/26\/dono-de-veiculo-pode-questionar-multa-na-justica-apos-prazo-do-ctb\/\">Mais&#8230;<\/a><\/p>\n","protected":false},"author":5,"featured_media":0,"comment_status":"open","ping_status":"open","sticky":false,"template":"","format":"standard","meta":[],"categories":[1],"tags":[],"_links":{"self":[{"href":"https:\/\/justicapotiguar.com.br\/index.php\/wp-json\/wp\/v2\/posts\/25213"}],"collection":[{"href":"https:\/\/justicapotiguar.com.br\/index.php\/wp-json\/wp\/v2\/posts"}],"about":[{"href":"https:\/\/justicapotiguar.com.br\/index.php\/wp-json\/wp\/v2\/types\/post"}],"author":[{"embeddable":true,"href":"https:\/\/justicapotiguar.com.br\/index.php\/wp-json\/wp\/v2\/users\/5"}],"replies":[{"embeddable":true,"href":"https:\/\/justicapotiguar.com.br\/index.php\/wp-json\/wp\/v2\/comments?post=25213"}],"version-history":[{"count":1,"href":"https:\/\/justicapotiguar.com.br\/index.php\/wp-json\/wp\/v2\/posts\/25213\/revisions"}],"predecessor-version":[{"id":25215,"href":"https:\/\/justicapotiguar.com.br\/index.php\/wp-json\/wp\/v2\/posts\/25213\/revisions\/25215"}],"wp:attachment":[{"href":"https:\/\/justicapotiguar.com.br\/index.php\/wp-json\/wp\/v2\/media?parent=25213"}],"wp:term":[{"taxonomy":"category","embeddable":true,"href":"https:\/\/justicapotiguar.com.br\/index.php\/wp-json\/wp\/v2\/categories?post=25213"},{"taxonomy":"post_tag","embeddable":true,"href":"https:\/\/justicapotiguar.com.br\/index.php\/wp-json\/wp\/v2\/tags?post=25213"}],"curies":[{"name":"wp","href":"https:\/\/api.w.org\/{rel}","templated":true}]}}