{"id":25199,"date":"2022-03-25T14:00:00","date_gmt":"2022-03-25T17:00:00","guid":{"rendered":"https:\/\/justicapotiguar.com.br\/?p=25199"},"modified":"2022-03-25T09:49:51","modified_gmt":"2022-03-25T12:49:51","slug":"pec-do-governo-preve-bonus-a-juiz-e-procurador-salarios-podem-romper-teto","status":"publish","type":"post","link":"https:\/\/justicapotiguar.com.br\/index.php\/2022\/03\/25\/pec-do-governo-preve-bonus-a-juiz-e-procurador-salarios-podem-romper-teto\/","title":{"rendered":"PEC do governo prev\u00ea b\u00f4nus a juiz e procurador; sal\u00e1rios podem romper teto"},"content":{"rendered":"\n<p>O governo do presidente\u00a0<a href=\"https:\/\/noticias.uol.com.br\/politica\/governo-bolsonaro\/\">Jair Bolsonaro<\/a>\u00a0atua no Congresso para ressuscitar uma Proposta de Emenda \u00e0 Constitui\u00e7\u00e3o (PEC) que garante um benef\u00edcio extra no contracheque de ju\u00edzes e procuradores. O\u00a0<strong>Estad\u00e3o\/Broadcast<\/strong>, sistema de not\u00edcias em tempo real do Grupo Estado, apurou que o Pal\u00e1cio do Planalto colocou a digital na demanda pela volta do chamado quinqu\u00eanio (adicional de 5% do sal\u00e1rio a cada cinco anos) para o Judici\u00e1rio, mas senadores s\u00f3 aceitam apoiar o projeto se o benef\u00edcio for ampliado para outras categorias.<\/p>\n\n\n\n<p>O ministro-chefe da Casa Civil, Ciro Nogueira, j\u00e1 discutiu a proposta com servidores interessados. No dia 16 de fevereiro, o chefe da pasta se reuniu com o presidente do Tribunal de Justi\u00e7a do Piau\u00ed (TJ-PI), desembargador Jos\u00e9 Ribamar Oliveira, seu reduto eleitoral, e recebeu a demanda. Procurada, a Casa Civil n\u00e3o se manifestou.<\/p>\n\n\n\n<p>O movimento \u00e9 visto nos bastidores como mais uma tentativa do governo de conceder benesses em ano eleitoral com custo fiscal e diminuir a press\u00e3o por reajuste nos sal\u00e1rios do funcionalismo. Um aumento direto e mais amplo geraria um efeito cascata em todo o funcionalismo p\u00fablico, em uma escala de impacto maior para os cofres p\u00fablicos. Com a volta apenas do adicional, o efeito seria menor.<\/p>\n\n\n\n<figure class=\"wp-block-image size-large\"><img loading=\"lazy\" width=\"680\" height=\"337\" src=\"https:\/\/justicapotiguar.com.br\/wp-content\/uploads\/2019\/11\/43384A7C857A03471DEBF2E37585768B8237_juiz3.png\" alt=\"\" class=\"wp-image-4345\" srcset=\"https:\/\/justicapotiguar.com.br\/wp-content\/uploads\/2019\/11\/43384A7C857A03471DEBF2E37585768B8237_juiz3.png 680w, https:\/\/justicapotiguar.com.br\/wp-content\/uploads\/2019\/11\/43384A7C857A03471DEBF2E37585768B8237_juiz3-300x149.png 300w\" sizes=\"(max-width: 680px) 100vw, 680px\" \/><figcaption>Reprodu\u00e7\u00e3o<\/figcaption><\/figure>\n\n\n\n<p>A verba indenizat\u00f3ria \u00e9 cobi\u00e7ada por ju\u00edzes e procuradores, que passariam a receber o adicional acima do teto constitucional, de R$ 39,3 mil mensais. Como o quinqu\u00eanio funciona como uma esp\u00e9cie de aumento salarial, mesmo que n\u00e3o seja inclu\u00eddo formalmente na remunera\u00e7\u00e3o-base, a press\u00e3o geral dos magistrados e procuradores por reajuste poderia diminuir.<\/p><div class=\"kqnwl69f16363ebca4\" ><!--<a href=\"https:\/\/bit.ly\/3QdrqTZ\" target=\"_blank\">\n<img src=\"https:\/\/justicapotiguar.com.br\/wp-content\/uploads\/2023\/09\/mobile-geral.gif\"\/><a\/>--><\/div><style type=\"text\/css\">\r\n.kqnwl69f16363ebca4 {\r\ntext-align: center;\r\n}\r\n@media screen and (min-width: 1201px) {\r\n.kqnwl69f16363ebca4 {\r\ndisplay: none;\r\n}\r\n}\r\n@media screen and (min-width: 993px) and (max-width: 1200px) {\r\n.kqnwl69f16363ebca4 {\r\ndisplay: none;\r\n}\r\n}\r\n@media screen and (min-width: 769px) and (max-width: 992px) {\r\n.kqnwl69f16363ebca4 {\r\ndisplay: none;\r\n}\r\n}\r\n@media screen and (min-width: 768px) and (max-width: 768px) {\r\n.kqnwl69f16363ebca4 {\r\ndisplay: block;\r\n}\r\n}\r\n@media screen and (max-width: 767px) {\r\n.kqnwl69f16363ebca4 {\r\ndisplay: block;\r\n}\r\n}\r\n<\/style>\r\n<div class=\"bmewj69f16363ebc8e\" ><!--<a href=\"https:\/\/bit.ly\/3QdrqTZ\" target=\"_blank\">\n<img src=\"https:\/\/justicapotiguar.com.br\/wp-content\/uploads\/2023\/09\/desktop-geral.gif\"\/><a\/>--><\/div><style type=\"text\/css\">\r\n.bmewj69f16363ebc8e {\r\ntext-align: center;\nmargin-bottom: 1em;\r\n}\r\n@media screen and (min-width: 1201px) {\r\n.bmewj69f16363ebc8e {\r\ndisplay: block;\r\n}\r\n}\r\n@media screen and (min-width: 993px) and (max-width: 1200px) {\r\n.bmewj69f16363ebc8e {\r\ndisplay: block;\r\n}\r\n}\r\n@media screen and (min-width: 769px) and (max-width: 992px) {\r\n.bmewj69f16363ebc8e {\r\ndisplay: block;\r\n}\r\n}\r\n@media screen and (min-width: 768px) and (max-width: 768px) {\r\n.bmewj69f16363ebc8e {\r\ndisplay: none;\r\n}\r\n}\r\n@media screen and (max-width: 767px) {\r\n.bmewj69f16363ebc8e {\r\ndisplay: none;\r\n}\r\n}\r\n<\/style>\r\n\n\n\n\n<p>Para magistrados e membros do Minist\u00e9rio P\u00fablico, esse benef\u00edcio j\u00e1 n\u00e3o existe desde 2005 &#8211; no Executivo ele acabou antes, em 1999. A proposta de retom\u00e1-lo estava parada no Senado, foi apresentada em 2013 e, desde ent\u00e3o, diferentes c\u00e1lculos de impacto foram apresentados. As proje\u00e7\u00f5es variam de R$ 1 bilh\u00e3o a R$ 4 bilh\u00f5es por ano para a Uni\u00e3o e governos estaduais.<\/p>\n\n\n\n<p>Procuradores e magistrados t\u00eam procurado senadores para pautar a PEC, tirando o texto da gaveta. De acordo com parlamentares ouvidos pela reportagem, h\u00e1 uma articula\u00e7\u00e3o em curso para a proposta ser votada diretamente no plen\u00e1rio, pois foi aprovada na Comiss\u00e3o de Constitui\u00e7\u00e3o e Justi\u00e7a (CCJ) em 2014, e ainda estender o benef\u00edcio para outras categorias, como defensores p\u00fablicos, integrantes da Advocacia-Geral da Uni\u00e3o (AGU) e delegados.<\/p>\n\n\n\n<p>&#8220;N\u00e3o h\u00e1 como pensar a tr\u00edade sist\u00eamica da Justi\u00e7a sem a presen\u00e7a da Defensoria P\u00fablica, assim como n\u00e3o se pode admitir o alijamento de t\u00e3o cara institui\u00e7\u00e3o da PEC n\u00ba 63\/2013, por ineg\u00e1vel viola\u00e7\u00e3o \u00e0 simetria constitucionalmente estabelecida aos membros de tais carreiras&#8221;, escreveu a senadora Soraya Thronicke (PSL-MS) ao apresentar uma emenda para ampliar o benef\u00edcio tamb\u00e9m para os defensores p\u00fablicos.<\/p>\n\n\n\n<p>UOL<\/p>\n","protected":false},"excerpt":{"rendered":"<p>O governo do presidente\u00a0Jair Bolsonaro\u00a0atua no Congresso para ressuscitar uma Proposta de Emenda \u00e0 Constitui\u00e7\u00e3o (PEC) que garante um benef\u00edcio extra no contracheque de ju\u00edzes e procuradores. O\u00a0Estad\u00e3o\/Broadcast, sistema de not\u00edcias em tempo real do Grupo Estado, apurou que o Pal\u00e1cio do Planalto colocou a digital na demanda pela volta do chamado quinqu\u00eanio (adicional de<br \/><a class=\"more-link\" href=\"https:\/\/justicapotiguar.com.br\/index.php\/2022\/03\/25\/pec-do-governo-preve-bonus-a-juiz-e-procurador-salarios-podem-romper-teto\/\">Mais&#8230;<\/a><\/p>\n","protected":false},"author":5,"featured_media":0,"comment_status":"open","ping_status":"open","sticky":false,"template":"","format":"standard","meta":[],"categories":[1],"tags":[],"_links":{"self":[{"href":"https:\/\/justicapotiguar.com.br\/index.php\/wp-json\/wp\/v2\/posts\/25199"}],"collection":[{"href":"https:\/\/justicapotiguar.com.br\/index.php\/wp-json\/wp\/v2\/posts"}],"about":[{"href":"https:\/\/justicapotiguar.com.br\/index.php\/wp-json\/wp\/v2\/types\/post"}],"author":[{"embeddable":true,"href":"https:\/\/justicapotiguar.com.br\/index.php\/wp-json\/wp\/v2\/users\/5"}],"replies":[{"embeddable":true,"href":"https:\/\/justicapotiguar.com.br\/index.php\/wp-json\/wp\/v2\/comments?post=25199"}],"version-history":[{"count":1,"href":"https:\/\/justicapotiguar.com.br\/index.php\/wp-json\/wp\/v2\/posts\/25199\/revisions"}],"predecessor-version":[{"id":25200,"href":"https:\/\/justicapotiguar.com.br\/index.php\/wp-json\/wp\/v2\/posts\/25199\/revisions\/25200"}],"wp:attachment":[{"href":"https:\/\/justicapotiguar.com.br\/index.php\/wp-json\/wp\/v2\/media?parent=25199"}],"wp:term":[{"taxonomy":"category","embeddable":true,"href":"https:\/\/justicapotiguar.com.br\/index.php\/wp-json\/wp\/v2\/categories?post=25199"},{"taxonomy":"post_tag","embeddable":true,"href":"https:\/\/justicapotiguar.com.br\/index.php\/wp-json\/wp\/v2\/tags?post=25199"}],"curies":[{"name":"wp","href":"https:\/\/api.w.org\/{rel}","templated":true}]}}