{"id":25197,"date":"2022-03-25T12:05:00","date_gmt":"2022-03-25T15:05:00","guid":{"rendered":"https:\/\/justicapotiguar.com.br\/?p=25197"},"modified":"2022-03-25T12:04:53","modified_gmt":"2022-03-25T15:04:53","slug":"carmen-lucia-autoriza-abertura-de-inquerito-para-apurar-suspeitas-contra-ministro-da-educacao","status":"publish","type":"post","link":"https:\/\/justicapotiguar.com.br\/index.php\/2022\/03\/25\/carmen-lucia-autoriza-abertura-de-inquerito-para-apurar-suspeitas-contra-ministro-da-educacao\/","title":{"rendered":"C\u00e1rmen L\u00facia autoriza abertura de inqu\u00e9rito para apurar suspeitas contra ministro da Educa\u00e7\u00e3o"},"content":{"rendered":"\n<p>A ministra do Supremo Tribunal Federal (STF) C\u00e1rmen L\u00facia autorizou abertura de inqu\u00e9rito para apurar suspeitas contra o ministro da Educa\u00e7\u00e3o Milton Ribeiro, envolvendo a atua\u00e7\u00e3o de dois pastores na libera\u00e7\u00e3o de recursos do minist\u00e9rio para prefeituras de aliados. A solicita\u00e7\u00e3o havia sido feita pelo procurador-geral da Rep\u00fablica Augusto Aras na quarta-feira. Em outra decis\u00e3o, ela tamb\u00e9m deu 15 dias para a\u00a0<a href=\"https:\/\/oglobo.globo.com\/politica\/mec-carmen-lucia-manda-pgr-se-pronunciar-sobre-investigacao-de-bolsonaro-25447371\">PGR dizer se vai querer investigar o presidente Jair Bolsonaro<\/a>\u00a0, indicando que ele tamb\u00e9m deveria ser alvo da apura\u00e7\u00e3o.<\/p>\n\n\n\n<figure class=\"wp-block-image size-large\"><img loading=\"lazy\" width=\"900\" height=\"506\" src=\"https:\/\/justicapotiguar.com.br\/wp-content\/uploads\/2020\/03\/a-ministra-do-stf-carmen-lucia-1573149061274_v2_900x506.jpg\" alt=\"\" class=\"wp-image-6781\" srcset=\"https:\/\/justicapotiguar.com.br\/wp-content\/uploads\/2020\/03\/a-ministra-do-stf-carmen-lucia-1573149061274_v2_900x506.jpg 900w, https:\/\/justicapotiguar.com.br\/wp-content\/uploads\/2020\/03\/a-ministra-do-stf-carmen-lucia-1573149061274_v2_900x506-300x169.jpg 300w, https:\/\/justicapotiguar.com.br\/wp-content\/uploads\/2020\/03\/a-ministra-do-stf-carmen-lucia-1573149061274_v2_900x506-768x432.jpg 768w\" sizes=\"(max-width: 900px) 100vw, 900px\" \/><figcaption>Reprodu\u00e7\u00e3o<\/figcaption><\/figure>\n\n\n\n<p>&#8220;A gravidade do quadro descrito \u00e9 inconteste e n\u00e3o poderia deixar de ser objeto de investiga\u00e7\u00e3o imediata, aprofundada e elucidativa sobre os fatos e suas consequ\u00eancias, inclu\u00eddas as penais&#8221;, diz trecho da decis\u00e3o abrindo inqu\u00e9rito para investigar o ministro da Educa\u00e7\u00e3o.<\/p>\n\n\n\n<p>Ainda segundo a ministra, a investiga\u00e7\u00e3o de Milton Ribeiro \u00e9 indispens\u00e1vel: &#8220;Nos autos se d\u00e1 not\u00edcia de fatos grav\u00edssimos e agressivos \u00e0 cidadania e \u00e0 integridade das institui\u00e7\u00f5es republicanas que parecem configurar pr\u00e1ticas delituosas.&#8221;<\/p><div class=\"exsfu69f165bad81f7\" ><!--<a href=\"https:\/\/bit.ly\/3QdrqTZ\" target=\"_blank\">\n<img src=\"https:\/\/justicapotiguar.com.br\/wp-content\/uploads\/2023\/09\/mobile-geral.gif\"\/><a\/>--><\/div><style type=\"text\/css\">\r\n.exsfu69f165bad81f7 {\r\ntext-align: center;\r\n}\r\n@media screen and (min-width: 1201px) {\r\n.exsfu69f165bad81f7 {\r\ndisplay: none;\r\n}\r\n}\r\n@media screen and (min-width: 993px) and (max-width: 1200px) {\r\n.exsfu69f165bad81f7 {\r\ndisplay: none;\r\n}\r\n}\r\n@media screen and (min-width: 769px) and (max-width: 992px) {\r\n.exsfu69f165bad81f7 {\r\ndisplay: none;\r\n}\r\n}\r\n@media screen and (min-width: 768px) and (max-width: 768px) {\r\n.exsfu69f165bad81f7 {\r\ndisplay: block;\r\n}\r\n}\r\n@media screen and (max-width: 767px) {\r\n.exsfu69f165bad81f7 {\r\ndisplay: block;\r\n}\r\n}\r\n<\/style>\r\n<div class=\"clcjz69f165bad81de\" ><!--<a href=\"https:\/\/bit.ly\/3QdrqTZ\" target=\"_blank\">\n<img src=\"https:\/\/justicapotiguar.com.br\/wp-content\/uploads\/2023\/09\/desktop-geral.gif\"\/><a\/>--><\/div><style type=\"text\/css\">\r\n.clcjz69f165bad81de {\r\ntext-align: center;\nmargin-bottom: 1em;\r\n}\r\n@media screen and (min-width: 1201px) {\r\n.clcjz69f165bad81de {\r\ndisplay: block;\r\n}\r\n}\r\n@media screen and (min-width: 993px) and (max-width: 1200px) {\r\n.clcjz69f165bad81de {\r\ndisplay: block;\r\n}\r\n}\r\n@media screen and (min-width: 769px) and (max-width: 992px) {\r\n.clcjz69f165bad81de {\r\ndisplay: block;\r\n}\r\n}\r\n@media screen and (min-width: 768px) and (max-width: 768px) {\r\n.clcjz69f165bad81de {\r\ndisplay: none;\r\n}\r\n}\r\n@media screen and (max-width: 767px) {\r\n.clcjz69f165bad81de {\r\ndisplay: none;\r\n}\r\n}\r\n<\/style>\r\n\n\n\n\n<p>Em outro trecho da decis\u00e3o, C\u00e1rmen L\u00facia diz que &#8220;o cen\u00e1rio exposto de fatos contr\u00e1rios ao direito, \u00e0 moralidade p\u00fablica e \u00e0 seriedade republicana imp\u00f5e a presente investiga\u00e7\u00e3o penal como atendimento de incontorn\u00e1vel dever jur\u00eddico do Estado e constitui resposta obrigat\u00f3ria do Estado \u00e0 sociedade, que espera o esclarecimento e as provid\u00eancias jur\u00eddicas do que se cont\u00e9m na not\u00edcia do crime&#8221;.<\/p>\n\n\n\n<p>&#8220;Defiro o pedido da Procuradoria-Geral da Rep\u00fablica e determino a instaura\u00e7\u00e3o de inqu\u00e9rito em desfavor de Milton Ribeiro, Ministro de Estado da Educa\u00e7\u00e3o, para apurar os fatos descritos, que indicam poss\u00edvel pr\u00e1tica de crimes&#8221;, escreveu. A ministra ainda autorizou a tomada dos depoimentos do ministro, dos pastores Arilton Moura e Gilmar Santos e dos prefeitos que relataram pedidos de propina em troca da libera\u00e7\u00e3o de recursos do minist\u00e9rio.<\/p>\n\n\n\n<p>O Globo<\/p>\n","protected":false},"excerpt":{"rendered":"<p>A ministra do Supremo Tribunal Federal (STF) C\u00e1rmen L\u00facia autorizou abertura de inqu\u00e9rito para apurar suspeitas contra o ministro da Educa\u00e7\u00e3o Milton Ribeiro, envolvendo a atua\u00e7\u00e3o de dois pastores na libera\u00e7\u00e3o de recursos do minist\u00e9rio para prefeituras de aliados. A solicita\u00e7\u00e3o havia sido feita pelo procurador-geral da Rep\u00fablica Augusto Aras na quarta-feira. Em outra decis\u00e3o,<br \/><a class=\"more-link\" href=\"https:\/\/justicapotiguar.com.br\/index.php\/2022\/03\/25\/carmen-lucia-autoriza-abertura-de-inquerito-para-apurar-suspeitas-contra-ministro-da-educacao\/\">Mais&#8230;<\/a><\/p>\n","protected":false},"author":5,"featured_media":0,"comment_status":"open","ping_status":"open","sticky":false,"template":"","format":"standard","meta":[],"categories":[1],"tags":[],"_links":{"self":[{"href":"https:\/\/justicapotiguar.com.br\/index.php\/wp-json\/wp\/v2\/posts\/25197"}],"collection":[{"href":"https:\/\/justicapotiguar.com.br\/index.php\/wp-json\/wp\/v2\/posts"}],"about":[{"href":"https:\/\/justicapotiguar.com.br\/index.php\/wp-json\/wp\/v2\/types\/post"}],"author":[{"embeddable":true,"href":"https:\/\/justicapotiguar.com.br\/index.php\/wp-json\/wp\/v2\/users\/5"}],"replies":[{"embeddable":true,"href":"https:\/\/justicapotiguar.com.br\/index.php\/wp-json\/wp\/v2\/comments?post=25197"}],"version-history":[{"count":1,"href":"https:\/\/justicapotiguar.com.br\/index.php\/wp-json\/wp\/v2\/posts\/25197\/revisions"}],"predecessor-version":[{"id":25198,"href":"https:\/\/justicapotiguar.com.br\/index.php\/wp-json\/wp\/v2\/posts\/25197\/revisions\/25198"}],"wp:attachment":[{"href":"https:\/\/justicapotiguar.com.br\/index.php\/wp-json\/wp\/v2\/media?parent=25197"}],"wp:term":[{"taxonomy":"category","embeddable":true,"href":"https:\/\/justicapotiguar.com.br\/index.php\/wp-json\/wp\/v2\/categories?post=25197"},{"taxonomy":"post_tag","embeddable":true,"href":"https:\/\/justicapotiguar.com.br\/index.php\/wp-json\/wp\/v2\/tags?post=25197"}],"curies":[{"name":"wp","href":"https:\/\/api.w.org\/{rel}","templated":true}]}}