{"id":25185,"date":"2022-03-24T15:44:07","date_gmt":"2022-03-24T18:44:07","guid":{"rendered":"https:\/\/justicapotiguar.com.br\/?p=25185"},"modified":"2022-03-24T15:44:07","modified_gmt":"2022-03-24T18:44:07","slug":"dpu-pede-para-supremo-manter-suspensao-de-despejos-por-mais-seis-meses","status":"publish","type":"post","link":"https:\/\/justicapotiguar.com.br\/index.php\/2022\/03\/24\/dpu-pede-para-supremo-manter-suspensao-de-despejos-por-mais-seis-meses\/","title":{"rendered":"DPU pede para Supremo manter suspens\u00e3o de despejos por mais seis meses"},"content":{"rendered":"\n<p>A&nbsp;Defensoria P\u00fablica da Uni\u00e3o (DPU), nesta ter\u00e7a-feira (22\/3), pediu ao Supremo Tribunal Federal a prorroga\u00e7\u00e3o&nbsp;por mais seis meses&nbsp;da suspens\u00e3o de despejos e desocupa\u00e7\u00f5es no pa\u00eds em meio \u00e0 crise da Covid-19. Tais&nbsp;regras est\u00e3o prestes a perder a validade, no pr\u00f3ximo dia 31.<\/p>\n\n\n\n<figure class=\"wp-block-image\"><img src=\"https:\/\/www.conjur.com.br\/img\/b\/despejo-111020122.jpeg\" alt=\"\"\/><figcaption>Os despejos est\u00e3o suspensos desde<br>o m\u00eas de junho do ano passado<\/figcaption><\/figure>\n\n\n\n<p>Os despejos em&nbsp;im\u00f3veis de \u00e1reas urbanas e rurais est\u00e3o suspensos desde junho do \u00faltimo ano, por&nbsp;<a href=\"https:\/\/www.conjur.com.br\/2021-jun-03\/stf-suspende-meses-desocupacoes-areas-coletivas\" target=\"_blank\" rel=\"noreferrer noopener\">ordem do ministro<\/a>&nbsp;Lu\u00eds Roberto Barroso. A medida valia at\u00e9 dezembro, mas naquele mesmo m\u00eas a&nbsp;<a href=\"https:\/\/www.conjur.com.br\/2021-dez-09\/stf-suspende-despejos-desocupacoes-marco-2022\" target=\"_blank\" rel=\"noreferrer noopener\">decis\u00e3o foi prolongada<\/a>&nbsp;at\u00e9 o final de mar\u00e7o de 2022.<\/p>\n\n\n\n<p>A peti\u00e7\u00e3o enviada ao STF pela DPU \u00e9 tamb\u00e9m assinada pelo&nbsp;Grupo de Atua\u00e7\u00e3o Estrat\u00e9gica das Defensorias P\u00fablicas Estaduais e Distrital nos Tribunais Superiores (Gaets) e&nbsp;o Instituto Brasileiro de Direito Urban\u00edstico (IBDU).<\/p>\n\n\n\n<p>O pedido se baseia na terceira onda da crise sanit\u00e1ria, causada pela variante \u00f4micron do coronav\u00edrus. De acordo com o&nbsp;defensor p\u00fablico federal Bruno Arruda, ainda s\u00e3o sens\u00edveis os efeitos econ\u00f4micos na popula\u00e7\u00e3o mais carente, sujeita \u00e0 inseguran\u00e7a alimentar e ao desabrigamento.<\/p><div class=\"ciegy69f165c529dfa\" ><!--<a href=\"https:\/\/bit.ly\/3QdrqTZ\" target=\"_blank\">\n<img src=\"https:\/\/justicapotiguar.com.br\/wp-content\/uploads\/2023\/09\/mobile-geral.gif\"\/><a\/>--><\/div><style type=\"text\/css\">\r\n.ciegy69f165c529dfa {\r\ntext-align: center;\r\n}\r\n@media screen and (min-width: 1201px) {\r\n.ciegy69f165c529dfa {\r\ndisplay: none;\r\n}\r\n}\r\n@media screen and (min-width: 993px) and (max-width: 1200px) {\r\n.ciegy69f165c529dfa {\r\ndisplay: none;\r\n}\r\n}\r\n@media screen and (min-width: 769px) and (max-width: 992px) {\r\n.ciegy69f165c529dfa {\r\ndisplay: none;\r\n}\r\n}\r\n@media screen and (min-width: 768px) and (max-width: 768px) {\r\n.ciegy69f165c529dfa {\r\ndisplay: block;\r\n}\r\n}\r\n@media screen and (max-width: 767px) {\r\n.ciegy69f165c529dfa {\r\ndisplay: block;\r\n}\r\n}\r\n<\/style>\r\n<div class=\"svely69f165c529de6\" ><!--<a href=\"https:\/\/bit.ly\/3QdrqTZ\" target=\"_blank\">\n<img src=\"https:\/\/justicapotiguar.com.br\/wp-content\/uploads\/2023\/09\/desktop-geral.gif\"\/><a\/>--><\/div><style type=\"text\/css\">\r\n.svely69f165c529de6 {\r\ntext-align: center;\nmargin-bottom: 1em;\r\n}\r\n@media screen and (min-width: 1201px) {\r\n.svely69f165c529de6 {\r\ndisplay: block;\r\n}\r\n}\r\n@media screen and (min-width: 993px) and (max-width: 1200px) {\r\n.svely69f165c529de6 {\r\ndisplay: block;\r\n}\r\n}\r\n@media screen and (min-width: 769px) and (max-width: 992px) {\r\n.svely69f165c529de6 {\r\ndisplay: block;\r\n}\r\n}\r\n@media screen and (min-width: 768px) and (max-width: 768px) {\r\n.svely69f165c529de6 {\r\ndisplay: none;\r\n}\r\n}\r\n@media screen and (max-width: 767px) {\r\n.svely69f165c529de6 {\r\ndisplay: none;\r\n}\r\n}\r\n<\/style>\r\n\n\n\n\n<p>&#8220;Ainda existem desigualdades sociais e regionais na cobertura vacinal a indicar o prolongamento da pandemia no Brasil. Portanto, a preocupa\u00e7\u00e3o das institui\u00e7\u00f5es \u00e9 que esse cen\u00e1rio seja considerado pelo STF ao decidir sobre o momento socialmente adequado para se permitir a retomada das remo\u00e7\u00f5es for\u00e7adas&#8221;, afirma Arruda.<\/p>\n\n\n\n<p>O documento encaminhado ao Supremo cita as fortes chuvas&nbsp;que deixaram centenas de fam\u00edlias desabrigadas nos estados da Bahia, de Minas Gerais, do Rio de Janeiro e de S\u00e3o Paulo. Tamb\u00e9m ressalta que o fim das regras exigiria um maior atendimento \u00e0 popula\u00e7\u00e3o de rua, por meio de abrigos coletivos, por exemplo.<\/p>\n\n\n\n<p>Para os signat\u00e1rios, o cumprimento de remo\u00e7\u00f5es for\u00e7adas s\u00f3 pode ocorrer em hip\u00f3teses excepcionais, e ap\u00f3s audi\u00eancias de media\u00e7\u00e3o e reuni\u00f5es administrativas para encontrar solu\u00e7\u00f5es que garantam os direitos humanos.&nbsp;<em>Com informa\u00e7\u00f5es da assessoria de imprensa da DPU<\/em>.<\/p>\n\n\n\n<p><strong>Clique&nbsp;<a href=\"https:\/\/www.conjur.com.br\/dl\/dpu-stf-manter-suspensao-despejos-meses.pdf\" target=\"_blank\" rel=\"noreferrer noopener\">aqui<\/a>&nbsp;para ler a peti\u00e7\u00e3o<\/strong><br><strong>ADPF&nbsp;828<\/strong><\/p>\n","protected":false},"excerpt":{"rendered":"<p>A&nbsp;Defensoria P\u00fablica da Uni\u00e3o (DPU), nesta ter\u00e7a-feira (22\/3), pediu ao Supremo Tribunal Federal a prorroga\u00e7\u00e3o&nbsp;por mais seis meses&nbsp;da suspens\u00e3o de despejos e desocupa\u00e7\u00f5es no pa\u00eds em meio \u00e0 crise da Covid-19. Tais&nbsp;regras est\u00e3o prestes a perder a validade, no pr\u00f3ximo dia 31. Os despejos em&nbsp;im\u00f3veis de \u00e1reas urbanas e rurais est\u00e3o suspensos desde junho do<br \/><a class=\"more-link\" href=\"https:\/\/justicapotiguar.com.br\/index.php\/2022\/03\/24\/dpu-pede-para-supremo-manter-suspensao-de-despejos-por-mais-seis-meses\/\">Mais&#8230;<\/a><\/p>\n","protected":false},"author":5,"featured_media":0,"comment_status":"open","ping_status":"open","sticky":false,"template":"","format":"standard","meta":[],"categories":[1],"tags":[],"_links":{"self":[{"href":"https:\/\/justicapotiguar.com.br\/index.php\/wp-json\/wp\/v2\/posts\/25185"}],"collection":[{"href":"https:\/\/justicapotiguar.com.br\/index.php\/wp-json\/wp\/v2\/posts"}],"about":[{"href":"https:\/\/justicapotiguar.com.br\/index.php\/wp-json\/wp\/v2\/types\/post"}],"author":[{"embeddable":true,"href":"https:\/\/justicapotiguar.com.br\/index.php\/wp-json\/wp\/v2\/users\/5"}],"replies":[{"embeddable":true,"href":"https:\/\/justicapotiguar.com.br\/index.php\/wp-json\/wp\/v2\/comments?post=25185"}],"version-history":[{"count":1,"href":"https:\/\/justicapotiguar.com.br\/index.php\/wp-json\/wp\/v2\/posts\/25185\/revisions"}],"predecessor-version":[{"id":25186,"href":"https:\/\/justicapotiguar.com.br\/index.php\/wp-json\/wp\/v2\/posts\/25185\/revisions\/25186"}],"wp:attachment":[{"href":"https:\/\/justicapotiguar.com.br\/index.php\/wp-json\/wp\/v2\/media?parent=25185"}],"wp:term":[{"taxonomy":"category","embeddable":true,"href":"https:\/\/justicapotiguar.com.br\/index.php\/wp-json\/wp\/v2\/categories?post=25185"},{"taxonomy":"post_tag","embeddable":true,"href":"https:\/\/justicapotiguar.com.br\/index.php\/wp-json\/wp\/v2\/tags?post=25185"}],"curies":[{"name":"wp","href":"https:\/\/api.w.org\/{rel}","templated":true}]}}