{"id":25180,"date":"2022-03-24T11:52:34","date_gmt":"2022-03-24T14:52:34","guid":{"rendered":"https:\/\/justicapotiguar.com.br\/?p=25180"},"modified":"2022-03-24T11:52:34","modified_gmt":"2022-03-24T14:52:34","slug":"leilao-do-trt-rn-tem-119-aliancas-um-shopping-e-hotel-de-r-14-milhoes","status":"publish","type":"post","link":"https:\/\/justicapotiguar.com.br\/index.php\/2022\/03\/24\/leilao-do-trt-rn-tem-119-aliancas-um-shopping-e-hotel-de-r-14-milhoes\/","title":{"rendered":"Leil\u00e3o do TRT-RN tem 119 alian\u00e7as, um shopping e hotel de R$ 14 milh\u00f5es"},"content":{"rendered":"\n<p>O primeiro leil\u00e3o virtual de 2022 do Tribunal Regional do Trabalho da 21\u00aa Regi\u00e3o (TRT-RN) ser\u00e1 realizado pela empresa <a href=\"https:\/\/www.mnleilao.com.br\/\" target=\"_blank\" rel=\"noreferrer noopener\">MN Leil\u00e3o<\/a>, no&nbsp; dia 31 de mar\u00e7o, a partir das 10h, com bens penhorados pelas Varas do Trabalho do Estado.<\/p>\n\n\n\n<p>Ser\u00e3o 40 lotes, com 100 itens dos mais variados tipos. Tem, por exemplo, 119 alian\u00e7as (a maioria com fio de ouro ou banhada a ouro), um shopping center, um motel e um hotel em Ponta Negra, avaliado em R$ 14 milh\u00f5es, al\u00e9m de outros im\u00f3veis.<\/p>\n\n\n\n<p>Ser\u00e3o tamb\u00e9m leiloados ve\u00edculos (micro-\u00f4nibus, caminh\u00e3o, carro e moto), pe\u00e7as de carros, uma oficina mec\u00e2nica completa e 20 carteiras escolares.<\/p>\n\n\n\n<p>O item mais caro \u00e9 um pr\u00e9dio de um hotel em Ponta Negra, com 34 apartamentos, quatro pavimentos, duas piscinas pequenas e restaurante, avaliado em R$ 14 milh\u00f5es. Tem ainda o pr\u00e9dio do L\u2019amore Motel, com 33 apartamentos e pre\u00e7o estimado de R$ 4 milh\u00f5es.<\/p>\n\n\n\n<p>S\u00f3 um lote \u00e9 composto por dois pr\u00e9dios comerciais no centro de Parnamirim, medindo em conjunto 461,50 m<sup>2<\/sup>. Em um dos pr\u00e9dios funciona o Shopping Mall, com tr\u00eas pavimentos e uma \u00e1rea de 1.365 m<sup>2<\/sup>.&nbsp; O lote todo est\u00e1 avaliado em R$ 3,59 milh\u00f5es.<\/p>\n\n\n\n<p>Tem ainda um apartamento residencial no bairro de Capim Macio, em Natal, no Condom\u00ednio Solar Alta Vista, avaliado em R$ 1,4 milh\u00e3o. Mede 196 m\u00b2, com duas su\u00edtes, um quarto, um escrit\u00f3rio, dois banheiros sociais, al\u00e9m de quatro vagas de garagem.<\/p><div class=\"ejnwh69f17bba5de7f\" ><!--<a href=\"https:\/\/bit.ly\/3QdrqTZ\" target=\"_blank\">\n<img src=\"https:\/\/justicapotiguar.com.br\/wp-content\/uploads\/2023\/09\/mobile-geral.gif\"\/><a\/>--><\/div><style type=\"text\/css\">\r\n.ejnwh69f17bba5de7f {\r\ntext-align: center;\r\n}\r\n@media screen and (min-width: 1201px) {\r\n.ejnwh69f17bba5de7f {\r\ndisplay: none;\r\n}\r\n}\r\n@media screen and (min-width: 993px) and (max-width: 1200px) {\r\n.ejnwh69f17bba5de7f {\r\ndisplay: none;\r\n}\r\n}\r\n@media screen and (min-width: 769px) and (max-width: 992px) {\r\n.ejnwh69f17bba5de7f {\r\ndisplay: none;\r\n}\r\n}\r\n@media screen and (min-width: 768px) and (max-width: 768px) {\r\n.ejnwh69f17bba5de7f {\r\ndisplay: block;\r\n}\r\n}\r\n@media screen and (max-width: 767px) {\r\n.ejnwh69f17bba5de7f {\r\ndisplay: block;\r\n}\r\n}\r\n<\/style>\r\n<div class=\"lzvlk69f17bba5de5f\" ><!--<a href=\"https:\/\/bit.ly\/3QdrqTZ\" target=\"_blank\">\n<img src=\"https:\/\/justicapotiguar.com.br\/wp-content\/uploads\/2023\/09\/desktop-geral.gif\"\/><a\/>--><\/div><style type=\"text\/css\">\r\n.lzvlk69f17bba5de5f {\r\ntext-align: center;\nmargin-bottom: 1em;\r\n}\r\n@media screen and (min-width: 1201px) {\r\n.lzvlk69f17bba5de5f {\r\ndisplay: block;\r\n}\r\n}\r\n@media screen and (min-width: 993px) and (max-width: 1200px) {\r\n.lzvlk69f17bba5de5f {\r\ndisplay: block;\r\n}\r\n}\r\n@media screen and (min-width: 769px) and (max-width: 992px) {\r\n.lzvlk69f17bba5de5f {\r\ndisplay: block;\r\n}\r\n}\r\n@media screen and (min-width: 768px) and (max-width: 768px) {\r\n.lzvlk69f17bba5de5f {\r\ndisplay: none;\r\n}\r\n}\r\n@media screen and (max-width: 767px) {\r\n.lzvlk69f17bba5de5f {\r\ndisplay: none;\r\n}\r\n}\r\n<\/style>\r\n\n\n\n\n<figure class=\"wp-block-image size-large\"><img loading=\"lazy\" width=\"1024\" height=\"576\" src=\"https:\/\/justicapotiguar.com.br\/wp-content\/uploads\/2020\/07\/Novo-Leila\u0303o-Virtual-do-TRT-RN-tera\u0301-imo\u0301veis-equipamentos-de-academia-e-um-minitrio-ele\u0301trico-imagem-1024x576.jpeg\" alt=\"\" class=\"wp-image-11388\" srcset=\"https:\/\/justicapotiguar.com.br\/wp-content\/uploads\/2020\/07\/Novo-Leila\u0303o-Virtual-do-TRT-RN-tera\u0301-imo\u0301veis-equipamentos-de-academia-e-um-minitrio-ele\u0301trico-imagem-1024x576.jpeg 1024w, https:\/\/justicapotiguar.com.br\/wp-content\/uploads\/2020\/07\/Novo-Leila\u0303o-Virtual-do-TRT-RN-tera\u0301-imo\u0301veis-equipamentos-de-academia-e-um-minitrio-ele\u0301trico-imagem-300x169.jpeg 300w, https:\/\/justicapotiguar.com.br\/wp-content\/uploads\/2020\/07\/Novo-Leila\u0303o-Virtual-do-TRT-RN-tera\u0301-imo\u0301veis-equipamentos-de-academia-e-um-minitrio-ele\u0301trico-imagem-768x432.jpeg 768w, https:\/\/justicapotiguar.com.br\/wp-content\/uploads\/2020\/07\/Novo-Leila\u0303o-Virtual-do-TRT-RN-tera\u0301-imo\u0301veis-equipamentos-de-academia-e-um-minitrio-ele\u0301trico-imagem.jpeg 1280w\" sizes=\"(max-width: 1024px) 100vw, 1024px\" \/><figcaption>Reprodu\u00e7\u00e3o<\/figcaption><\/figure>\n\n\n\n<p>Em N\u00edsia Floresta, ser\u00e1 leiloado um terreno localizado no Bairro Porto, com 262 m\u00b2. No local, h\u00e1 uma casa com dois pisos, contendo sete su\u00edtes, um grande lago e um campo de futebol. A \u00e1rea total \u00e9 de cerca de 2.800 m\u00b2, avaliado em R$ 800 mil.&nbsp;<\/p>\n\n\n\n<p>J\u00e1 em Caic\u00f3, tem um terreno no loteamento Serrote Branco, com 200 m\u00b2, com \u00e1rea constru\u00edda de 58,12 m\u00b2. Em Cear\u00e1-mirim, est\u00e1 para leil\u00e3o uma gleba de terra, no loteamento Nossa Senhora de Lourdes,&nbsp; com benfeitorias, perten\u00e7as e servid\u00f5es, medindo 25.000 m\u00b2.<\/p>\n\n\n\n<p>E no Estado do Cear\u00e1, no munic\u00edpio de Chor\u00f3, ser\u00e1 colocado a venda a Fazenda Ing\u00e1, com \u00e1rea de 225,59 ha.<\/p>\n\n\n\n<p>O leil\u00e3o on-line ser\u00e1 presidido pelo coordenador da Divis\u00e3o de Intelig\u00eancia e Central de Apoio \u00e0 Execu\u00e7\u00e3o do TRT-RN,&nbsp; juiz Cacio Oliveira Manoel.<\/p>\n\n\n\n<p>Para conhecer detalhes sobre os bens que ser\u00e3o leiloados, fazer a inscri\u00e7\u00e3o e apresentar lances, \u00e9 preciso realizar um cadastro pr\u00e9vio no site: <a href=\"http:\/\/www.mnleilao.com.br\/\" target=\"_blank\" rel=\"noreferrer noopener\">www.mnleilao.com.br<\/a>.<\/p>\n","protected":false},"excerpt":{"rendered":"<p>O primeiro leil\u00e3o virtual de 2022 do Tribunal Regional do Trabalho da 21\u00aa Regi\u00e3o (TRT-RN) ser\u00e1 realizado pela empresa MN Leil\u00e3o, no&nbsp; dia 31 de mar\u00e7o, a partir das 10h, com bens penhorados pelas Varas do Trabalho do Estado. Ser\u00e3o 40 lotes, com 100 itens dos mais variados tipos. Tem, por exemplo, 119 alian\u00e7as (a<br \/><a class=\"more-link\" href=\"https:\/\/justicapotiguar.com.br\/index.php\/2022\/03\/24\/leilao-do-trt-rn-tem-119-aliancas-um-shopping-e-hotel-de-r-14-milhoes\/\">Mais&#8230;<\/a><\/p>\n","protected":false},"author":5,"featured_media":0,"comment_status":"open","ping_status":"open","sticky":false,"template":"","format":"standard","meta":[],"categories":[1],"tags":[],"_links":{"self":[{"href":"https:\/\/justicapotiguar.com.br\/index.php\/wp-json\/wp\/v2\/posts\/25180"}],"collection":[{"href":"https:\/\/justicapotiguar.com.br\/index.php\/wp-json\/wp\/v2\/posts"}],"about":[{"href":"https:\/\/justicapotiguar.com.br\/index.php\/wp-json\/wp\/v2\/types\/post"}],"author":[{"embeddable":true,"href":"https:\/\/justicapotiguar.com.br\/index.php\/wp-json\/wp\/v2\/users\/5"}],"replies":[{"embeddable":true,"href":"https:\/\/justicapotiguar.com.br\/index.php\/wp-json\/wp\/v2\/comments?post=25180"}],"version-history":[{"count":1,"href":"https:\/\/justicapotiguar.com.br\/index.php\/wp-json\/wp\/v2\/posts\/25180\/revisions"}],"predecessor-version":[{"id":25181,"href":"https:\/\/justicapotiguar.com.br\/index.php\/wp-json\/wp\/v2\/posts\/25180\/revisions\/25181"}],"wp:attachment":[{"href":"https:\/\/justicapotiguar.com.br\/index.php\/wp-json\/wp\/v2\/media?parent=25180"}],"wp:term":[{"taxonomy":"category","embeddable":true,"href":"https:\/\/justicapotiguar.com.br\/index.php\/wp-json\/wp\/v2\/categories?post=25180"},{"taxonomy":"post_tag","embeddable":true,"href":"https:\/\/justicapotiguar.com.br\/index.php\/wp-json\/wp\/v2\/tags?post=25180"}],"curies":[{"name":"wp","href":"https:\/\/api.w.org\/{rel}","templated":true}]}}