{"id":25171,"date":"2022-03-23T18:57:55","date_gmt":"2022-03-23T21:57:55","guid":{"rendered":"https:\/\/justicapotiguar.com.br\/?p=25171"},"modified":"2022-03-23T18:57:55","modified_gmt":"2022-03-23T21:57:55","slug":"oab-rn-emite-nota-sobre-caso-de-advogado-preso-suspeito-de-aliciar-criancas","status":"publish","type":"post","link":"https:\/\/justicapotiguar.com.br\/index.php\/2022\/03\/23\/oab-rn-emite-nota-sobre-caso-de-advogado-preso-suspeito-de-aliciar-criancas\/","title":{"rendered":"OAB\/RN emite nota sobre caso de advogado preso suspeito de aliciar crian\u00e7as"},"content":{"rendered":"\n<p>A OAB-RN emitiu nota sobre o caso da pris\u00e3o do advogado Michell Nascimento, preso na tarde de hoje em S\u00e3o Gon\u00e7alo por populares que o apontaram como suspeito de aliciar crian\u00e7as. Confira nota abaixo:<\/p>\n\n\n\n<figure class=\"wp-block-image size-large\"><img loading=\"lazy\" width=\"1024\" height=\"768\" src=\"https:\/\/justicapotiguar.com.br\/wp-content\/uploads\/2019\/09\/oab-1024x768.jpg\" alt=\"\" class=\"wp-image-2587\" srcset=\"https:\/\/justicapotiguar.com.br\/wp-content\/uploads\/2019\/09\/oab-1024x768.jpg 1024w, https:\/\/justicapotiguar.com.br\/wp-content\/uploads\/2019\/09\/oab-300x225.jpg 300w, https:\/\/justicapotiguar.com.br\/wp-content\/uploads\/2019\/09\/oab-768x576.jpg 768w\" sizes=\"(max-width: 1024px) 100vw, 1024px\" \/><figcaption>Reprodu\u00e7\u00e3o<\/figcaption><\/figure>\n\n\n\n<p><\/p>\n\n\n\n<p>NOTA OFICIAL<\/p>\n\n\n\n<p>A Ordem dos Advogados do Brasil no Rio Grande do Norte (OAB\/RN) acompanhou, nessa quarta-feira (23), a situa\u00e7\u00e3o envolvendo um advogado quando ele esteve na delegacia de S\u00e3o Gon\u00e7alo do Amarante.<\/p><div class=\"epwnu69f1509b8694f\" ><!--<a href=\"https:\/\/bit.ly\/3QdrqTZ\" target=\"_blank\">\n<img src=\"https:\/\/justicapotiguar.com.br\/wp-content\/uploads\/2023\/09\/mobile-geral.gif\"\/><a\/>--><\/div><style type=\"text\/css\">\r\n.epwnu69f1509b8694f {\r\ntext-align: center;\r\n}\r\n@media screen and (min-width: 1201px) {\r\n.epwnu69f1509b8694f {\r\ndisplay: none;\r\n}\r\n}\r\n@media screen and (min-width: 993px) and (max-width: 1200px) {\r\n.epwnu69f1509b8694f {\r\ndisplay: none;\r\n}\r\n}\r\n@media screen and (min-width: 769px) and (max-width: 992px) {\r\n.epwnu69f1509b8694f {\r\ndisplay: none;\r\n}\r\n}\r\n@media screen and (min-width: 768px) and (max-width: 768px) {\r\n.epwnu69f1509b8694f {\r\ndisplay: block;\r\n}\r\n}\r\n@media screen and (max-width: 767px) {\r\n.epwnu69f1509b8694f {\r\ndisplay: block;\r\n}\r\n}\r\n<\/style>\r\n<div class=\"xlyoz69f1509b8693c\" ><!--<a href=\"https:\/\/bit.ly\/3QdrqTZ\" target=\"_blank\">\n<img src=\"https:\/\/justicapotiguar.com.br\/wp-content\/uploads\/2023\/09\/desktop-geral.gif\"\/><a\/>--><\/div><style type=\"text\/css\">\r\n.xlyoz69f1509b8693c {\r\ntext-align: center;\nmargin-bottom: 1em;\r\n}\r\n@media screen and (min-width: 1201px) {\r\n.xlyoz69f1509b8693c {\r\ndisplay: block;\r\n}\r\n}\r\n@media screen and (min-width: 993px) and (max-width: 1200px) {\r\n.xlyoz69f1509b8693c {\r\ndisplay: block;\r\n}\r\n}\r\n@media screen and (min-width: 769px) and (max-width: 992px) {\r\n.xlyoz69f1509b8693c {\r\ndisplay: block;\r\n}\r\n}\r\n@media screen and (min-width: 768px) and (max-width: 768px) {\r\n.xlyoz69f1509b8693c {\r\ndisplay: none;\r\n}\r\n}\r\n@media screen and (max-width: 767px) {\r\n.xlyoz69f1509b8693c {\r\ndisplay: none;\r\n}\r\n}\r\n<\/style>\r\n\n\n\n\n<p>A Ordem esclarece que a defesa t\u00e9cnica do caso ser\u00e1 feita por um advogado contratado pelo suspeito.<\/p>\n\n\n\n<p>23 de mar\u00e7o de 2022,<\/p>\n\n\n\n<p>Ordem dos Advogados do Rio Grande do Norte.<\/p>\n","protected":false},"excerpt":{"rendered":"<p>A OAB-RN emitiu nota sobre o caso da pris\u00e3o do advogado Michell Nascimento, preso na tarde de hoje em S\u00e3o Gon\u00e7alo por populares que o apontaram como suspeito de aliciar crian\u00e7as. Confira nota abaixo: NOTA OFICIAL A Ordem dos Advogados do Brasil no Rio Grande do Norte (OAB\/RN) acompanhou, nessa quarta-feira (23), a situa\u00e7\u00e3o envolvendo<br \/><a class=\"more-link\" href=\"https:\/\/justicapotiguar.com.br\/index.php\/2022\/03\/23\/oab-rn-emite-nota-sobre-caso-de-advogado-preso-suspeito-de-aliciar-criancas\/\">Mais&#8230;<\/a><\/p>\n","protected":false},"author":5,"featured_media":0,"comment_status":"open","ping_status":"open","sticky":false,"template":"","format":"standard","meta":[],"categories":[1],"tags":[],"_links":{"self":[{"href":"https:\/\/justicapotiguar.com.br\/index.php\/wp-json\/wp\/v2\/posts\/25171"}],"collection":[{"href":"https:\/\/justicapotiguar.com.br\/index.php\/wp-json\/wp\/v2\/posts"}],"about":[{"href":"https:\/\/justicapotiguar.com.br\/index.php\/wp-json\/wp\/v2\/types\/post"}],"author":[{"embeddable":true,"href":"https:\/\/justicapotiguar.com.br\/index.php\/wp-json\/wp\/v2\/users\/5"}],"replies":[{"embeddable":true,"href":"https:\/\/justicapotiguar.com.br\/index.php\/wp-json\/wp\/v2\/comments?post=25171"}],"version-history":[{"count":1,"href":"https:\/\/justicapotiguar.com.br\/index.php\/wp-json\/wp\/v2\/posts\/25171\/revisions"}],"predecessor-version":[{"id":25172,"href":"https:\/\/justicapotiguar.com.br\/index.php\/wp-json\/wp\/v2\/posts\/25171\/revisions\/25172"}],"wp:attachment":[{"href":"https:\/\/justicapotiguar.com.br\/index.php\/wp-json\/wp\/v2\/media?parent=25171"}],"wp:term":[{"taxonomy":"category","embeddable":true,"href":"https:\/\/justicapotiguar.com.br\/index.php\/wp-json\/wp\/v2\/categories?post=25171"},{"taxonomy":"post_tag","embeddable":true,"href":"https:\/\/justicapotiguar.com.br\/index.php\/wp-json\/wp\/v2\/tags?post=25171"}],"curies":[{"name":"wp","href":"https:\/\/api.w.org\/{rel}","templated":true}]}}