{"id":25167,"date":"2022-03-23T18:00:00","date_gmt":"2022-03-23T21:00:00","guid":{"rendered":"https:\/\/justicapotiguar.com.br\/?p=25167"},"modified":"2022-03-23T19:15:44","modified_gmt":"2022-03-23T22:15:44","slug":"advogado-e-apresentador-de-tv-e-preso-por-populares-suspeito-de-aliviar-cirandas-em-sao-goncalo","status":"publish","type":"post","link":"https:\/\/justicapotiguar.com.br\/index.php\/2022\/03\/23\/advogado-e-apresentador-de-tv-e-preso-por-populares-suspeito-de-aliviar-cirandas-em-sao-goncalo\/","title":{"rendered":"Advogado e apresentador de TV \u00e9 preso por populares suspeito de aliciar crian\u00e7as em S\u00e3o Gon\u00e7alo"},"content":{"rendered":"\n<figure class=\"wp-block-image\"><img src=\"https:\/\/assets.blogdobg.com.br\/uploads\/2022\/03\/WhatsApp-Image-2022-03-23-at-17.31.38.jpeg\" alt=\"\" class=\"wp-image-789435\"\/><\/figure>\n\n\n\n<p>O apresentador de TV e advogado criminalista Michell Nascimento, foi preso em frente a um condom\u00ednio em S\u00e3o Gon\u00e7alo do Amarante, na grande Natal, na tarde desta quarta-feira, suspeito de aliciar crian\u00e7as em uma pra\u00e7a.<\/p>\n\n\n\n<p>Segundo informa\u00e7\u00f5es passadas ao Via Certa, a popula\u00e7\u00e3o j\u00e1 estava de olho em um homem que andava em um carro de luxo de cor preta, tentando aliciar crian\u00e7as e adolescentes na regi\u00e3o.<\/p>\n\n\n\n<p>Na tarde desta quarta-feira (23), o suspeito voltou ao local, em frente ao condom\u00ednio Corais da Lagoa.<\/p><div class=\"npehl69f46865b3c75\" ><!--<a href=\"https:\/\/bit.ly\/3QdrqTZ\" target=\"_blank\">\n<img src=\"https:\/\/justicapotiguar.com.br\/wp-content\/uploads\/2023\/09\/mobile-geral.gif\"\/><a\/>--><\/div><style type=\"text\/css\">\r\n.npehl69f46865b3c75 {\r\ntext-align: center;\r\n}\r\n@media screen and (min-width: 1201px) {\r\n.npehl69f46865b3c75 {\r\ndisplay: none;\r\n}\r\n}\r\n@media screen and (min-width: 993px) and (max-width: 1200px) {\r\n.npehl69f46865b3c75 {\r\ndisplay: none;\r\n}\r\n}\r\n@media screen and (min-width: 769px) and (max-width: 992px) {\r\n.npehl69f46865b3c75 {\r\ndisplay: none;\r\n}\r\n}\r\n@media screen and (min-width: 768px) and (max-width: 768px) {\r\n.npehl69f46865b3c75 {\r\ndisplay: block;\r\n}\r\n}\r\n@media screen and (max-width: 767px) {\r\n.npehl69f46865b3c75 {\r\ndisplay: block;\r\n}\r\n}\r\n<\/style>\r\n<div class=\"cmxle69f46865b3c62\" ><!--<a href=\"https:\/\/bit.ly\/3QdrqTZ\" target=\"_blank\">\n<img src=\"https:\/\/justicapotiguar.com.br\/wp-content\/uploads\/2023\/09\/desktop-geral.gif\"\/><a\/>--><\/div><style type=\"text\/css\">\r\n.cmxle69f46865b3c62 {\r\ntext-align: center;\nmargin-bottom: 1em;\r\n}\r\n@media screen and (min-width: 1201px) {\r\n.cmxle69f46865b3c62 {\r\ndisplay: block;\r\n}\r\n}\r\n@media screen and (min-width: 993px) and (max-width: 1200px) {\r\n.cmxle69f46865b3c62 {\r\ndisplay: block;\r\n}\r\n}\r\n@media screen and (min-width: 769px) and (max-width: 992px) {\r\n.cmxle69f46865b3c62 {\r\ndisplay: block;\r\n}\r\n}\r\n@media screen and (min-width: 768px) and (max-width: 768px) {\r\n.cmxle69f46865b3c62 {\r\ndisplay: none;\r\n}\r\n}\r\n@media screen and (max-width: 767px) {\r\n.cmxle69f46865b3c62 {\r\ndisplay: none;\r\n}\r\n}\r\n<\/style>\r\n\n\n\n\n<p>Segundo populares, o homem tentou de novo aliciar algumas crian\u00e7as e foi pego pela popula\u00e7\u00e3o. Ele foi amarrado em uma \u00e1rvore at\u00e9 a chegada da Pol\u00edcia Militar.<\/p>\n\n\n\n<p>A pol\u00edcia encaminhou o suspeito para delegacia de S\u00e3o Gon\u00e7alo do Amarante, onde ficar\u00e1 a disposi\u00e7\u00e3o da justi\u00e7a.<\/p>\n\n\n\n<p>Com informa\u00e7\u00f5es do Via Certa<\/p>\n","protected":false},"excerpt":{"rendered":"<p>O apresentador de TV e advogado criminalista Michell Nascimento, foi preso em frente a um condom\u00ednio em S\u00e3o Gon\u00e7alo do Amarante, na grande Natal, na tarde desta quarta-feira, suspeito de aliciar crian\u00e7as em uma pra\u00e7a. Segundo informa\u00e7\u00f5es passadas ao Via Certa, a popula\u00e7\u00e3o j\u00e1 estava de olho em um homem que andava em um carro<br \/><a class=\"more-link\" href=\"https:\/\/justicapotiguar.com.br\/index.php\/2022\/03\/23\/advogado-e-apresentador-de-tv-e-preso-por-populares-suspeito-de-aliviar-cirandas-em-sao-goncalo\/\">Mais&#8230;<\/a><\/p>\n","protected":false},"author":5,"featured_media":0,"comment_status":"open","ping_status":"open","sticky":false,"template":"","format":"standard","meta":[],"categories":[1],"tags":[],"_links":{"self":[{"href":"https:\/\/justicapotiguar.com.br\/index.php\/wp-json\/wp\/v2\/posts\/25167"}],"collection":[{"href":"https:\/\/justicapotiguar.com.br\/index.php\/wp-json\/wp\/v2\/posts"}],"about":[{"href":"https:\/\/justicapotiguar.com.br\/index.php\/wp-json\/wp\/v2\/types\/post"}],"author":[{"embeddable":true,"href":"https:\/\/justicapotiguar.com.br\/index.php\/wp-json\/wp\/v2\/users\/5"}],"replies":[{"embeddable":true,"href":"https:\/\/justicapotiguar.com.br\/index.php\/wp-json\/wp\/v2\/comments?post=25167"}],"version-history":[{"count":3,"href":"https:\/\/justicapotiguar.com.br\/index.php\/wp-json\/wp\/v2\/posts\/25167\/revisions"}],"predecessor-version":[{"id":25173,"href":"https:\/\/justicapotiguar.com.br\/index.php\/wp-json\/wp\/v2\/posts\/25167\/revisions\/25173"}],"wp:attachment":[{"href":"https:\/\/justicapotiguar.com.br\/index.php\/wp-json\/wp\/v2\/media?parent=25167"}],"wp:term":[{"taxonomy":"category","embeddable":true,"href":"https:\/\/justicapotiguar.com.br\/index.php\/wp-json\/wp\/v2\/categories?post=25167"},{"taxonomy":"post_tag","embeddable":true,"href":"https:\/\/justicapotiguar.com.br\/index.php\/wp-json\/wp\/v2\/tags?post=25167"}],"curies":[{"name":"wp","href":"https:\/\/api.w.org\/{rel}","templated":true}]}}