{"id":25163,"date":"2022-03-23T16:11:00","date_gmt":"2022-03-23T19:11:00","guid":{"rendered":"https:\/\/justicapotiguar.com.br\/?p=25163"},"modified":"2022-03-23T16:11:10","modified_gmt":"2022-03-23T19:11:10","slug":"pesquisa-revela-que-menos-jovens-tem-interesse-em-registrar-titulo-de-eleitor-no-rn","status":"publish","type":"post","link":"https:\/\/justicapotiguar.com.br\/index.php\/2022\/03\/23\/pesquisa-revela-que-menos-jovens-tem-interesse-em-registrar-titulo-de-eleitor-no-rn\/","title":{"rendered":"Pesquisa revela que menos jovens t\u00eam interesse em registrar t\u00edtulo de eleitor no RN"},"content":{"rendered":"\n<figure class=\"wp-block-image size-large\"><img loading=\"lazy\" width=\"1024\" height=\"683\" src=\"https:\/\/justicapotiguar.com.br\/wp-content\/uploads\/2022\/03\/WhatsApp-Image-2022-03-22-at-15.24.57-1024x683-1.jpeg\" alt=\"\" class=\"wp-image-25164\" srcset=\"https:\/\/justicapotiguar.com.br\/wp-content\/uploads\/2022\/03\/WhatsApp-Image-2022-03-22-at-15.24.57-1024x683-1.jpeg 1024w, https:\/\/justicapotiguar.com.br\/wp-content\/uploads\/2022\/03\/WhatsApp-Image-2022-03-22-at-15.24.57-1024x683-1-300x200.jpeg 300w, https:\/\/justicapotiguar.com.br\/wp-content\/uploads\/2022\/03\/WhatsApp-Image-2022-03-22-at-15.24.57-1024x683-1-768x512.jpeg 768w\" sizes=\"(max-width: 1024px) 100vw, 1024px\" \/><figcaption>Reprodu\u00e7\u00e3o<\/figcaption><\/figure>\n\n\n\n<p>Entre os dias 14 e 18 de mar\u00e7o, na Semana do Jovem Eleitor, aconteceu a campanha&nbsp;<em>#Rol\u00eaDasElei\u00e7\u00f5es<\/em>&nbsp;com a finalidade de incentivar pessoas com 16 e 17 anos a registrar o t\u00edtulo de eleitor. At\u00e9 o dia 4 de maio \u00e9 preciso que os eleitores regularizem a situa\u00e7\u00e3o no cart\u00f3rio eleitoral. No caso dos jovens, \u00e9 necess\u00e1rio tirar o t\u00edtulo antes, mas o engajamento das pessoas dessa faixa et\u00e1ria foi o mais baixo da hist\u00f3ria.<\/p>\n\n\n\n<p>Segundo&nbsp;<a href=\"https:\/\/demografiaufrn.net\/2022\/03\/18\/recorde-joven-eleicao\/\" target=\"_blank\" rel=\"noreferrer noopener\">an\u00e1lise do Observat\u00f3rio do Nordeste para An\u00e1lise Sociodemogr\u00e1fica<\/a>&nbsp;(ONAS), do Departamento de Demografia e Ci\u00eancias Atuariais (DDCA) da UFRN, foram percebidas modifica\u00e7\u00f5es na estrutura et\u00e1ria no Brasil, incluindo o Rio Grande do Norte, revelando a diminui\u00e7\u00e3o na quantidade de jovens no pa\u00eds. Chamada de transi\u00e7\u00e3o demogr\u00e1fica, esse processo acontece a partir do momento em que ocorre uma baixa nas taxas de mortalidade, seguida pela queda nas de natalidade. \u201cAl\u00e9m disso, o Brasil se encontra numa etapa de queda acentuada da natalidade\u201d, completa o professor Ricardo Ojima, respons\u00e1vel pela pesquisa.<\/p><div class=\"wbqzj69f15096098fa\" ><!--<a href=\"https:\/\/bit.ly\/3QdrqTZ\" target=\"_blank\">\n<img src=\"https:\/\/justicapotiguar.com.br\/wp-content\/uploads\/2023\/09\/mobile-geral.gif\"\/><a\/>--><\/div><style type=\"text\/css\">\r\n.wbqzj69f15096098fa {\r\ntext-align: center;\r\n}\r\n@media screen and (min-width: 1201px) {\r\n.wbqzj69f15096098fa {\r\ndisplay: none;\r\n}\r\n}\r\n@media screen and (min-width: 993px) and (max-width: 1200px) {\r\n.wbqzj69f15096098fa {\r\ndisplay: none;\r\n}\r\n}\r\n@media screen and (min-width: 769px) and (max-width: 992px) {\r\n.wbqzj69f15096098fa {\r\ndisplay: none;\r\n}\r\n}\r\n@media screen and (min-width: 768px) and (max-width: 768px) {\r\n.wbqzj69f15096098fa {\r\ndisplay: block;\r\n}\r\n}\r\n@media screen and (max-width: 767px) {\r\n.wbqzj69f15096098fa {\r\ndisplay: block;\r\n}\r\n}\r\n<\/style>\r\n<div class=\"raxob69f15096098e4\" ><!--<a href=\"https:\/\/bit.ly\/3QdrqTZ\" target=\"_blank\">\n<img src=\"https:\/\/justicapotiguar.com.br\/wp-content\/uploads\/2023\/09\/desktop-geral.gif\"\/><a\/>--><\/div><style type=\"text\/css\">\r\n.raxob69f15096098e4 {\r\ntext-align: center;\nmargin-bottom: 1em;\r\n}\r\n@media screen and (min-width: 1201px) {\r\n.raxob69f15096098e4 {\r\ndisplay: block;\r\n}\r\n}\r\n@media screen and (min-width: 993px) and (max-width: 1200px) {\r\n.raxob69f15096098e4 {\r\ndisplay: block;\r\n}\r\n}\r\n@media screen and (min-width: 769px) and (max-width: 992px) {\r\n.raxob69f15096098e4 {\r\ndisplay: block;\r\n}\r\n}\r\n@media screen and (min-width: 768px) and (max-width: 768px) {\r\n.raxob69f15096098e4 {\r\ndisplay: none;\r\n}\r\n}\r\n@media screen and (max-width: 767px) {\r\n.raxob69f15096098e4 {\r\ndisplay: none;\r\n}\r\n}\r\n<\/style>\r\n\n\n\n\n<p>Uma das consequ\u00eancias disso \u00e9 o estreitamento da base da pir\u00e2mide, ou seja, a faixa et\u00e1ria mais jovem foi afetada e diminuiu ao longo dos anos. A divulga\u00e7\u00e3o dos gr\u00e1ficos da pir\u00e2mide et\u00e1ria do Rio Grande do Norte em 1970, em compara\u00e7\u00e3o com a de 2010, exp\u00f5e que houve uma menor participa\u00e7\u00e3o infantil, isto \u00e9, a queda das taxas de natalidade no estado ocorre h\u00e1 mais de uma d\u00e9cada. Na pesquisa, \u00e9 poss\u00edvel expor ainda que, desde 2010, houve uma maior participa\u00e7\u00e3o feminina nas elei\u00e7\u00f5es.<\/p>\n","protected":false},"excerpt":{"rendered":"<p>Entre os dias 14 e 18 de mar\u00e7o, na Semana do Jovem Eleitor, aconteceu a campanha&nbsp;#Rol\u00eaDasElei\u00e7\u00f5es&nbsp;com a finalidade de incentivar pessoas com 16 e 17 anos a registrar o t\u00edtulo de eleitor. At\u00e9 o dia 4 de maio \u00e9 preciso que os eleitores regularizem a situa\u00e7\u00e3o no cart\u00f3rio eleitoral. No caso dos jovens, \u00e9 necess\u00e1rio<br \/><a class=\"more-link\" href=\"https:\/\/justicapotiguar.com.br\/index.php\/2022\/03\/23\/pesquisa-revela-que-menos-jovens-tem-interesse-em-registrar-titulo-de-eleitor-no-rn\/\">Mais&#8230;<\/a><\/p>\n","protected":false},"author":5,"featured_media":0,"comment_status":"open","ping_status":"open","sticky":false,"template":"","format":"standard","meta":[],"categories":[1],"tags":[],"_links":{"self":[{"href":"https:\/\/justicapotiguar.com.br\/index.php\/wp-json\/wp\/v2\/posts\/25163"}],"collection":[{"href":"https:\/\/justicapotiguar.com.br\/index.php\/wp-json\/wp\/v2\/posts"}],"about":[{"href":"https:\/\/justicapotiguar.com.br\/index.php\/wp-json\/wp\/v2\/types\/post"}],"author":[{"embeddable":true,"href":"https:\/\/justicapotiguar.com.br\/index.php\/wp-json\/wp\/v2\/users\/5"}],"replies":[{"embeddable":true,"href":"https:\/\/justicapotiguar.com.br\/index.php\/wp-json\/wp\/v2\/comments?post=25163"}],"version-history":[{"count":1,"href":"https:\/\/justicapotiguar.com.br\/index.php\/wp-json\/wp\/v2\/posts\/25163\/revisions"}],"predecessor-version":[{"id":25165,"href":"https:\/\/justicapotiguar.com.br\/index.php\/wp-json\/wp\/v2\/posts\/25163\/revisions\/25165"}],"wp:attachment":[{"href":"https:\/\/justicapotiguar.com.br\/index.php\/wp-json\/wp\/v2\/media?parent=25163"}],"wp:term":[{"taxonomy":"category","embeddable":true,"href":"https:\/\/justicapotiguar.com.br\/index.php\/wp-json\/wp\/v2\/categories?post=25163"},{"taxonomy":"post_tag","embeddable":true,"href":"https:\/\/justicapotiguar.com.br\/index.php\/wp-json\/wp\/v2\/tags?post=25163"}],"curies":[{"name":"wp","href":"https:\/\/api.w.org\/{rel}","templated":true}]}}