{"id":25156,"date":"2022-03-23T10:43:05","date_gmt":"2022-03-23T13:43:05","guid":{"rendered":"https:\/\/justicapotiguar.com.br\/?p=25156"},"modified":"2022-03-23T10:43:05","modified_gmt":"2022-03-23T13:43:05","slug":"novo-prazo-para-inscricoes-de-advogados-para-lista-triplice-para-juiz-suplente-do-tre-rn-e-de-28-de-marco-a-01-de-abril","status":"publish","type":"post","link":"https:\/\/justicapotiguar.com.br\/index.php\/2022\/03\/23\/novo-prazo-para-inscricoes-de-advogados-para-lista-triplice-para-juiz-suplente-do-tre-rn-e-de-28-de-marco-a-01-de-abril\/","title":{"rendered":"Novo prazo para inscri\u00e7\u00f5es de advogados para lista tr\u00edplice para juiz suplente do TRE\/RN \u00e9 de 28 de mar\u00e7o a 01 de abril"},"content":{"rendered":"\n<p>Por meio do Edital N\u00ba 19, de 22 de mar\u00e7o, o Tribunal de Justi\u00e7a (TJRN) torna p\u00fablica a altera\u00e7\u00e3o das datas de inscri\u00e7\u00f5es para advogados e advogadas interessados em concorrer \u00e0 forma\u00e7\u00e3o de lista tr\u00edplice para vaga de membro suplente, classe jurista, do Tribunal Regional Eleitoral (TRE\/RN), em decorr\u00eancia do t\u00e9rmino do bi\u00eanio do advogado Marcello Rocha Lopes. O novo per\u00edodo para as inscri\u00e7\u00f5es \u00e9 de 28 de mar\u00e7o a 01 de abril.&nbsp;<\/p>\n\n\n\n<div class=\"wp-block-image\"><figure class=\"aligncenter size-large\"><img loading=\"lazy\" width=\"602\" height=\"400\" src=\"https:\/\/justicapotiguar.com.br\/wp-content\/uploads\/2019\/08\/TRE-RN.jpg\" alt=\"\" class=\"wp-image-524\" srcset=\"https:\/\/justicapotiguar.com.br\/wp-content\/uploads\/2019\/08\/TRE-RN.jpg 602w, https:\/\/justicapotiguar.com.br\/wp-content\/uploads\/2019\/08\/TRE-RN-300x199.jpg 300w\" sizes=\"(max-width: 602px) 100vw, 602px\" \/><figcaption>Reprodu\u00e7\u00e3o<\/figcaption><\/figure><\/div>\n\n\n\n<p><br>Para ver o edital clique&nbsp;<a href=\"http:\/\/centraldeestagio.tjrn.jus.br\/uploads\/edital_tre_advogados1.pdf\">AQUI<\/a><\/p>\n\n\n\n<p><br>O requerimento de inscri\u00e7\u00e3o deve ser dirigido ao presidente do TJRN e protocolado na Secretaria Geral do Tribunal de forma presencial, no hor\u00e1rio das 8h \u00e0s 14h, localizada na Av. Jer\u00f4nimo C\u00e2mara, n\u00ba 2000, Nossa Senhora de Nazar\u00e9, Natal, RN, CEP 59060-300. Tel.: (84) 3673-8020.&nbsp;<\/p><div class=\"svnwh69f153402ef97\" ><!--<a href=\"https:\/\/bit.ly\/3QdrqTZ\" target=\"_blank\">\n<img src=\"https:\/\/justicapotiguar.com.br\/wp-content\/uploads\/2023\/09\/mobile-geral.gif\"\/><a\/>--><\/div><style type=\"text\/css\">\r\n.svnwh69f153402ef97 {\r\ntext-align: center;\r\n}\r\n@media screen and (min-width: 1201px) {\r\n.svnwh69f153402ef97 {\r\ndisplay: none;\r\n}\r\n}\r\n@media screen and (min-width: 993px) and (max-width: 1200px) {\r\n.svnwh69f153402ef97 {\r\ndisplay: none;\r\n}\r\n}\r\n@media screen and (min-width: 769px) and (max-width: 992px) {\r\n.svnwh69f153402ef97 {\r\ndisplay: none;\r\n}\r\n}\r\n@media screen and (min-width: 768px) and (max-width: 768px) {\r\n.svnwh69f153402ef97 {\r\ndisplay: block;\r\n}\r\n}\r\n@media screen and (max-width: 767px) {\r\n.svnwh69f153402ef97 {\r\ndisplay: block;\r\n}\r\n}\r\n<\/style>\r\n<div class=\"oiycz69f153402ef7a\" ><!--<a href=\"https:\/\/bit.ly\/3QdrqTZ\" target=\"_blank\">\n<img src=\"https:\/\/justicapotiguar.com.br\/wp-content\/uploads\/2023\/09\/desktop-geral.gif\"\/><a\/>--><\/div><style type=\"text\/css\">\r\n.oiycz69f153402ef7a {\r\ntext-align: center;\nmargin-bottom: 1em;\r\n}\r\n@media screen and (min-width: 1201px) {\r\n.oiycz69f153402ef7a {\r\ndisplay: block;\r\n}\r\n}\r\n@media screen and (min-width: 993px) and (max-width: 1200px) {\r\n.oiycz69f153402ef7a {\r\ndisplay: block;\r\n}\r\n}\r\n@media screen and (min-width: 769px) and (max-width: 992px) {\r\n.oiycz69f153402ef7a {\r\ndisplay: block;\r\n}\r\n}\r\n@media screen and (min-width: 768px) and (max-width: 768px) {\r\n.oiycz69f153402ef7a {\r\ndisplay: none;\r\n}\r\n}\r\n@media screen and (max-width: 767px) {\r\n.oiycz69f153402ef7a {\r\ndisplay: none;\r\n}\r\n}\r\n<\/style>\r\n\n\n\n\n<p><br>E o requerimento, obrigatoriamente, deve ser entregue com a documenta\u00e7\u00e3o exigida no artigo 4\u00ba da Resolu\u00e7\u00e3o n. 23.517\/2017 do TSE: a) Certid\u00e3o atualizada da Se\u00e7\u00e3o da Ordem dos Advogados do Brasil (OAB) em que o advogado estiver inscrito, com indica\u00e7\u00e3o da data de inscri\u00e7\u00e3o definitiva, da ocorr\u00eancia da san\u00e7\u00e3o disciplinar e do hist\u00f3rico de impedimentos e licen\u00e7as, se existentes; b) Certid\u00e3o atualizada das Justi\u00e7as: Federal; Estadual e Eleitoral (quita\u00e7\u00e3o, crimes eleitorais e filia\u00e7\u00e3o partid\u00e1ria); c) Documentos comprobat\u00f3rios do exerc\u00edcio da advocacia; d) Curriculum Vitae.&nbsp;<\/p>\n\n\n\n<p><br>Na data em que forem indicados, os advogados e advogadas dever\u00e3o estar no exerc\u00edcio da advocacia e possuir 10 anos consecutivos ou n\u00e3o de pr\u00e1tica profissional.<\/p>\n","protected":false},"excerpt":{"rendered":"<p>Por meio do Edital N\u00ba 19, de 22 de mar\u00e7o, o Tribunal de Justi\u00e7a (TJRN) torna p\u00fablica a altera\u00e7\u00e3o das datas de inscri\u00e7\u00f5es para advogados e advogadas interessados em concorrer \u00e0 forma\u00e7\u00e3o de lista tr\u00edplice para vaga de membro suplente, classe jurista, do Tribunal Regional Eleitoral (TRE\/RN), em decorr\u00eancia do t\u00e9rmino do bi\u00eanio do advogado<br \/><a class=\"more-link\" href=\"https:\/\/justicapotiguar.com.br\/index.php\/2022\/03\/23\/novo-prazo-para-inscricoes-de-advogados-para-lista-triplice-para-juiz-suplente-do-tre-rn-e-de-28-de-marco-a-01-de-abril\/\">Mais&#8230;<\/a><\/p>\n","protected":false},"author":5,"featured_media":0,"comment_status":"open","ping_status":"open","sticky":false,"template":"","format":"standard","meta":[],"categories":[1],"tags":[],"_links":{"self":[{"href":"https:\/\/justicapotiguar.com.br\/index.php\/wp-json\/wp\/v2\/posts\/25156"}],"collection":[{"href":"https:\/\/justicapotiguar.com.br\/index.php\/wp-json\/wp\/v2\/posts"}],"about":[{"href":"https:\/\/justicapotiguar.com.br\/index.php\/wp-json\/wp\/v2\/types\/post"}],"author":[{"embeddable":true,"href":"https:\/\/justicapotiguar.com.br\/index.php\/wp-json\/wp\/v2\/users\/5"}],"replies":[{"embeddable":true,"href":"https:\/\/justicapotiguar.com.br\/index.php\/wp-json\/wp\/v2\/comments?post=25156"}],"version-history":[{"count":1,"href":"https:\/\/justicapotiguar.com.br\/index.php\/wp-json\/wp\/v2\/posts\/25156\/revisions"}],"predecessor-version":[{"id":25157,"href":"https:\/\/justicapotiguar.com.br\/index.php\/wp-json\/wp\/v2\/posts\/25156\/revisions\/25157"}],"wp:attachment":[{"href":"https:\/\/justicapotiguar.com.br\/index.php\/wp-json\/wp\/v2\/media?parent=25156"}],"wp:term":[{"taxonomy":"category","embeddable":true,"href":"https:\/\/justicapotiguar.com.br\/index.php\/wp-json\/wp\/v2\/categories?post=25156"},{"taxonomy":"post_tag","embeddable":true,"href":"https:\/\/justicapotiguar.com.br\/index.php\/wp-json\/wp\/v2\/tags?post=25156"}],"curies":[{"name":"wp","href":"https:\/\/api.w.org\/{rel}","templated":true}]}}