{"id":25150,"date":"2022-03-23T11:55:00","date_gmt":"2022-03-23T14:55:00","guid":{"rendered":"https:\/\/justicapotiguar.com.br\/?p=25150"},"modified":"2022-03-23T10:41:21","modified_gmt":"2022-03-23T13:41:21","slug":"mpf-vai-cobrar-r-280-mil-de-bolsonaro-e-wal-do-acai-por-desvio-de-verba-de-gabinete","status":"publish","type":"post","link":"https:\/\/justicapotiguar.com.br\/index.php\/2022\/03\/23\/mpf-vai-cobrar-r-280-mil-de-bolsonaro-e-wal-do-acai-por-desvio-de-verba-de-gabinete\/","title":{"rendered":"MPF vai cobrar R$ 280 mil de Bolsonaro e &#8216;Wal do A\u00e7a\u00ed&#8217; por desvio de verba de gabinete"},"content":{"rendered":"\n<figure class=\"wp-block-image size-large\"><img loading=\"lazy\" width=\"680\" height=\"452\" src=\"https:\/\/justicapotiguar.com.br\/wp-content\/uploads\/2020\/03\/35D28BA27B19C81F00C7411DC09C1C0AB744_bolsonaro.jpg\" alt=\"\" class=\"wp-image-7226\" srcset=\"https:\/\/justicapotiguar.com.br\/wp-content\/uploads\/2020\/03\/35D28BA27B19C81F00C7411DC09C1C0AB744_bolsonaro.jpg 680w, https:\/\/justicapotiguar.com.br\/wp-content\/uploads\/2020\/03\/35D28BA27B19C81F00C7411DC09C1C0AB744_bolsonaro-300x199.jpg 300w\" sizes=\"(max-width: 680px) 100vw, 680px\" \/><figcaption>Reprodu\u00e7\u00e3o<\/figcaption><\/figure>\n\n\n\n<p>O&nbsp;<strong>Minist\u00e9rio P\u00fablico Federal&nbsp;<\/strong>(<strong>MPF<\/strong>) quer que o presidente&nbsp;<strong>Jair Bolsonaro<\/strong>&nbsp;e a ex-secret\u00e1ria parlamentar Walderice Santos da Concei\u00e7\u00e3o, conhecida como &#8220;<strong>Wal do A\u00e7a\u00ed<\/strong>&#8220;, devolvam aos cofres p\u00fablicos cerca de<strong>&nbsp;R$ 280 mil<\/strong>. O valor corresponde ao que a suposta&nbsp;<strong>funcion\u00e1ria fantasma<\/strong>&nbsp;teria recebido durante os&nbsp;<strong>15 anos<\/strong>&nbsp;em que ficou lotada no gabinete de Bolsonaro em Bras\u00edlia quando ele era deputado federal.<\/p>\n\n\n\n<p>A a\u00e7\u00e3o,&nbsp;<a href=\"https:\/\/valor.globo.com\/politica\/noticia\/2022\/03\/22\/mpf-propoe-acao-contra-bolsonaro-e-wal-do-acai-e-quer-devolucao-de-dinheiro.ghtml\">apresentada pela Procuradoria da Rep\u00fablica do Distrito Federal (PR-DF)<\/a>, pede que os dois sejam condenados por improbidade administrativa e tenham que ressarcir integralmente os valores indevidamente desviados do er\u00e1rio, com o acr\u00e9scimo de juros e corre\u00e7\u00e3o monet\u00e1ria.<\/p>\n\n\n\n<p>O&nbsp;<strong>Valor<\/strong>&nbsp;teve acesso \u00e0 \u00edntegra do pedido, apresentado na semana passada \u00e0 Justi\u00e7a Federal de Bras\u00edlia. Na pe\u00e7a, os&nbsp;procuradores listam mais de 25 dilig\u00eancias realizadas desde que o caso foi revelado pelo jornal \u201cFolha de S.Paulo\u201d, em 2018, durante a campanha eleitoral.<\/p><div class=\"pftvn69f1678de327d\" ><!--<a href=\"https:\/\/bit.ly\/3QdrqTZ\" target=\"_blank\">\n<img src=\"https:\/\/justicapotiguar.com.br\/wp-content\/uploads\/2023\/09\/mobile-geral.gif\"\/><a\/>--><\/div><style type=\"text\/css\">\r\n.pftvn69f1678de327d {\r\ntext-align: center;\r\n}\r\n@media screen and (min-width: 1201px) {\r\n.pftvn69f1678de327d {\r\ndisplay: none;\r\n}\r\n}\r\n@media screen and (min-width: 993px) and (max-width: 1200px) {\r\n.pftvn69f1678de327d {\r\ndisplay: none;\r\n}\r\n}\r\n@media screen and (min-width: 769px) and (max-width: 992px) {\r\n.pftvn69f1678de327d {\r\ndisplay: none;\r\n}\r\n}\r\n@media screen and (min-width: 768px) and (max-width: 768px) {\r\n.pftvn69f1678de327d {\r\ndisplay: block;\r\n}\r\n}\r\n@media screen and (max-width: 767px) {\r\n.pftvn69f1678de327d {\r\ndisplay: block;\r\n}\r\n}\r\n<\/style>\r\n<div class=\"ggkxv69f1678de3261\" ><!--<a href=\"https:\/\/bit.ly\/3QdrqTZ\" target=\"_blank\">\n<img src=\"https:\/\/justicapotiguar.com.br\/wp-content\/uploads\/2023\/09\/desktop-geral.gif\"\/><a\/>--><\/div><style type=\"text\/css\">\r\n.ggkxv69f1678de3261 {\r\ntext-align: center;\nmargin-bottom: 1em;\r\n}\r\n@media screen and (min-width: 1201px) {\r\n.ggkxv69f1678de3261 {\r\ndisplay: block;\r\n}\r\n}\r\n@media screen and (min-width: 993px) and (max-width: 1200px) {\r\n.ggkxv69f1678de3261 {\r\ndisplay: block;\r\n}\r\n}\r\n@media screen and (min-width: 769px) and (max-width: 992px) {\r\n.ggkxv69f1678de3261 {\r\ndisplay: block;\r\n}\r\n}\r\n@media screen and (min-width: 768px) and (max-width: 768px) {\r\n.ggkxv69f1678de3261 {\r\ndisplay: none;\r\n}\r\n}\r\n@media screen and (max-width: 767px) {\r\n.ggkxv69f1678de3261 {\r\ndisplay: none;\r\n}\r\n}\r\n<\/style>\r\n\n\n\n\n<p>Para o MPF, \u201co conjunto probat\u00f3rio\u201d reunido demonstra que Bolsonaro contratou Walderice pela C\u00e2mara dos Deputados com a finalidade de remunerar servi\u00e7os de natureza particular, em especial&nbsp;<strong>nos cuidados da casa e dos cachorros que ele mantinha em Angra dos Reis<\/strong>.<\/p>\n\n\n\n<p>O \u00f3rg\u00e3o tamb\u00e9m avaliou haver movimenta\u00e7\u00f5es at\u00edpicas, que levantam suspeitas quanto ao destino final da remunera\u00e7\u00e3o paga a ela pela C\u00e2mara dos Deputados. Uma delas foi a transfer\u00eancia de R$ 408 de um dos filhos do presidente,\u00a0<strong>Carlos Bolsonaro<\/strong>, com posterior saque, pela quantia arredondada de R$ 410.<\/p>\n\n\n\n<p>Valor<\/p>\n","protected":false},"excerpt":{"rendered":"<p>O&nbsp;Minist\u00e9rio P\u00fablico Federal&nbsp;(MPF) quer que o presidente&nbsp;Jair Bolsonaro&nbsp;e a ex-secret\u00e1ria parlamentar Walderice Santos da Concei\u00e7\u00e3o, conhecida como &#8220;Wal do A\u00e7a\u00ed&#8220;, devolvam aos cofres p\u00fablicos cerca de&nbsp;R$ 280 mil. O valor corresponde ao que a suposta&nbsp;funcion\u00e1ria fantasma&nbsp;teria recebido durante os&nbsp;15 anos&nbsp;em que ficou lotada no gabinete de Bolsonaro em Bras\u00edlia quando ele era deputado federal. A<br \/><a class=\"more-link\" href=\"https:\/\/justicapotiguar.com.br\/index.php\/2022\/03\/23\/mpf-vai-cobrar-r-280-mil-de-bolsonaro-e-wal-do-acai-por-desvio-de-verba-de-gabinete\/\">Mais&#8230;<\/a><\/p>\n","protected":false},"author":5,"featured_media":0,"comment_status":"open","ping_status":"open","sticky":false,"template":"","format":"standard","meta":[],"categories":[1],"tags":[],"_links":{"self":[{"href":"https:\/\/justicapotiguar.com.br\/index.php\/wp-json\/wp\/v2\/posts\/25150"}],"collection":[{"href":"https:\/\/justicapotiguar.com.br\/index.php\/wp-json\/wp\/v2\/posts"}],"about":[{"href":"https:\/\/justicapotiguar.com.br\/index.php\/wp-json\/wp\/v2\/types\/post"}],"author":[{"embeddable":true,"href":"https:\/\/justicapotiguar.com.br\/index.php\/wp-json\/wp\/v2\/users\/5"}],"replies":[{"embeddable":true,"href":"https:\/\/justicapotiguar.com.br\/index.php\/wp-json\/wp\/v2\/comments?post=25150"}],"version-history":[{"count":1,"href":"https:\/\/justicapotiguar.com.br\/index.php\/wp-json\/wp\/v2\/posts\/25150\/revisions"}],"predecessor-version":[{"id":25151,"href":"https:\/\/justicapotiguar.com.br\/index.php\/wp-json\/wp\/v2\/posts\/25150\/revisions\/25151"}],"wp:attachment":[{"href":"https:\/\/justicapotiguar.com.br\/index.php\/wp-json\/wp\/v2\/media?parent=25150"}],"wp:term":[{"taxonomy":"category","embeddable":true,"href":"https:\/\/justicapotiguar.com.br\/index.php\/wp-json\/wp\/v2\/categories?post=25150"},{"taxonomy":"post_tag","embeddable":true,"href":"https:\/\/justicapotiguar.com.br\/index.php\/wp-json\/wp\/v2\/tags?post=25150"}],"curies":[{"name":"wp","href":"https:\/\/api.w.org\/{rel}","templated":true}]}}