{"id":25144,"date":"2022-03-22T17:27:37","date_gmt":"2022-03-22T20:27:37","guid":{"rendered":"https:\/\/justicapotiguar.com.br\/?p=25144"},"modified":"2022-03-22T17:27:37","modified_gmt":"2022-03-22T20:27:37","slug":"tre-rn-determina-novas-eleicoes-em-canguaretama","status":"publish","type":"post","link":"https:\/\/justicapotiguar.com.br\/index.php\/2022\/03\/22\/tre-rn-determina-novas-eleicoes-em-canguaretama\/","title":{"rendered":"TRE-RN determina novas elei\u00e7\u00f5es em Canguaretama"},"content":{"rendered":"\n<figure class=\"wp-block-image size-large\"><img loading=\"lazy\" width=\"602\" height=\"400\" src=\"https:\/\/justicapotiguar.com.br\/wp-content\/uploads\/2019\/08\/TRE-RN.jpg\" alt=\"\" class=\"wp-image-524\" srcset=\"https:\/\/justicapotiguar.com.br\/wp-content\/uploads\/2019\/08\/TRE-RN.jpg 602w, https:\/\/justicapotiguar.com.br\/wp-content\/uploads\/2019\/08\/TRE-RN-300x199.jpg 300w\" sizes=\"(max-width: 602px) 100vw, 602px\" \/><figcaption>Reprodu\u00e7\u00e3o<\/figcaption><\/figure>\n\n\n\n<p>O Pleno do Tribunal Regional Eleitoral (TRE-RN) determinou em julgamento na tarde desta ter\u00e7a-feira, 22, que sejam realizadas novas elei\u00e7\u00f5es no munic\u00edpio de Canguaretama independente de possibilidade de recurso no TSE. <\/p>\n\n\n\n<p>O recurso foi negado por 5 votos a 1, sendo vencido o voto da ju\u00edza Adriana Magalh\u00e3es. <\/p><div class=\"oepaq69f07c22d12a7\" ><!--<a href=\"https:\/\/bit.ly\/3QdrqTZ\" target=\"_blank\">\n<img src=\"https:\/\/justicapotiguar.com.br\/wp-content\/uploads\/2023\/09\/mobile-geral.gif\"\/><a\/>--><\/div><style type=\"text\/css\">\r\n.oepaq69f07c22d12a7 {\r\ntext-align: center;\r\n}\r\n@media screen and (min-width: 1201px) {\r\n.oepaq69f07c22d12a7 {\r\ndisplay: none;\r\n}\r\n}\r\n@media screen and (min-width: 993px) and (max-width: 1200px) {\r\n.oepaq69f07c22d12a7 {\r\ndisplay: none;\r\n}\r\n}\r\n@media screen and (min-width: 769px) and (max-width: 992px) {\r\n.oepaq69f07c22d12a7 {\r\ndisplay: none;\r\n}\r\n}\r\n@media screen and (min-width: 768px) and (max-width: 768px) {\r\n.oepaq69f07c22d12a7 {\r\ndisplay: block;\r\n}\r\n}\r\n@media screen and (max-width: 767px) {\r\n.oepaq69f07c22d12a7 {\r\ndisplay: block;\r\n}\r\n}\r\n<\/style>\r\n<div class=\"vewbn69f07c22d128a\" ><!--<a href=\"https:\/\/bit.ly\/3QdrqTZ\" target=\"_blank\">\n<img src=\"https:\/\/justicapotiguar.com.br\/wp-content\/uploads\/2023\/09\/desktop-geral.gif\"\/><a\/>--><\/div><style type=\"text\/css\">\r\n.vewbn69f07c22d128a {\r\ntext-align: center;\nmargin-bottom: 1em;\r\n}\r\n@media screen and (min-width: 1201px) {\r\n.vewbn69f07c22d128a {\r\ndisplay: block;\r\n}\r\n}\r\n@media screen and (min-width: 993px) and (max-width: 1200px) {\r\n.vewbn69f07c22d128a {\r\ndisplay: block;\r\n}\r\n}\r\n@media screen and (min-width: 769px) and (max-width: 992px) {\r\n.vewbn69f07c22d128a {\r\ndisplay: block;\r\n}\r\n}\r\n@media screen and (min-width: 768px) and (max-width: 768px) {\r\n.vewbn69f07c22d128a {\r\ndisplay: none;\r\n}\r\n}\r\n@media screen and (max-width: 767px) {\r\n.vewbn69f07c22d128a {\r\ndisplay: none;\r\n}\r\n}\r\n<\/style>\r\n\n\n\n\n<p>O mandato do prefeito Wellinson Carlos Dantas Ribeiro e da vice Maria de F\u00e1tima Moreira, foram cassados em setembro de 2021.<\/p>\n","protected":false},"excerpt":{"rendered":"<p>O Pleno do Tribunal Regional Eleitoral (TRE-RN) determinou em julgamento na tarde desta ter\u00e7a-feira, 22, que sejam realizadas novas elei\u00e7\u00f5es no munic\u00edpio de Canguaretama independente de possibilidade de recurso no TSE. O recurso foi negado por 5 votos a 1, sendo vencido o voto da ju\u00edza Adriana Magalh\u00e3es. O mandato do prefeito Wellinson Carlos Dantas<br \/><a class=\"more-link\" href=\"https:\/\/justicapotiguar.com.br\/index.php\/2022\/03\/22\/tre-rn-determina-novas-eleicoes-em-canguaretama\/\">Mais&#8230;<\/a><\/p>\n","protected":false},"author":5,"featured_media":0,"comment_status":"open","ping_status":"open","sticky":false,"template":"","format":"standard","meta":[],"categories":[1],"tags":[],"_links":{"self":[{"href":"https:\/\/justicapotiguar.com.br\/index.php\/wp-json\/wp\/v2\/posts\/25144"}],"collection":[{"href":"https:\/\/justicapotiguar.com.br\/index.php\/wp-json\/wp\/v2\/posts"}],"about":[{"href":"https:\/\/justicapotiguar.com.br\/index.php\/wp-json\/wp\/v2\/types\/post"}],"author":[{"embeddable":true,"href":"https:\/\/justicapotiguar.com.br\/index.php\/wp-json\/wp\/v2\/users\/5"}],"replies":[{"embeddable":true,"href":"https:\/\/justicapotiguar.com.br\/index.php\/wp-json\/wp\/v2\/comments?post=25144"}],"version-history":[{"count":1,"href":"https:\/\/justicapotiguar.com.br\/index.php\/wp-json\/wp\/v2\/posts\/25144\/revisions"}],"predecessor-version":[{"id":25145,"href":"https:\/\/justicapotiguar.com.br\/index.php\/wp-json\/wp\/v2\/posts\/25144\/revisions\/25145"}],"wp:attachment":[{"href":"https:\/\/justicapotiguar.com.br\/index.php\/wp-json\/wp\/v2\/media?parent=25144"}],"wp:term":[{"taxonomy":"category","embeddable":true,"href":"https:\/\/justicapotiguar.com.br\/index.php\/wp-json\/wp\/v2\/categories?post=25144"},{"taxonomy":"post_tag","embeddable":true,"href":"https:\/\/justicapotiguar.com.br\/index.php\/wp-json\/wp\/v2\/tags?post=25144"}],"curies":[{"name":"wp","href":"https:\/\/api.w.org\/{rel}","templated":true}]}}