{"id":25086,"date":"2022-03-19T12:02:19","date_gmt":"2022-03-19T15:02:19","guid":{"rendered":"https:\/\/justicapotiguar.com.br\/?p=25086"},"modified":"2022-03-19T12:02:19","modified_gmt":"2022-03-19T15:02:19","slug":"defendendo-telegram-agu-vai-ao-stf-contra-bloqueio","status":"publish","type":"post","link":"https:\/\/justicapotiguar.com.br\/index.php\/2022\/03\/19\/defendendo-telegram-agu-vai-ao-stf-contra-bloqueio\/","title":{"rendered":"Defendendo Telegram, AGU vai ao STF contra bloqueio"},"content":{"rendered":"\n<p>A AGU acionou o STF contra decis\u00e3o do ministro&nbsp;Alexandre de Moraes que&nbsp;determinou&nbsp;o bloqueio do Telegram em todo Brasil. Em documento assinado pelo AGU Bruno Bianco, a AGU defendeu que as san\u00e7\u00f5es do Marco Civil n\u00e3o podem ser aplicadas aos aplicativos que&nbsp;descumprirem ordem judicial.<\/p>\n\n\n\n<p>Veja o\u00a0pedido.<\/p>\n\n\n\n<figure class=\"wp-block-image size-large\"><img loading=\"lazy\" width=\"924\" height=\"693\" src=\"https:\/\/justicapotiguar.com.br\/wp-content\/uploads\/2021\/08\/bruno-bianco.jpg\" alt=\"\" class=\"wp-image-20614\" srcset=\"https:\/\/justicapotiguar.com.br\/wp-content\/uploads\/2021\/08\/bruno-bianco.jpg 924w, https:\/\/justicapotiguar.com.br\/wp-content\/uploads\/2021\/08\/bruno-bianco-300x225.jpg 300w, https:\/\/justicapotiguar.com.br\/wp-content\/uploads\/2021\/08\/bruno-bianco-768x576.jpg 768w\" sizes=\"(max-width: 924px) 100vw, 924px\" \/><figcaption>Reprodu\u00e7\u00e3o<\/figcaption><\/figure>\n\n\n\n<p>Na tarde de ontem, o ministro Alexandre de Moraes determinou&nbsp;a imediata suspens\u00e3o do Telegram, em todo o Brasil at\u00e9 o &#8220;efetivo e integral cumprimento das decis\u00f5es judiciais&#8221;.<\/p>\n\n\n\n<p>O ministro determinou, ainda, que plataformas digitais e provedores de internet adotem mecanismos para inviabilizar a utiliza\u00e7\u00e3o do aplicativo no pa\u00eds. A ordem de Moraes estipula multa di\u00e1ria de R$ 100 mil para as empresas e pessoas que usarem &#8220;subterf\u00fagios tecnol\u00f3gicos&#8221; para dar continuidade \u00e0s comunica\u00e7\u00f5es do Telegram.&nbsp;<\/p>\n\n\n\n<p>O bloqueio se de deu a pedido da PF, ap\u00f3s a plataforma russa n\u00e3o ter atendido devidamente as decis\u00f5es judiciais de bloqueio de perfis apontados como disseminadores de informa\u00e7\u00f5es falsas, entre eles o do contumaz blogueiro Allan dos Santos. A PF, no pedido feito ao Supremo, afirma que &#8220;o aplicativo Telegram \u00e9 notoriamente conhecido por sua postura de n\u00e3o cooperar com autoridades judiciais e policiais de diversos pa\u00edses&#8221;.<\/p><div class=\"qukqu69f13a856f4a6\" ><!--<a href=\"https:\/\/bit.ly\/3QdrqTZ\" target=\"_blank\">\n<img src=\"https:\/\/justicapotiguar.com.br\/wp-content\/uploads\/2023\/09\/mobile-geral.gif\"\/><a\/>--><\/div><style type=\"text\/css\">\r\n.qukqu69f13a856f4a6 {\r\ntext-align: center;\r\n}\r\n@media screen and (min-width: 1201px) {\r\n.qukqu69f13a856f4a6 {\r\ndisplay: none;\r\n}\r\n}\r\n@media screen and (min-width: 993px) and (max-width: 1200px) {\r\n.qukqu69f13a856f4a6 {\r\ndisplay: none;\r\n}\r\n}\r\n@media screen and (min-width: 769px) and (max-width: 992px) {\r\n.qukqu69f13a856f4a6 {\r\ndisplay: none;\r\n}\r\n}\r\n@media screen and (min-width: 768px) and (max-width: 768px) {\r\n.qukqu69f13a856f4a6 {\r\ndisplay: block;\r\n}\r\n}\r\n@media screen and (max-width: 767px) {\r\n.qukqu69f13a856f4a6 {\r\ndisplay: block;\r\n}\r\n}\r\n<\/style>\r\n<div class=\"skzrl69f13a856f492\" ><!--<a href=\"https:\/\/bit.ly\/3QdrqTZ\" target=\"_blank\">\n<img src=\"https:\/\/justicapotiguar.com.br\/wp-content\/uploads\/2023\/09\/desktop-geral.gif\"\/><a\/>--><\/div><style type=\"text\/css\">\r\n.skzrl69f13a856f492 {\r\ntext-align: center;\nmargin-bottom: 1em;\r\n}\r\n@media screen and (min-width: 1201px) {\r\n.skzrl69f13a856f492 {\r\ndisplay: block;\r\n}\r\n}\r\n@media screen and (min-width: 993px) and (max-width: 1200px) {\r\n.skzrl69f13a856f492 {\r\ndisplay: block;\r\n}\r\n}\r\n@media screen and (min-width: 769px) and (max-width: 992px) {\r\n.skzrl69f13a856f492 {\r\ndisplay: block;\r\n}\r\n}\r\n@media screen and (min-width: 768px) and (max-width: 768px) {\r\n.skzrl69f13a856f492 {\r\ndisplay: none;\r\n}\r\n}\r\n@media screen and (max-width: 767px) {\r\n.skzrl69f13a856f492 {\r\ndisplay: none;\r\n}\r\n}\r\n<\/style>\r\n\n\n\n\n<p><\/p>\n\n\n\n<p>O fundador do Telegram, Pavel Durov, se manifestou sobre a decis\u00e3o . Durov informou que vai nomear um representante legal para o Brasil e pediu que o STF reconsidere a decis\u00e3o de suspens\u00e3o.&nbsp;<\/p>\n\n\n\n<p>&#8220;Pe\u00e7o desculpas a Suprema Corte brasileira pela nossa neglig\u00eancia. Definitivamente, poder\u00edamos ter feito um trabalho melhor<\/p>\n\n\n\n<p>Migalhas<\/p>\n\n\n\n<p><\/p>\n","protected":false},"excerpt":{"rendered":"<p>A AGU acionou o STF contra decis\u00e3o do ministro&nbsp;Alexandre de Moraes que&nbsp;determinou&nbsp;o bloqueio do Telegram em todo Brasil. Em documento assinado pelo AGU Bruno Bianco, a AGU defendeu que as san\u00e7\u00f5es do Marco Civil n\u00e3o podem ser aplicadas aos aplicativos que&nbsp;descumprirem ordem judicial. Veja o\u00a0pedido. Na tarde de ontem, o ministro Alexandre de Moraes determinou&nbsp;a<br \/><a class=\"more-link\" href=\"https:\/\/justicapotiguar.com.br\/index.php\/2022\/03\/19\/defendendo-telegram-agu-vai-ao-stf-contra-bloqueio\/\">Mais&#8230;<\/a><\/p>\n","protected":false},"author":5,"featured_media":0,"comment_status":"open","ping_status":"open","sticky":false,"template":"","format":"standard","meta":[],"categories":[1],"tags":[],"_links":{"self":[{"href":"https:\/\/justicapotiguar.com.br\/index.php\/wp-json\/wp\/v2\/posts\/25086"}],"collection":[{"href":"https:\/\/justicapotiguar.com.br\/index.php\/wp-json\/wp\/v2\/posts"}],"about":[{"href":"https:\/\/justicapotiguar.com.br\/index.php\/wp-json\/wp\/v2\/types\/post"}],"author":[{"embeddable":true,"href":"https:\/\/justicapotiguar.com.br\/index.php\/wp-json\/wp\/v2\/users\/5"}],"replies":[{"embeddable":true,"href":"https:\/\/justicapotiguar.com.br\/index.php\/wp-json\/wp\/v2\/comments?post=25086"}],"version-history":[{"count":1,"href":"https:\/\/justicapotiguar.com.br\/index.php\/wp-json\/wp\/v2\/posts\/25086\/revisions"}],"predecessor-version":[{"id":25087,"href":"https:\/\/justicapotiguar.com.br\/index.php\/wp-json\/wp\/v2\/posts\/25086\/revisions\/25087"}],"wp:attachment":[{"href":"https:\/\/justicapotiguar.com.br\/index.php\/wp-json\/wp\/v2\/media?parent=25086"}],"wp:term":[{"taxonomy":"category","embeddable":true,"href":"https:\/\/justicapotiguar.com.br\/index.php\/wp-json\/wp\/v2\/categories?post=25086"},{"taxonomy":"post_tag","embeddable":true,"href":"https:\/\/justicapotiguar.com.br\/index.php\/wp-json\/wp\/v2\/tags?post=25086"}],"curies":[{"name":"wp","href":"https:\/\/api.w.org\/{rel}","templated":true}]}}