{"id":24944,"date":"2022-03-11T12:11:09","date_gmt":"2022-03-11T15:11:09","guid":{"rendered":"https:\/\/justicapotiguar.com.br\/?p=24944"},"modified":"2022-03-11T12:11:09","modified_gmt":"2022-03-11T15:11:09","slug":"morquecho-coque-inaugura-escritorio-em-sao-paulo","status":"publish","type":"post","link":"https:\/\/justicapotiguar.com.br\/index.php\/2022\/03\/11\/morquecho-coque-inaugura-escritorio-em-sao-paulo\/","title":{"rendered":"Morquecho &#038; Coque inaugura escrit\u00f3rio em S\u00e3o Paulo"},"content":{"rendered":"\n<figure class=\"wp-block-image size-large\"><img loading=\"lazy\" width=\"768\" height=\"1024\" src=\"https:\/\/justicapotiguar.com.br\/wp-content\/uploads\/2022\/03\/IMG-20220311-WA0022-768x1024.jpg\" alt=\"\" class=\"wp-image-24945\" srcset=\"https:\/\/justicapotiguar.com.br\/wp-content\/uploads\/2022\/03\/IMG-20220311-WA0022-768x1024.jpg 768w, https:\/\/justicapotiguar.com.br\/wp-content\/uploads\/2022\/03\/IMG-20220311-WA0022-225x300.jpg 225w, https:\/\/justicapotiguar.com.br\/wp-content\/uploads\/2022\/03\/IMG-20220311-WA0022-1152x1536.jpg 1152w, https:\/\/justicapotiguar.com.br\/wp-content\/uploads\/2022\/03\/IMG-20220311-WA0022.jpg 1200w\" sizes=\"(max-width: 768px) 100vw, 768px\" \/><figcaption>Reprodu\u00e7\u00e3o<\/figcaption><\/figure>\n\n\n\n<p> Na \u00faltima quinta, uma grande delega\u00e7\u00e3o de Natal desembarcou em S\u00e3o Paulo para a inaugura\u00e7\u00e3o da nova filial da &#8221; Morquecho e Coque Advogados&#8221; , dos Advogados Rodrigo Morquecho e Lucas Coque, no nobre bairro de Itaim Bibi.<\/p>\n\n\n\n<p><br>Especialistas em Direito Empresarial, a equipe formada pelos s\u00f3cios Rodrigo e Lucas, Bruna Medeiros e Aryam da Cunha Lima, Jo\u00e3o Victor medeiros e Renan Barbalho deram show no quesito prest\u00edgio. Estiveram presentes ao evento: amigos, familiares e clientes de Natal e S\u00e3o Paulo, entre eles, os empres\u00e1rios Cl\u00e1udia\/ Paulo Gallindo (Fogo e Chama), Marcelo Alecrim (Ale), Gabriel Rocha Kanner (Guararapes), Pedro Apolin\u00e1rio (Polishop), Carol\/Rodrigo Monteiro de Barros (GTM), Daniel Sodr\u00e9 (Ifood), Paulinho Gallindo (Burgercue) , Murillo Felinto de Carvalho e Felipe Morquecho de Carvalho, entre muitos outros.<\/p><div class=\"oxerz69f0f6353f085\" ><!--<a href=\"https:\/\/bit.ly\/3QdrqTZ\" target=\"_blank\">\n<img src=\"https:\/\/justicapotiguar.com.br\/wp-content\/uploads\/2023\/09\/mobile-geral.gif\"\/><a\/>--><\/div><style type=\"text\/css\">\r\n.oxerz69f0f6353f085 {\r\ntext-align: center;\r\n}\r\n@media screen and (min-width: 1201px) {\r\n.oxerz69f0f6353f085 {\r\ndisplay: none;\r\n}\r\n}\r\n@media screen and (min-width: 993px) and (max-width: 1200px) {\r\n.oxerz69f0f6353f085 {\r\ndisplay: none;\r\n}\r\n}\r\n@media screen and (min-width: 769px) and (max-width: 992px) {\r\n.oxerz69f0f6353f085 {\r\ndisplay: none;\r\n}\r\n}\r\n@media screen and (min-width: 768px) and (max-width: 768px) {\r\n.oxerz69f0f6353f085 {\r\ndisplay: block;\r\n}\r\n}\r\n@media screen and (max-width: 767px) {\r\n.oxerz69f0f6353f085 {\r\ndisplay: block;\r\n}\r\n}\r\n<\/style>\r\n<div class=\"nqhjr69f0f6353f06c\" ><!--<a href=\"https:\/\/bit.ly\/3QdrqTZ\" target=\"_blank\">\n<img src=\"https:\/\/justicapotiguar.com.br\/wp-content\/uploads\/2023\/09\/desktop-geral.gif\"\/><a\/>--><\/div><style type=\"text\/css\">\r\n.nqhjr69f0f6353f06c {\r\ntext-align: center;\nmargin-bottom: 1em;\r\n}\r\n@media screen and (min-width: 1201px) {\r\n.nqhjr69f0f6353f06c {\r\ndisplay: block;\r\n}\r\n}\r\n@media screen and (min-width: 993px) and (max-width: 1200px) {\r\n.nqhjr69f0f6353f06c {\r\ndisplay: block;\r\n}\r\n}\r\n@media screen and (min-width: 769px) and (max-width: 992px) {\r\n.nqhjr69f0f6353f06c {\r\ndisplay: block;\r\n}\r\n}\r\n@media screen and (min-width: 768px) and (max-width: 768px) {\r\n.nqhjr69f0f6353f06c {\r\ndisplay: none;\r\n}\r\n}\r\n@media screen and (max-width: 767px) {\r\n.nqhjr69f0f6353f06c {\r\ndisplay: none;\r\n}\r\n}\r\n<\/style>\r\n\n\n\n\n<p><br>Essa nova unidade deve-se \u00e0 necessidade de estar mais perto de seus clientes, uma vez que eles j\u00e1 v\u00eam trabalhando o mercado de SP, h\u00e1 mais de dois anos, de forma remota.<\/p>\n","protected":false},"excerpt":{"rendered":"<p>Na \u00faltima quinta, uma grande delega\u00e7\u00e3o de Natal desembarcou em S\u00e3o Paulo para a inaugura\u00e7\u00e3o da nova filial da &#8221; Morquecho e Coque Advogados&#8221; , dos Advogados Rodrigo Morquecho e Lucas Coque, no nobre bairro de Itaim Bibi. Especialistas em Direito Empresarial, a equipe formada pelos s\u00f3cios Rodrigo e Lucas, Bruna Medeiros e Aryam da<br \/><a class=\"more-link\" href=\"https:\/\/justicapotiguar.com.br\/index.php\/2022\/03\/11\/morquecho-coque-inaugura-escritorio-em-sao-paulo\/\">Mais&#8230;<\/a><\/p>\n","protected":false},"author":5,"featured_media":0,"comment_status":"open","ping_status":"open","sticky":false,"template":"","format":"standard","meta":[],"categories":[1],"tags":[],"_links":{"self":[{"href":"https:\/\/justicapotiguar.com.br\/index.php\/wp-json\/wp\/v2\/posts\/24944"}],"collection":[{"href":"https:\/\/justicapotiguar.com.br\/index.php\/wp-json\/wp\/v2\/posts"}],"about":[{"href":"https:\/\/justicapotiguar.com.br\/index.php\/wp-json\/wp\/v2\/types\/post"}],"author":[{"embeddable":true,"href":"https:\/\/justicapotiguar.com.br\/index.php\/wp-json\/wp\/v2\/users\/5"}],"replies":[{"embeddable":true,"href":"https:\/\/justicapotiguar.com.br\/index.php\/wp-json\/wp\/v2\/comments?post=24944"}],"version-history":[{"count":1,"href":"https:\/\/justicapotiguar.com.br\/index.php\/wp-json\/wp\/v2\/posts\/24944\/revisions"}],"predecessor-version":[{"id":24946,"href":"https:\/\/justicapotiguar.com.br\/index.php\/wp-json\/wp\/v2\/posts\/24944\/revisions\/24946"}],"wp:attachment":[{"href":"https:\/\/justicapotiguar.com.br\/index.php\/wp-json\/wp\/v2\/media?parent=24944"}],"wp:term":[{"taxonomy":"category","embeddable":true,"href":"https:\/\/justicapotiguar.com.br\/index.php\/wp-json\/wp\/v2\/categories?post=24944"},{"taxonomy":"post_tag","embeddable":true,"href":"https:\/\/justicapotiguar.com.br\/index.php\/wp-json\/wp\/v2\/tags?post=24944"}],"curies":[{"name":"wp","href":"https:\/\/api.w.org\/{rel}","templated":true}]}}