{"id":24933,"date":"2022-03-11T10:00:00","date_gmt":"2022-03-11T13:00:00","guid":{"rendered":"https:\/\/justicapotiguar.com.br\/?p=24933"},"modified":"2022-03-11T08:27:48","modified_gmt":"2022-03-11T11:27:48","slug":"senado-aprova-extincao-de-multa-a-advogado-que-abandona-processo-penal","status":"publish","type":"post","link":"https:\/\/justicapotiguar.com.br\/index.php\/2022\/03\/11\/senado-aprova-extincao-de-multa-a-advogado-que-abandona-processo-penal\/","title":{"rendered":"Senado aprova extin\u00e7\u00e3o de multa a advogado que abandona processo penal"},"content":{"rendered":"\n<figure class=\"wp-block-image size-large\"><img loading=\"lazy\" width=\"680\" height=\"453\" src=\"https:\/\/justicapotiguar.com.br\/wp-content\/uploads\/2019\/08\/advogado-dia.jpg\" alt=\"\" class=\"wp-image-652\" srcset=\"https:\/\/justicapotiguar.com.br\/wp-content\/uploads\/2019\/08\/advogado-dia.jpg 680w, https:\/\/justicapotiguar.com.br\/wp-content\/uploads\/2019\/08\/advogado-dia-300x200.jpg 300w\" sizes=\"(max-width: 680px) 100vw, 680px\" \/><figcaption>Reprodu\u00e7\u00e3o<\/figcaption><\/figure>\n\n\n\n<p>O Plen\u00e1rio do Senado aprovou na manh\u00e3 desta quinta-feira um projeto de lei que extingue previs\u00e3o de multa aplicada diretamente por juiz ao advogado que abandona processo penal.&nbsp;O&nbsp;<a href=\"https:\/\/www25.senado.leg.br\/web\/atividade\/materias\/-\/materia\/144948\">PL 4.727\/2020<\/a>&nbsp;substitui a multa por um processo administrativo na Ordem dos Advogados do Brasil (OAB). De autoria&nbsp;do senador Rodrigo Pacheco (PSD-MG), presidente do Senado, o texto agora ser\u00e1 enviado \u00e0 C\u00e2mara dos Deputados.&nbsp;<\/p>\n\n\n\n<p>A atual reda\u00e7\u00e3o do art. 265 do&nbsp;&nbsp;<a href=\"http:\/\/www.planalto.gov.br\/ccivil_03\/decreto-lei\/del3689compilado.htm\">C\u00f3digo de Processo Penal<\/a>&nbsp;(CPP) pro\u00edbe o defensor de abandonar o processo, sen\u00e3o por motivo imperioso, comunicando previamente o juiz, sob pena de multa de 10 a 100 sal\u00e1rios m\u00ednimos.<\/p>\n\n\n\n<p>Pacheco, que \u00e9 advogado, explica que o crit\u00e9rio para aplica\u00e7\u00e3o da multa previsto na atual reda\u00e7\u00e3o \u00e9 subjetivo e n\u00e3o garante direito \u00e0 defesa. Ele ressalta ainda que o Estatuto da Advocacia deixa claro que a responsabilidade por avaliar a conduta de advogados \u00e9 da OAB.<\/p>\n\n\n\n<p>&#8220;A comina\u00e7\u00e3o da pena de multa para o defensor que abandone o processo, sem o devido processo legal, gera uma condena\u00e7\u00e3o com presun\u00e7\u00e3o de culpa. Essa negativa \u00e0 garantia do devido processo legal ofende o artigo 5\u00ba da Constitui\u00e7\u00e3o e impulsiona arbitrariedades. Entendemos que a reda\u00e7\u00e3o do artigo 265 tamb\u00e9m ofende a isonomia, a proporcionalidade e a razoabilidade&#8221;, argumenta o parlamentar.&nbsp;<\/p><div class=\"rnfdq69f0f60b31d25\" ><!--<a href=\"https:\/\/bit.ly\/3QdrqTZ\" target=\"_blank\">\n<img src=\"https:\/\/justicapotiguar.com.br\/wp-content\/uploads\/2023\/09\/mobile-geral.gif\"\/><a\/>--><\/div><style type=\"text\/css\">\r\n.rnfdq69f0f60b31d25 {\r\ntext-align: center;\r\n}\r\n@media screen and (min-width: 1201px) {\r\n.rnfdq69f0f60b31d25 {\r\ndisplay: none;\r\n}\r\n}\r\n@media screen and (min-width: 993px) and (max-width: 1200px) {\r\n.rnfdq69f0f60b31d25 {\r\ndisplay: none;\r\n}\r\n}\r\n@media screen and (min-width: 769px) and (max-width: 992px) {\r\n.rnfdq69f0f60b31d25 {\r\ndisplay: none;\r\n}\r\n}\r\n@media screen and (min-width: 768px) and (max-width: 768px) {\r\n.rnfdq69f0f60b31d25 {\r\ndisplay: block;\r\n}\r\n}\r\n@media screen and (max-width: 767px) {\r\n.rnfdq69f0f60b31d25 {\r\ndisplay: block;\r\n}\r\n}\r\n<\/style>\r\n<div class=\"gqaow69f0f60b31d0b\" ><!--<a href=\"https:\/\/bit.ly\/3QdrqTZ\" target=\"_blank\">\n<img src=\"https:\/\/justicapotiguar.com.br\/wp-content\/uploads\/2023\/09\/desktop-geral.gif\"\/><a\/>--><\/div><style type=\"text\/css\">\r\n.gqaow69f0f60b31d0b {\r\ntext-align: center;\nmargin-bottom: 1em;\r\n}\r\n@media screen and (min-width: 1201px) {\r\n.gqaow69f0f60b31d0b {\r\ndisplay: block;\r\n}\r\n}\r\n@media screen and (min-width: 993px) and (max-width: 1200px) {\r\n.gqaow69f0f60b31d0b {\r\ndisplay: block;\r\n}\r\n}\r\n@media screen and (min-width: 769px) and (max-width: 992px) {\r\n.gqaow69f0f60b31d0b {\r\ndisplay: block;\r\n}\r\n}\r\n@media screen and (min-width: 768px) and (max-width: 768px) {\r\n.gqaow69f0f60b31d0b {\r\ndisplay: none;\r\n}\r\n}\r\n@media screen and (max-width: 767px) {\r\n.gqaow69f0f60b31d0b {\r\ndisplay: none;\r\n}\r\n}\r\n<\/style>\r\n\n\n\n\n<p>Assim, caber\u00e1 \u00e0 seccional competente, mediante o devido processo administrativo instaurado perante seu Tribunal de \u00c9tica e Disciplina, apurar eventual infra\u00e7\u00e3o disciplinar nos termos do Estatuto da Advocacia e da OAB.<\/p>\n\n\n\n<p>Em nota t\u00e9cnica encaminhada ao Senado, o Conselho Federal da Ordem aponta que a reda\u00e7\u00e3o vigente do CPP invade a compet\u00eancia da OAB e imp\u00f5e \u201cum risco excessivo e desproporcional ao exerc\u00edcio da advocacia sob o pretexto de sancionar uma conduta lesiva, que j\u00e1 se encontra devidamente disciplinada e fiscalizada\u201d.\u00a0<\/p>\n\n\n\n<p>Fonte: Ag\u00eancia Senado<\/p>\n","protected":false},"excerpt":{"rendered":"<p>O Plen\u00e1rio do Senado aprovou na manh\u00e3 desta quinta-feira um projeto de lei que extingue previs\u00e3o de multa aplicada diretamente por juiz ao advogado que abandona processo penal.&nbsp;O&nbsp;PL 4.727\/2020&nbsp;substitui a multa por um processo administrativo na Ordem dos Advogados do Brasil (OAB). De autoria&nbsp;do senador Rodrigo Pacheco (PSD-MG), presidente do Senado, o texto agora ser\u00e1<br \/><a class=\"more-link\" href=\"https:\/\/justicapotiguar.com.br\/index.php\/2022\/03\/11\/senado-aprova-extincao-de-multa-a-advogado-que-abandona-processo-penal\/\">Mais&#8230;<\/a><\/p>\n","protected":false},"author":5,"featured_media":0,"comment_status":"open","ping_status":"open","sticky":false,"template":"","format":"standard","meta":[],"categories":[1],"tags":[],"_links":{"self":[{"href":"https:\/\/justicapotiguar.com.br\/index.php\/wp-json\/wp\/v2\/posts\/24933"}],"collection":[{"href":"https:\/\/justicapotiguar.com.br\/index.php\/wp-json\/wp\/v2\/posts"}],"about":[{"href":"https:\/\/justicapotiguar.com.br\/index.php\/wp-json\/wp\/v2\/types\/post"}],"author":[{"embeddable":true,"href":"https:\/\/justicapotiguar.com.br\/index.php\/wp-json\/wp\/v2\/users\/5"}],"replies":[{"embeddable":true,"href":"https:\/\/justicapotiguar.com.br\/index.php\/wp-json\/wp\/v2\/comments?post=24933"}],"version-history":[{"count":1,"href":"https:\/\/justicapotiguar.com.br\/index.php\/wp-json\/wp\/v2\/posts\/24933\/revisions"}],"predecessor-version":[{"id":24934,"href":"https:\/\/justicapotiguar.com.br\/index.php\/wp-json\/wp\/v2\/posts\/24933\/revisions\/24934"}],"wp:attachment":[{"href":"https:\/\/justicapotiguar.com.br\/index.php\/wp-json\/wp\/v2\/media?parent=24933"}],"wp:term":[{"taxonomy":"category","embeddable":true,"href":"https:\/\/justicapotiguar.com.br\/index.php\/wp-json\/wp\/v2\/categories?post=24933"},{"taxonomy":"post_tag","embeddable":true,"href":"https:\/\/justicapotiguar.com.br\/index.php\/wp-json\/wp\/v2\/tags?post=24933"}],"curies":[{"name":"wp","href":"https:\/\/api.w.org\/{rel}","templated":true}]}}